{"id":2,"name":"Parafia Niepokalan\u00f3w","url":"","description":"Parafia pw. Niepokalanego Pocz\u0119cia Naj\u015bwi\u0119tszej Maryi Panny w Niepokalanowie. Erygowana 27 czerwca 1950 r. na mocy dekretu kard. Stefana Wyszy\u0144skiego. Funkcj\u0119 proboszcza sprawuje obecnie o. Andrzej S\u0105siadek, natomiast liczba parafian \u2013 wed\u0142ug stanu na 2022 r. \u2013 wynosi ok. 7,5 tys. wiernych.","link":"https:\/\/parafia.niepokalanow.pl\/?author=2","slug":"parafia-niepokalanow","avatar_urls":{"24":"https:\/\/secure.gravatar.com\/avatar\/b9305372875e7504a2d27f4b26eca8eb5ab31d8f77869edc10310bd1e2d7cfe9?s=24&d=mm&r=g","48":"https:\/\/secure.gravatar.com\/avatar\/b9305372875e7504a2d27f4b26eca8eb5ab31d8f77869edc10310bd1e2d7cfe9?s=48&d=mm&r=g","96":"https:\/\/secure.gravatar.com\/avatar\/b9305372875e7504a2d27f4b26eca8eb5ab31d8f77869edc10310bd1e2d7cfe9?s=96&d=mm&r=g"},"meta":[],"_links":{"self":[{"href":"https:\/\/parafia.niepokalanow.pl\/index.php?rest_route=\/wp\/v2\/users\/2","targetHints":{"allow":["GET"]}}],"collection":[{"href":"https:\/\/parafia.niepokalanow.pl\/index.php?rest_route=\/wp\/v2\/users"}]}}