{"id":8987,"date":"2018-01-20T23:19:54","date_gmt":"2018-01-20T22:19:54","guid":{"rendered":"http:\/\/parafia.niepokalanow.pl\/?p=8987"},"modified":"2018-01-20T23:19:54","modified_gmt":"2018-01-20T22:19:54","slug":"iii-niedziela-w-ciagu-roku-2","status":"publish","type":"post","link":"https:\/\/parafia.niepokalanow.pl\/?p=8987","title":{"rendered":"III Niedziela w ci\u0105gu roku"},"content":{"rendered":"<ol>\n<li>W tym tygodniu w liturgii Ko\u015bcio\u0142a b\u0119dziemy obchodzi\u0107:<\/li>\n<\/ol>\n<ul>\n<li>24 stycznia w \u015brod\u0119: Wspomnienie \u015bw. Franciszka Salezego, biskupa i doktora Ko\u015bcio\u0142a;<\/li>\n<li>25 stycznia w czwartek: \u015awi\u0119to Nawr\u00f3cenia \u015bw. Paw\u0142a, Aposto\u0142a;<\/li>\n<li>26 stycznia w pi\u0105tek: Wspomnienie \u015bwi\u0119tych biskup\u00f3w Tymoteusza i Tytusa;<\/li>\n<\/ul>\n<p><!--more--><\/p>\n<ol start=\"2\">\n<li>Dzi\u015b po Mszach \u015bw. b\u0119dzie mo\u017cna otrzyma\u0107 ulotk\u0119 z informacjami o mo\u017cliwo\u015bci przekazania 1% z rozliczenia podatkowego na Parafialny Zesp\u00f3\u0142 Caritas w Niepokalanowie. Ju\u017c teraz za wsparcie tej inicjatywy z serca dzi\u0119kujemy<em>.<\/em><\/li>\n<li>28 stycznia w sobot\u0119 o 9.00<strong>, <\/strong>w kaplicy \u015bw. Maksymiliana, na Mszy \u015bw. gromadzi si\u0119 Ko\u0142o Radia Maryja.<\/li>\n<li>W dniach 27 i 28 stycznia, w sobot\u0119 i niedziel\u0119, w Sali \u015bw. Bonawentury odbywa\u0107 si\u0119 b\u0119dzie XVIII Og\u00f3lnopolski Festiwal Kol\u0119d i Pastora\u0142ek \u201eNasze Wieczne Kol\u0119dowanie\u201d, organizowany przez Teresi\u0144ski O\u015brodek Kultury. W sobot\u0119 od godz. 11.00 do 18.00 zaplanowane s\u0105 przes\u0142uchania konkursowe. W niedziel\u0119, od godz. 7.00 do 13.00 w bazylice w czasie Mszy \u015bw. b\u0119d\u0105 \u015bpiewa\u0107 uczestnicy Festiwalu. O godz. 14.30 Wielki Fina\u0142: werdykt jury, wr\u0119czenie nagr\u00f3d i koncert laureat\u00f3w. Zapraszamy w imieniu organizator\u00f3w. Wst\u0119p wolny.<\/li>\n<li>W przysz\u0142\u0105 niedziel\u0119 podczas Mszy \u015bw. o godz. 18.00 i na nabo\u017ce\u0144stwie po Mszy \u015bw. modli\u0107 si\u0119 b\u0119dziemy o \u0142ask\u0119 uzdrowienia duszy i cia\u0142a. Zapraszamy na wsp\u00f3ln\u0105 modlitw\u0119.<\/li>\n<li>W tym tygodniu z naszej wsp\u00f3lnoty parafialnej odeszli do wieczno\u015bci: \u015bp. Barbara Koz\u0142owska, z Ludwikowa l. 67, \u015bp. Anna Osiak z Granic l. 23, \u015bp. W\u0142adys\u0142aw Dewerenda z Teresina l. 93, Salomea Dr\u0105gowska z Nowej Pasecznicy l. 88. <em>Wieczny odpoczynek racz im da\u0107 Panie\u2026<\/em><\/li>\n<\/ol>\n","protected":false},"excerpt":{"rendered":"<p>W tym tygodniu w liturgii Ko\u015bcio\u0142a b\u0119dziemy obchodzi\u0107: 24 stycznia w \u015brod\u0119: Wspomnienie \u015bw. Franciszka Salezego, biskupa i doktora Ko\u015bcio\u0142a; 25 stycznia w czwartek: \u015awi\u0119to Nawr\u00f3cenia \u015bw. Paw\u0142a, Aposto\u0142a; 26 [&hellip;]<\/p>\n","protected":false},"author":1,"featured_media":8988,"comment_status":"closed","ping_status":"open","sticky":false,"template":"","format":"standard","meta":{"footnotes":""},"categories":[1],"tags":[],"class_list":["post-8987","post","type-post","status-publish","format-standard","has-post-thumbnail","hentry","category-bez-kategorii"],"_links":{"self":[{"href":"https:\/\/parafia.niepokalanow.pl\/index.php?rest_route=\/wp\/v2\/posts\/8987","targetHints":{"allow":["GET"]}}],"collection":[{"href":"https:\/\/parafia.niepokalanow.pl\/index.php?rest_route=\/wp\/v2\/posts"}],"about":[{"href":"https:\/\/parafia.niepokalanow.pl\/index.php?rest_route=\/wp\/v2\/types\/post"}],"author":[{"embeddable":true,"href":"https:\/\/parafia.niepokalanow.pl\/index.php?rest_route=\/wp\/v2\/users\/1"}],"replies":[{"embeddable":true,"href":"https:\/\/parafia.niepokalanow.pl\/index.php?rest_route=%2Fwp%2Fv2%2Fcomments&post=8987"}],"version-history":[{"count":0,"href":"https:\/\/parafia.niepokalanow.pl\/index.php?rest_route=\/wp\/v2\/posts\/8987\/revisions"}],"wp:featuredmedia":[{"embeddable":true,"href":"https:\/\/parafia.niepokalanow.pl\/index.php?rest_route=\/wp\/v2\/media\/8988"}],"wp:attachment":[{"href":"https:\/\/parafia.niepokalanow.pl\/index.php?rest_route=%2Fwp%2Fv2%2Fmedia&parent=8987"}],"wp:term":[{"taxonomy":"category","embeddable":true,"href":"https:\/\/parafia.niepokalanow.pl\/index.php?rest_route=%2Fwp%2Fv2%2Fcategories&post=8987"},{"taxonomy":"post_tag","embeddable":true,"href":"https:\/\/parafia.niepokalanow.pl\/index.php?rest_route=%2Fwp%2Fv2%2Ftags&post=8987"}],"curies":[{"name":"wp","href":"https:\/\/api.w.org\/{rel}","templated":true}]}}