{"id":8976,"date":"2018-01-13T17:45:52","date_gmt":"2018-01-13T16:45:52","guid":{"rendered":"http:\/\/parafia.niepokalanow.pl\/?p=8976"},"modified":"2018-01-13T17:46:13","modified_gmt":"2018-01-13T16:46:13","slug":"ii-niedziela-w-ciagu-roku-14-01-2018","status":"publish","type":"post","link":"https:\/\/parafia.niepokalanow.pl\/?p=8976","title":{"rendered":"II Niedziela w ci\u0105gu roku &#8211; 14.01.2018"},"content":{"rendered":"<ol>\n<li>W tym tygodniu w liturgii Ko\u015bcio\u0142a b\u0119dziemy obchodzi\u0107:<\/li>\n<\/ol>\n<ul>\n<li>16 stycznia we wtorek: Wspomnienie \u015bw. Bernarda i Towarzyszy, pierwszych m\u0119czennik\u00f3w franciszka\u0144skich;<\/li>\n<li>17 stycznia w \u015brod\u0119: Wspomnienie \u015bw. Antoniego, opata;<\/li>\n<li>19 stycznia w pi\u0105tek: Wspomnienie \u015bw. J\u00f3zefa Sebastiana Pelczara, biskupa;<\/li>\n<\/ul>\n<p><!--more--><\/p>\n<ol start=\"2\">\n<li>Dzi\u015b obchodzimy 104. \u015awiatowy Dzie\u0144 Migranta i Uchod\u017acy. Zgodnie z wol\u0105 papie\u017ca Franciszka w tym roku dzie\u0144 ten b\u0119dzie po\u015bwi\u0119cony tematowi: \u201ePrzyjmowa\u0107, chroni\u0107, promowa\u0107 i integrowa\u0107 imigrant\u00f3w i uchod\u017ac\u00f3w\u201d.<\/li>\n<li>Po Mszach \u015bwi\u0119tych, bracia klerycy b\u0119d\u0105 rozprowadzaj\u0105 za dobrowoln\u0105 ofiar\u0119 czasopismo seminaryjne \u201eNasze \u017bycie\u201d.<\/li>\n<li>W \u015brod\u0119 rozpoczyna si\u0119 trwaj\u0105cy do 25 stycznia <a href=\"http:\/\/brewiarz.pl\/czytelnia\/ekumenizm.php3\">Tydzie\u0144 Modlitw o Jedno\u015b\u0107 Chrze\u015bcijan pod has\u0142em: \u201ePrawica Twoja ws\u0142awi\u0142a si\u0119 moc\u0105\u201d. <\/a><\/li>\n<li>Organizujemy pielgrzymk\u0119 do Ziemi \u015bw. i Jordanii w dniach 01\u201310 czerwca 2018 r. Koszt to 4200 z\u0142 i 160 USD. Zapisy w kancelarii parafialnej do ko\u0144ca stycznia.<\/li>\n<li>Ojcowie Franciszkanie zapraszaj\u0105 m\u0142odzie\u017c m\u0119sk\u0105 i student\u00f3w na <strong>Powo\u0142aniowe Dni Skupienia<\/strong> do Niepokalanowa Lasku. Dni skupienia, rozpoczn\u0105 si\u0119<br \/>\nw najbli\u017cszy pi\u0105tek o godz. 18:00 i potrwaj\u0105 do Niedzieli do godz. 13:00. Wi\u0119cej informacji na stronie <a href=\"http:\/\/www.barka.franciszkanie.pl\">barka.franciszkanie.pl<\/a>.<\/li>\n<li>W tym tygodniu z naszej wsp\u00f3lnoty parafialnej odesz\u0142a do wieczno\u015bci: \u015bp. Stanis\u0142awa Pietruszewska l. 97 z Teresina.<em> Wieczny odpoczynek racz jej da\u0107 Panie\u2026<\/em><\/li>\n<\/ol>\n","protected":false},"excerpt":{"rendered":"<p>W tym tygodniu w liturgii Ko\u015bcio\u0142a b\u0119dziemy obchodzi\u0107: 16 stycznia we wtorek: Wspomnienie \u015bw. Bernarda i Towarzyszy, pierwszych m\u0119czennik\u00f3w franciszka\u0144skich; 17 stycznia w \u015brod\u0119: Wspomnienie \u015bw. Antoniego, opata; 19 stycznia [&hellip;]<\/p>\n","protected":false},"author":1,"featured_media":8978,"comment_status":"closed","ping_status":"open","sticky":false,"template":"","format":"standard","meta":{"footnotes":""},"categories":[1],"tags":[],"class_list":["post-8976","post","type-post","status-publish","format-standard","has-post-thumbnail","hentry","category-bez-kategorii"],"_links":{"self":[{"href":"https:\/\/parafia.niepokalanow.pl\/index.php?rest_route=\/wp\/v2\/posts\/8976","targetHints":{"allow":["GET"]}}],"collection":[{"href":"https:\/\/parafia.niepokalanow.pl\/index.php?rest_route=\/wp\/v2\/posts"}],"about":[{"href":"https:\/\/parafia.niepokalanow.pl\/index.php?rest_route=\/wp\/v2\/types\/post"}],"author":[{"embeddable":true,"href":"https:\/\/parafia.niepokalanow.pl\/index.php?rest_route=\/wp\/v2\/users\/1"}],"replies":[{"embeddable":true,"href":"https:\/\/parafia.niepokalanow.pl\/index.php?rest_route=%2Fwp%2Fv2%2Fcomments&post=8976"}],"version-history":[{"count":0,"href":"https:\/\/parafia.niepokalanow.pl\/index.php?rest_route=\/wp\/v2\/posts\/8976\/revisions"}],"wp:featuredmedia":[{"embeddable":true,"href":"https:\/\/parafia.niepokalanow.pl\/index.php?rest_route=\/wp\/v2\/media\/8978"}],"wp:attachment":[{"href":"https:\/\/parafia.niepokalanow.pl\/index.php?rest_route=%2Fwp%2Fv2%2Fmedia&parent=8976"}],"wp:term":[{"taxonomy":"category","embeddable":true,"href":"https:\/\/parafia.niepokalanow.pl\/index.php?rest_route=%2Fwp%2Fv2%2Fcategories&post=8976"},{"taxonomy":"post_tag","embeddable":true,"href":"https:\/\/parafia.niepokalanow.pl\/index.php?rest_route=%2Fwp%2Fv2%2Ftags&post=8976"}],"curies":[{"name":"wp","href":"https:\/\/api.w.org\/{rel}","templated":true}]}}