{"id":8961,"date":"2018-01-06T19:39:11","date_gmt":"2018-01-06T18:39:11","guid":{"rendered":"http:\/\/parafia.niepokalanow.pl\/?p=8961"},"modified":"2018-01-06T19:39:11","modified_gmt":"2018-01-06T18:39:11","slug":"niedziela-chrztu-panskiego-7-01-2018","status":"publish","type":"post","link":"https:\/\/parafia.niepokalanow.pl\/?p=8961","title":{"rendered":"Niedziela Chrztu Pa\u0144skiego &#8211; 7.01.2018"},"content":{"rendered":"<ol>\n<li>Jutro, 8 stycznia, wspominamy 124. rocznic\u0119 urodzin i chrztu \u015bwi\u0119tego, za\u0142o\u017cyciela Niepokalanowa, Rycerstwa Niepokalanej, misjonarza Japonii i wielkiego czciciela Matki Bo\u017cej Niepokalanej, \u015bw. o. Maksymiliana Marii Kolbego.<\/li>\n<\/ol>\n<p><!--more--><\/p>\n<ol start=\"2\">\n<li>Dzisiejsz\u0105 niedziel\u0105 Chrztu Pa\u0144skiego ko\u0144czymy liturgiczny okres Narodzenia Pa\u0144skiego. Wed\u0142ug zwyczaju w Polsce, kol\u0119dy \u015bpiewamy do \u015awi\u0119ta Ofiarowania Pa\u0144skiego czyli Matki Bo\u017cej Gromnicznej obchodzonego 2 lutego .<\/li>\n<li>W sobot\u0119 odb\u0119dzie si\u0119 Nocna pielgrzymka z Miedniewic do Niepokalanowa oraz nocne czuwanie w kaplicy \u015bw. Maksymiliana. Msza \u015bwi\u0119ta poranna w niedziel\u0119 b\u0119dzie sprawowana w bazylice o godz. 5.45.<\/li>\n<li>W przysz\u0142\u0105 niedziel\u0119 14 stycznia po Mszach \u015bwi\u0119tych, bracia klerycy b\u0119d\u0105 rozprowadza\u0107 za dobrowoln\u0105 ofiar\u0119 czasopismo seminaryjne \u201eNasze \u017bycie\u201d.<\/li>\n<li>Zach\u0119camy do nabycia nowego numeru &#8222;Rycerza Niepokalanej&#8221;. Pierwsze wydanie nowego roku rozpoczyna seri\u0119 po\u015bwi\u0119con\u0105 odzyskaniu przez Polsk\u0119 Niepodleg\u0142o\u015bci 100 lat temu. W obecnym wydaniu o Polsce i patriotyzmie pisz\u0105: Wincenty \u0141aszewski, ks. Jacek Stefa\u0144ski, aktorka Katarzyna \u0141aniewska oraz ambasador Polski przy Stolicy Apostolskiej Janusz Kota\u0144ski. Mo\u017cemy tak\u017ce przeczyta\u0107 artyku\u0142 o idei \u201e12 Gwiazd w koronie Maryi\u201d \u2013 kaplic pokoju, w kt\u00f3r\u0105 wpisana zostanie powstaj\u0105ca w naszej bazylice kaplica adoracji Naj\u015bwi\u0119tszego Sakramentu. \u017byczymy owocnej lektury.<\/li>\n<li>Serdecznie zapraszamy dzieci ze szk\u00f3\u0142 podstawowych oraz m\u0142odzie\u017c gimnazjaln\u0105 na rekolekcje zimowe w Niepokalanowie Lasku, kt\u00f3re odb\u0119d\u0105 si\u0119 w dniach 22-27 stycznia. W programie: modlitwa, zabawa, poznawanie osoby i charyzmatu<br \/>\n\u015bw. Maksymiliana Kolbego, wycieczki, a tak\u017ce spotkania z ciekawymi lud\u017ami. Koszt pi\u0119ciu dni pobytu z noclegiem i wy\u017cywieniem to 270 z\u0142. Szczeg\u00f3\u0142y na plakatach<br \/>\nw gablocie oraz na stronie <a href=\"http:\/\/www.lasek.niepokalanow.pl\">lasek.niepokalanow.pl<\/a>.<\/li>\n<li>Zapraszamy r\u00f3wnie\u017c na Franciszka\u0144skie Dni Skupienia do Niepokalanowa Lasku, kt\u00f3re rozpoczn\u0105 si\u0119 w najbli\u017cszy pi\u0105tek o godz. 18:00 i potrwaj\u0105 do niedzieli do godz. 13:00. Zapraszamy szczeg\u00f3lnie m\u0142odzie\u017c i student\u00f3w jak te\u017c osoby szukaj\u0105ce wyciszenia i skupienia. Wi\u0119cej informacji na stronie: <a href=\"http:\/\/www.dniskupienia.info.pl\">dniskupienia.info.pl<\/a>.<\/li>\n<\/ol>\n","protected":false},"excerpt":{"rendered":"<p>Jutro, 8 stycznia, wspominamy 124. rocznic\u0119 urodzin i chrztu \u015bwi\u0119tego, za\u0142o\u017cyciela Niepokalanowa, Rycerstwa Niepokalanej, misjonarza Japonii i wielkiego czciciela Matki Bo\u017cej Niepokalanej, \u015bw. o. Maksymiliana Marii Kolbego.<\/p>\n","protected":false},"author":1,"featured_media":5286,"comment_status":"closed","ping_status":"open","sticky":false,"template":"","format":"standard","meta":{"footnotes":""},"categories":[1],"tags":[],"class_list":["post-8961","post","type-post","status-publish","format-standard","has-post-thumbnail","hentry","category-bez-kategorii"],"_links":{"self":[{"href":"https:\/\/parafia.niepokalanow.pl\/index.php?rest_route=\/wp\/v2\/posts\/8961","targetHints":{"allow":["GET"]}}],"collection":[{"href":"https:\/\/parafia.niepokalanow.pl\/index.php?rest_route=\/wp\/v2\/posts"}],"about":[{"href":"https:\/\/parafia.niepokalanow.pl\/index.php?rest_route=\/wp\/v2\/types\/post"}],"author":[{"embeddable":true,"href":"https:\/\/parafia.niepokalanow.pl\/index.php?rest_route=\/wp\/v2\/users\/1"}],"replies":[{"embeddable":true,"href":"https:\/\/parafia.niepokalanow.pl\/index.php?rest_route=%2Fwp%2Fv2%2Fcomments&post=8961"}],"version-history":[{"count":0,"href":"https:\/\/parafia.niepokalanow.pl\/index.php?rest_route=\/wp\/v2\/posts\/8961\/revisions"}],"wp:featuredmedia":[{"embeddable":true,"href":"https:\/\/parafia.niepokalanow.pl\/index.php?rest_route=\/wp\/v2\/media\/5286"}],"wp:attachment":[{"href":"https:\/\/parafia.niepokalanow.pl\/index.php?rest_route=%2Fwp%2Fv2%2Fmedia&parent=8961"}],"wp:term":[{"taxonomy":"category","embeddable":true,"href":"https:\/\/parafia.niepokalanow.pl\/index.php?rest_route=%2Fwp%2Fv2%2Fcategories&post=8961"},{"taxonomy":"post_tag","embeddable":true,"href":"https:\/\/parafia.niepokalanow.pl\/index.php?rest_route=%2Fwp%2Fv2%2Ftags&post=8961"}],"curies":[{"name":"wp","href":"https:\/\/api.w.org\/{rel}","templated":true}]}}