{"id":8917,"date":"2017-12-23T22:21:06","date_gmt":"2017-12-23T21:21:06","guid":{"rendered":"http:\/\/parafia.niepokalanow.pl\/?p=8917"},"modified":"2017-12-23T22:22:15","modified_gmt":"2017-12-23T21:22:15","slug":"8917","status":"publish","type":"post","link":"https:\/\/parafia.niepokalanow.pl\/?p=8917","title":{"rendered":"IV Niedziela Adwentu &#8211; 24.12.2017"},"content":{"rendered":"<ol>\n<li>W tym tygodniu w liturgii Ko\u015bcio\u0142a b\u0119dziemy obchodzi\u0107:<\/li>\n<\/ol>\n<ul>\n<li>w poniedzia\u0142ek, 25 grudnia: uroczysto\u015b\u0107 Narodzenia Pa\u0144skiego; nie b\u0119dzie Mszy \u015bwi\u0119tej o g. 6.00; pozosta\u0142e Msze \u015bwi\u0119te wed\u0142ug porz\u0105dku niedzielnego<\/li>\n<li>we wtorek, 26 grudnia: \u015bwi\u0119to \u015bw. Szczepana, pierwszego m\u0119czennika; Msze \u015bwi\u0119te w porz\u0105dku niedzielnym; tradycj\u0105 lat ubieg\u0142ych w tym dniu wspomagamy modlitw\u0105 i ofiarami z\u0142o\u017conymi na tac\u0119 katolickie uczelnie w\u00a0naszej Ojczy\u017anie<\/li>\n<li>w \u015brod\u0119, 27 grudnia: \u015bwi\u0119to \u015bw. Jana Aposto\u0142a i Ewangelisty<\/li>\n<li>w czwartek, 28 grudnia: \u015bwi\u0119to \u015bwi\u0119tych M\u0142odziank\u00f3w, m\u0119czennik\u00f3w<\/li>\n<\/ul>\n<ol start=\"2\">\n<li>Dzi\u015b prze\u017cywamy Wigili\u0119 \u015awi\u0105t Bo\u017cego Narodzenia. Ostatnia Msza \u015bwi\u0119ta w Bazylice zostanie odprawiona o godz. 16.00. Nie b\u0119dzie Mszy \u015bw. o godz. 18.00. Zach\u0119camy do\u00a0zachowania tradycyjnego postu. Prze\u017cyjmy ten dzie\u0144 w duchu wiary i chrze\u015bcija\u0144skiego oczekiwania na przyj\u015bcie Boga na \u015bwiat. Wieczerza wigilijna w naszych domach niech b\u0119dzie przepe\u0142niona wiar\u0105 i\u00a0mi\u0142o\u015bci\u0105 do Boga oraz przebaczeniem i \u017cyczli\u00adwo\u015bci\u0105 dla siebie nawzajem. Czas oczekiwania na Pasterk\u0119 niech up\u0142ynie przy \u015bpiewie lub s\u0142uchaniu kol\u0119d. Pasterka o godz. 24.00. Wprowadzeniem do niej b\u0119dzie modlitwa bre\u00adwiarzowa, kt\u00f3ra rozpocznie si\u0119 o godz. 23.30. Po Pasterce zapraszamy do wsp\u00f3lnego kol\u0119dowania przy \u017bywej Szopce ko\u0142o Domu Parafialnego. \u201e\u017byw\u0105 szopk\u0119\u201d ze zwierz\u0119tami, b\u0119dzie mo\u017cna ogl\u0105da\u0107 do niedzieli 31 grudnia w\u0142\u0105cznie, za\u015b szopka tradycyjnie b\u0119dzie do 2 lutego. Serdecznie zapraszamy.<\/li>\n<\/ol>\n<p><!--more--><\/p>\n<ol start=\"3\">\n<li>W ostatni\u0105 niedziel\u0119 Adwentu kierujemy s\u0142owa podzi\u0119\u00adkowania do wszystkich, kt\u00f3rzy podali pomocn\u0105 d\u0142o\u0144 potrzebuj\u0105cym poprzez z\u0142o\u017cenie ofiary do puszek lub dar\u00f3w do kosza oraz pomagali przy budowie \u201e\u017cywej szopki\u201d. Dzi\u0119kujemy bardzo r\u00f3wnie\u017c naszym braciom zakrystianom za przygotowanie szopki i wystroju Bazyliki. Wszystkim m\u00f3wimy z serca p\u0142yn\u0105ce: B\u00f3g zap\u0142a\u0107. Informujemy, \u017ce za wszystkich dobrodziej\u00f3w modli\u0107 si\u0119 b\u0119dziemy podczas Mszy \u015bw. o p\u00f3\u0142nocy, czyli Pasterki.<\/li>\n<li>Za tydzie\u0144 przypada Niedziela \u015awi\u0119tej Rodziny. Msz\u0105 \u015bwi\u0119t\u0105 o godz. 18.00 zako\u0144czymy Rok Pa\u0144ski 2017. Po Mszy \u015bwi\u0119tej zostanie odprawione nabo\u017ce\u0144stwo dzi\u0119kczynno-b\u0142agalne. Z tej racji nie b\u0119dzie Mszy \u015bw. o \u0142ask\u0119 uzdro\u00adwienia duszy i cia\u0142a.<\/li>\n<li>Program wizyty duszpasterskiej zwanej kol\u0119d\u0105 jest umieszczony na stoliku pod ch\u00f3rem, w gablocie oraz na stronie internetowej naszej parafii.<\/li>\n<li>W tym tygodniu z naszej wsp\u00f3lnoty parafialnej odeszli do wieczno\u015bci: \u015bp. Ma\u0142gorzata Tomaszewska l. 59 z Paprotni, \u015bp. Ireneusz Sitarski l. 64 z Serok Parceli.<em> Wieczny odpoczynek racz im da\u0107 Panie\u2026<\/em><\/li>\n<\/ol>\n","protected":false},"excerpt":{"rendered":"<p>W tym tygodniu w liturgii Ko\u015bcio\u0142a b\u0119dziemy obchodzi\u0107: w poniedzia\u0142ek, 25 grudnia: uroczysto\u015b\u0107 Narodzenia Pa\u0144skiego; nie b\u0119dzie Mszy \u015bwi\u0119tej o g. 6.00; pozosta\u0142e Msze \u015bwi\u0119te wed\u0142ug porz\u0105dku niedzielnego we wtorek, [&hellip;]<\/p>\n","protected":false},"author":1,"featured_media":8918,"comment_status":"closed","ping_status":"open","sticky":false,"template":"","format":"standard","meta":{"footnotes":""},"categories":[1],"tags":[],"class_list":["post-8917","post","type-post","status-publish","format-standard","has-post-thumbnail","hentry","category-bez-kategorii"],"_links":{"self":[{"href":"https:\/\/parafia.niepokalanow.pl\/index.php?rest_route=\/wp\/v2\/posts\/8917","targetHints":{"allow":["GET"]}}],"collection":[{"href":"https:\/\/parafia.niepokalanow.pl\/index.php?rest_route=\/wp\/v2\/posts"}],"about":[{"href":"https:\/\/parafia.niepokalanow.pl\/index.php?rest_route=\/wp\/v2\/types\/post"}],"author":[{"embeddable":true,"href":"https:\/\/parafia.niepokalanow.pl\/index.php?rest_route=\/wp\/v2\/users\/1"}],"replies":[{"embeddable":true,"href":"https:\/\/parafia.niepokalanow.pl\/index.php?rest_route=%2Fwp%2Fv2%2Fcomments&post=8917"}],"version-history":[{"count":0,"href":"https:\/\/parafia.niepokalanow.pl\/index.php?rest_route=\/wp\/v2\/posts\/8917\/revisions"}],"wp:featuredmedia":[{"embeddable":true,"href":"https:\/\/parafia.niepokalanow.pl\/index.php?rest_route=\/wp\/v2\/media\/8918"}],"wp:attachment":[{"href":"https:\/\/parafia.niepokalanow.pl\/index.php?rest_route=%2Fwp%2Fv2%2Fmedia&parent=8917"}],"wp:term":[{"taxonomy":"category","embeddable":true,"href":"https:\/\/parafia.niepokalanow.pl\/index.php?rest_route=%2Fwp%2Fv2%2Fcategories&post=8917"},{"taxonomy":"post_tag","embeddable":true,"href":"https:\/\/parafia.niepokalanow.pl\/index.php?rest_route=%2Fwp%2Fv2%2Ftags&post=8917"}],"curies":[{"name":"wp","href":"https:\/\/api.w.org\/{rel}","templated":true}]}}