{"id":8767,"date":"2017-12-09T22:21:33","date_gmt":"2017-12-09T21:21:33","guid":{"rendered":"http:\/\/parafia.niepokalanow.pl\/?p=8767"},"modified":"2017-12-09T22:22:36","modified_gmt":"2017-12-09T21:22:36","slug":"ii-niedziela-adwentu-10-12-2017","status":"publish","type":"post","link":"https:\/\/parafia.niepokalanow.pl\/?p=8767","title":{"rendered":"II Niedziela Adwentu &#8211; 10.12.2017"},"content":{"rendered":"<ol>\n<li>W tym tygodniu w liturgii Ko\u015bcio\u0142a b\u0119dziemy obchodzi\u0107:<\/li>\n<\/ol>\n<ul>\n<li>13 grudnia w \u015brod\u0119: Wspomnienie \u015bw. \u0141ucji, dziewicy i m\u0119czennicy;<\/li>\n<li>14 grudnia w czwartek: Wspomnienie \u015bw. Jana od Krzy\u017ca, prezbitera i doktora Ko\u015bcio\u0142a;<\/li>\n<\/ul>\n<ol start=\"2\">\n<li>Dzi\u015b, w drug\u0105 niedziel\u0119 Adwentu, w Ko\u015bciele w Polsce i w plac\u00f3wkach polonijnych obchodzimy XVIII Dzie\u0144 Modlitwy i Pomocy Materialnej Ko\u015bcio\u0142owi na Wschodzie. Jego celem jest duchowe i materialne wsparcie Ko\u015bcio\u0142a katolickiego w krajach Europy Wschodniej, Rosji i Azji \u015arodkowej. Z tej racji dzi\u015b przed bazylik\u0105 mo\u017cna z\u0142o\u017cy\u0107 ofiary do puszek na ten cel.<\/li>\n<\/ol>\n<p><!--more--><\/p>\n<ol start=\"3\">\n<li>Przypominamy, \u017ce Msze \u015bw. o Matce Bo\u017cej, zwane roratami, odprawiamy w dni powszednie o godz. 7.00 rano.<\/li>\n<li>W przedsionku bazyliki mo\u017cna nabywa\u0107 \u015bwiece Caritas na st\u00f3\u0142 wigilijny. Uzyskane 2 z\u0142 od ka\u017cdej \u015bwiecy b\u0119d\u0105 przeznaczone na potrzeby naszego parafialnego Zespo\u0142u Caritas.<\/li>\n<li>Przez ca\u0142y okres Adwentu przy o\u0142tarzu \u015bw. Antoniego jest ustawiony kosz na produkty dla ubogich. Do oznakowanej puszki pod ch\u00f3rem mo\u017cna sk\u0142ada\u0107 ofiary na\u00a0\u201eU\u015bmiech pod choink\u0119\u201d na wigili\u0119 dla dzieci z ubogich rodzin naszej gminy. Ponadto do\u00a0skarbonki przy o\u0142tarzu \u015bw. Franciszka zbieramy ofiary na pokrycie koszt\u00f3w budowy i\u00a0utrzymanie \u201e\u017bywej szopki\u201d. Zapraszamy m\u0119\u017cczyzn do kontynuowania budowy naszej szopki.<\/li>\n<li>Zapraszamy na spotkanie modlitewne doros\u0142ych rycerzy Niepokalanej, kt\u00f3re odb\u0119dzie si\u0119 w sobot\u0119, 16 grudnia w kaplicy \u015bw. Maksymiliana o g. 19.30.<\/li>\n<li>W przysz\u0142\u0105 niedziel\u0119 rozpoczniemy rekolekcje adwentowe, kt\u00f3re potrwaj\u0105 do wtorku w\u0142\u0105cznie. Prowadzi\u0107 je b\u0119dzie o. Rafa\u0142 Ko\u0142odziejski.<\/li>\n<li>Za tydzie\u0144 od godz. 9.30 do 13.00 dzieci ze \u015bwietlicy parafialnej wraz z opiekunem rozprowadzaj\u0105 w\u0142asnor\u0119cznie wykonane ozdoby Bo\u017conarodzeniowe. Z\u0142o\u017cone na ten cel ofiary b\u0119d\u0105 przeznaczone na dalsze funkcjonowanie \u015bwietlicy.<\/li>\n<li>Stowarzyszenie IMPULS wraz z policjantami z Posterunku Policji w Teresinie serdecznie zapraszaj\u0105 na koncert z udzia\u0142em Orkiestry Reprezentacyjnej Komendy G\u0142\u00f3wnej Policji w zwi\u0105zku z prowadzon\u0105 na terenie naszej gminy akcj\u0105 charytatywn\u0105 Niebieska Gwiazdka. Koncert odb\u0119dzie si\u0119 w przysz\u0142\u0105 niedziel\u0119 17 grudnia po Mszy \u015bwi\u0119tej o godz. 10.00. w sali \u015bw. Bonawentury, wst\u0119p wolny. Osoby, kt\u00f3re chcia\u0142yby przy\u0142\u0105czy\u0107 si\u0119 do akcji mog\u0105 tego dnia przynie\u015b\u0107 ze sob\u0105 drobne podarunki, np. s\u0142odycze, zabawki, \u017cywno\u015b\u0107, artyku\u0142y szkolne. Serdecznie zapraszamy wszystkich darczy\u0144c\u00f3w, jak i mieszka\u0144c\u00f3w do mi\u0142ego pos\u0142uchania.<\/li>\n<li>Za tydzie\u0144 po Mszy \u015bw. o godz. 11.30 odb\u0119dzie si\u0119 spotkanie z rodzicami tych dzieci, kt\u00f3re w roku 2018 po raz pierwszy przyst\u0105pi\u0105 do spowiedzi i komunii \u015bw.<\/li>\n<li>W tym tygodniu z naszej wsp\u00f3lnoty parafialnej odszed\u0142 do wieczno\u015bci: \u015bp. Wac\u0142aw Doma\u0144ski, l.\u00a085 z Paprotni . <em>Wieczny odpoczynek racz mu da\u0107 Panie\u2026<\/em><\/li>\n<\/ol>\n","protected":false},"excerpt":{"rendered":"<p>W tym tygodniu w liturgii Ko\u015bcio\u0142a b\u0119dziemy obchodzi\u0107: 13 grudnia w \u015brod\u0119: Wspomnienie \u015bw. \u0141ucji, dziewicy i m\u0119czennicy; 14 grudnia w czwartek: Wspomnienie \u015bw. Jana od Krzy\u017ca, prezbitera i doktora [&hellip;]<\/p>\n","protected":false},"author":1,"featured_media":8770,"comment_status":"closed","ping_status":"open","sticky":false,"template":"","format":"standard","meta":{"footnotes":""},"categories":[1],"tags":[],"class_list":["post-8767","post","type-post","status-publish","format-standard","has-post-thumbnail","hentry","category-bez-kategorii"],"_links":{"self":[{"href":"https:\/\/parafia.niepokalanow.pl\/index.php?rest_route=\/wp\/v2\/posts\/8767","targetHints":{"allow":["GET"]}}],"collection":[{"href":"https:\/\/parafia.niepokalanow.pl\/index.php?rest_route=\/wp\/v2\/posts"}],"about":[{"href":"https:\/\/parafia.niepokalanow.pl\/index.php?rest_route=\/wp\/v2\/types\/post"}],"author":[{"embeddable":true,"href":"https:\/\/parafia.niepokalanow.pl\/index.php?rest_route=\/wp\/v2\/users\/1"}],"replies":[{"embeddable":true,"href":"https:\/\/parafia.niepokalanow.pl\/index.php?rest_route=%2Fwp%2Fv2%2Fcomments&post=8767"}],"version-history":[{"count":0,"href":"https:\/\/parafia.niepokalanow.pl\/index.php?rest_route=\/wp\/v2\/posts\/8767\/revisions"}],"wp:featuredmedia":[{"embeddable":true,"href":"https:\/\/parafia.niepokalanow.pl\/index.php?rest_route=\/wp\/v2\/media\/8770"}],"wp:attachment":[{"href":"https:\/\/parafia.niepokalanow.pl\/index.php?rest_route=%2Fwp%2Fv2%2Fmedia&parent=8767"}],"wp:term":[{"taxonomy":"category","embeddable":true,"href":"https:\/\/parafia.niepokalanow.pl\/index.php?rest_route=%2Fwp%2Fv2%2Fcategories&post=8767"},{"taxonomy":"post_tag","embeddable":true,"href":"https:\/\/parafia.niepokalanow.pl\/index.php?rest_route=%2Fwp%2Fv2%2Ftags&post=8767"}],"curies":[{"name":"wp","href":"https:\/\/api.w.org\/{rel}","templated":true}]}}