{"id":8723,"date":"2017-12-02T16:59:42","date_gmt":"2017-12-02T15:59:42","guid":{"rendered":"http:\/\/parafia.niepokalanow.pl\/?p=8723"},"modified":"2017-12-02T17:00:54","modified_gmt":"2017-12-02T16:00:54","slug":"i-niedziela-adwentu-3-12-2017","status":"publish","type":"post","link":"https:\/\/parafia.niepokalanow.pl\/?p=8723","title":{"rendered":"I Niedziela Adwentu &#8211; 3.12.2017"},"content":{"rendered":"<ol>\n<li>W tym tygodniu w liturgii Ko\u015bcio\u0142a b\u0119dziemy obchodzi\u0107:<\/li>\n<\/ol>\n<ul>\n<li>7 grudnia w czwartek: wspomnienie \u015bw. Ambro\u017cego, biskupa i doktora Ko\u015bcio\u0142a;<\/li>\n<li>8 grudnia w pi\u0105tek: Uroczysto\u015b\u0107 Niepokalanego Pocz\u0119cia NMP \u2013 odpust parafialny;<\/li>\n<\/ul>\n<p><!--more--><\/p>\n<ol start=\"2\">\n<li>Dzisiejsz\u0105 I niedziel\u0105 Adwentu rozpoczynamy nowy rok liturgiczny w Ko\u015bciele pod has\u0142em \u201eJeste\u015bmy nape\u0142nieni Duchem \u015awi\u0119tym\u201d Msze \u015bw. o Matce Bo\u017cej, zwane roratami, odprawiane b\u0119d\u0105 w dni powszednie o godz. 7.00 rano. Przychodzimy na t\u0119 Msz\u0119 \u015bwi\u0119t\u0105 z lampionami. Do udzia\u0142u w roratach zapraszamy wszystkich, a w spos\u00f3b szczeg\u00f3lny dzieci.<\/li>\n<li>W przedsionku bazyliki mo\u017cna nabywa\u0107 \u015bwiece Caritas na st\u00f3\u0142 wigilijny. Uzyskane 2 z\u0142 od ka\u017cdej \u015bwiecy b\u0119d\u0105 przeznaczone na potrzeby naszego parafialnego Zespo\u0142u Caritas.<\/li>\n<li>W tym tygodniu przypada I czwartek miesi\u0105ca, podczas Mszy \u015bw. o godz. 18.00 b\u0119dziemy modli\u0107 si\u0119 w intencji budowy kaplicy adoracji, darczy\u0144c\u00f3w i zaanga\u017cowanych w to dzie\u0142o, a tak\u017ce o nowe powo\u0142ania kap\u0142a\u0144skie i zakonne. Z racji nowenny nie b\u0119dzie nabo\u017ce\u0144stwa Godziny \u015awi\u0119tej.<\/li>\n<li>W pi\u0105tek 8 grudnia b\u0119dziemy prze\u017cywa\u0107 uroczysto\u015b\u0107 Niepokalanego Pocz\u0119cia NMP. Jest to patronalne \u015bwi\u0119to naszej parafii, klasztoru i Rycerstwa Niepokalanej. Msze \u015bwi\u0119te w\u00a0tym dniu b\u0119d\u0105 odprawiane w porz\u0105dku dnia powszedniego. Zapraszamy w po\u0142udnie do Bazyliki na Godzin\u0119 \u0141aski. Od godz. 12.00 do 13.00 odb\u0119dzie si\u0119 adoracja Naj\u015bwi\u0119tszego Sakramentu po\u0142\u0105czona z r\u00f3\u017ca\u0144cem i \u015bpiewem Godzinek. O godz. 18.00 uroczysta Msza \u015bw., kt\u00f3rej przewodniczy\u0107 b\u0119dzie Ojciec Prowincja\u0142 Wies\u0142aw Pyzio. 8 grudnia nie b\u0119dzie rorat o godz. 7.00. W tym dniu b\u0119dziemy go\u015bci\u0107 Teatr Rapsodyczny z Ostr\u00f3dy, m\u0142odych artyst\u00f3w, kt\u00f3rzy o 13.15 w Sali \u015bw. Bonawentury zaprezentuj\u0105 spektakl &#8222;Opowie\u015b\u0107 Gietrzwa\u0142dzka&#8221;. Jest to 75 minut historii o objawieniach Matki Bo\u017cej w Gietrzwa\u0142dzie, kt\u00f3re mia\u0142y miejsce 140 lat temu na Warmii. Scenariusz powsta\u0142 w oparciu o dokumenty i relacje \u00f3wczesnego proboszcza w Gietrzwa\u0142dzie.<\/li>\n<li>W sobot\u0119 odb\u0119dzie si\u0119 Nocna pielgrzymka z Miedniewic do Niepokalanowa oraz nocne czuwanie w bazylice. Msza \u015bwi\u0119ta poranna w niedziel\u0119 b\u0119dzie sprawowana o godz. 5.45.<\/li>\n<li>Przez ca\u0142y okres Adwentu przy o\u0142tarzu \u015bw. Antoniego jest ustawiony kosz na produkty spo\u017cywcze dla ubogich. Do oznakowanej puszki pod ch\u00f3rem mo\u017cna sk\u0142ada\u0107 ofiary na\u00a0\u201eU\u015bmiech pod choink\u0119\u201d na wigili\u0119 dla dzieci z ubogich rodzin naszej gminy. Ponadto do\u00a0skarbonki przy o\u0142tarzu \u015bw. Franciszka zbieramy ofiary na pokrycie koszt\u00f3w budowy i\u00a0utrzymanie \u201e\u017bywej szopki\u201d. W sobot\u0119 na godz. 9.00 zapraszamy m\u0119\u017cczyzn do kontynuowania budowy szopki przy domu parafialnym.<\/li>\n<li>Zach\u0119camy do nabycia nowego numeru &#8222;Rycerza Niepokalanej&#8221;. W tym wydaniu pochylamy si\u0119 nad tematyk\u0105 \u017cycia i jego zagro\u017ce\u0144. Polecamy m.in.: wywiad z prof. Chazanem, a tak\u017ce artyku\u0142 &#8222;Przypadkowe macierzy\u0144stwo&#8221;, w kt\u00f3rym s. Anna Maria Pude\u0142ko opisuje sytuacj\u0119 kobiet borykaj\u0105cych si\u0119 z decyzj\u0105 o aborcji, tekst ten ukazuje w jaki spos\u00f3b i gdzie odnajd\u0105 one skuteczn\u0105 pomoc i wsparcie. Ponadto warto przeczyta\u0107 tekst: &#8222;A gdzie miejsce dla Jezusa?&#8221; zw\u0142aszcza w czasie przygotowania do \u015awi\u0105t Narodzenia Pa\u0144skiego. \u017byczymy dobrej lektury.<\/li>\n<li>W naszej parafii s\u0105 roznoszone op\u0142atki na st\u00f3\u0142 wigilijny. Wszelkie ofiary sk\u0142adane przy tej okazji przeznaczone s\u0105 na potrzeby parafii.<\/li>\n<\/ol>\n","protected":false},"excerpt":{"rendered":"<p>W tym tygodniu w liturgii Ko\u015bcio\u0142a b\u0119dziemy obchodzi\u0107: 7 grudnia w czwartek: wspomnienie \u015bw. Ambro\u017cego, biskupa i doktora Ko\u015bcio\u0142a; 8 grudnia w pi\u0105tek: Uroczysto\u015b\u0107 Niepokalanego Pocz\u0119cia NMP \u2013 odpust parafialny;<\/p>\n","protected":false},"author":1,"featured_media":7248,"comment_status":"closed","ping_status":"open","sticky":false,"template":"","format":"standard","meta":{"footnotes":""},"categories":[1],"tags":[],"class_list":["post-8723","post","type-post","status-publish","format-standard","has-post-thumbnail","hentry","category-bez-kategorii"],"_links":{"self":[{"href":"https:\/\/parafia.niepokalanow.pl\/index.php?rest_route=\/wp\/v2\/posts\/8723","targetHints":{"allow":["GET"]}}],"collection":[{"href":"https:\/\/parafia.niepokalanow.pl\/index.php?rest_route=\/wp\/v2\/posts"}],"about":[{"href":"https:\/\/parafia.niepokalanow.pl\/index.php?rest_route=\/wp\/v2\/types\/post"}],"author":[{"embeddable":true,"href":"https:\/\/parafia.niepokalanow.pl\/index.php?rest_route=\/wp\/v2\/users\/1"}],"replies":[{"embeddable":true,"href":"https:\/\/parafia.niepokalanow.pl\/index.php?rest_route=%2Fwp%2Fv2%2Fcomments&post=8723"}],"version-history":[{"count":0,"href":"https:\/\/parafia.niepokalanow.pl\/index.php?rest_route=\/wp\/v2\/posts\/8723\/revisions"}],"wp:featuredmedia":[{"embeddable":true,"href":"https:\/\/parafia.niepokalanow.pl\/index.php?rest_route=\/wp\/v2\/media\/7248"}],"wp:attachment":[{"href":"https:\/\/parafia.niepokalanow.pl\/index.php?rest_route=%2Fwp%2Fv2%2Fmedia&parent=8723"}],"wp:term":[{"taxonomy":"category","embeddable":true,"href":"https:\/\/parafia.niepokalanow.pl\/index.php?rest_route=%2Fwp%2Fv2%2Fcategories&post=8723"},{"taxonomy":"post_tag","embeddable":true,"href":"https:\/\/parafia.niepokalanow.pl\/index.php?rest_route=%2Fwp%2Fv2%2Ftags&post=8723"}],"curies":[{"name":"wp","href":"https:\/\/api.w.org\/{rel}","templated":true}]}}