{"id":8517,"date":"2017-11-25T19:20:36","date_gmt":"2017-11-25T18:20:36","guid":{"rendered":"http:\/\/parafia.niepokalanow.pl\/?p=8517"},"modified":"2017-11-25T19:20:36","modified_gmt":"2017-11-25T18:20:36","slug":"uroczystosc-chrystusa-krola-wszechswiata","status":"publish","type":"post","link":"https:\/\/parafia.niepokalanow.pl\/?p=8517","title":{"rendered":"Uroczysto\u015b\u0107 Chrystusa Kr\u00f3la Wszech\u015bwiata"},"content":{"rendered":"<ol>\n<li>W tym tygodniu w liturgii Ko\u015bcio\u0142a b\u0119dziemy obchodzi\u0107:<\/li>\n<\/ol>\n<ul>\n<li>27 listopada w poniedzia\u0142ek: Wspomnienie \u015bw. Franciszka Fasaniego, prezbitera;<\/li>\n<li>29 listopada we \u015brod\u0119: \u015awi\u0119to Wszystkich \u015awi\u0119tych Zakonu Serafickiego;<\/li>\n<li>30 listopada w czwartek: \u015awi\u0119to \u015aw. Andrzeja, Aposto\u0142a;<\/li>\n<li>2 grudnia w sobot\u0119: Wspomnienie b\u0142. Rafa\u0142a Chyli\u0144skiego, prezbitera, patrona kaplicy w\u00a0Budkach Piaseckich; z tej racji Msza \u015bw. odpustowa w przysz\u0142\u0105 sobot\u0119 o godz. 16.00.<\/li>\n<\/ul>\n<p><!--more--><\/p>\n<ol start=\"2\">\n<li>Dzi\u015b po sumie odnowimy Jubileuszowy Akt Przyj\u0119cia Jezusa Chrystusa za Kr\u00f3la i Pana.<\/li>\n<li>Przed bazylik\u0105 po wszystkich Mszach \u015bw. zbieramy ofiary do puszek na pomoc Siostrom Klaryskom. Zapraszamy tak\u017ce dzisiaj na Msz\u0119 \u015bw. i modlitw\u0119 o uzdrowienie przed Naj\u015bwi\u0119tszym Sakramentem o godz. 18.00.<\/li>\n<li>Dzi\u015b w Sali \u015bw. Bonawentury o godz. 14.00 odb\u0119dzie si\u0119 projekcja filmu pt. \u201eDwie korony\u201d. Go\u015bciem specjalnym b\u0119dzie odtw\u00f3rca g\u0142\u00f3wnej roli \u2013 Adam Woronowicz. Wst\u0119p bezp\u0142atny.<\/li>\n<li>Za zmar\u0142ych polecanych w wypominkach modlimy si\u0119 w dni powszednie przez ca\u0142y miesi\u0105c listopad podczas nabo\u017ce\u0144stwa o godz. 17.30 oraz w ich intencji odprawiane s\u0105 Msze \u015bwi\u0119te o godz. 18.00. Zapraszamy do wsp\u00f3lnej modlitwy.<\/li>\n<li>W naszej parafii od jutra b\u0119d\u0105 roznoszone op\u0142atki na st\u00f3\u0142 wigilijny. Bardzo prosimy przedstawicieli wiosek o zg\u0142aszanie si\u0119 po op\u0142atki do kancelarii parafialnej. Ofiary sk\u0142adane przy tej okazji b\u0119d\u0105 przeznaczone na potrzeby parafii.<\/li>\n<li>We \u015brod\u0119 rozpoczynamy przygotowanie do uroczysto\u015bci odpustowej naszej parafii przez 9-dniow\u0105 nowenn\u0119 przed Niepokalanym Pocz\u0119ciem NMP. Msze \u015bw. z rozwa\u017caniami b\u0119d\u0105 o godz. 11.00 i 18.00. W tych dniach r\u00f3wnie\u017c w kaplicy \u015bw. Maksymiliana b\u0119dzie sprawowana Nowenna wed\u0142ug \u015bw. Faustyny. Sekretarka Bo\u017cego Mi\u0142osierdzia trzykrotnie odprawi\u0142a Nowenn\u0119 sk\u0142adaj\u0105c\u0105 si\u0119 z 1000 Zdrowa\u015b Maryjo dziennie. Z tej racji codziennie od godz. 7.00 do 21.00 b\u0119dziemy si\u0119 modli\u0107 przed Naj\u015bwi\u0119tszym Sakramentem w pi\u0119ciu blokach modlitewnych po 2 godziny ka\u017cdy, z przerwami na odpoczynek, posi\u0142ek, cich\u0105 modlitw\u0119. Ka\u017cdy blok modlitewny to 4 cz\u0119\u015bci r\u00f3\u017ca\u0144ca. O godz. 15.00 b\u0119dzie Koronka do Bo\u017cego Mi\u0142osierdzia i Eucharystia. Jest to nasz dar wdzi\u0119czno\u015bci Niepokalanej za opiek\u0119 nad naszym klasztorem i parafi\u0105.\u00a0 Szczeg\u00f3\u0142y w gablocie i na ulotkach przy wej\u015bciu do Bazyliki. Z tej racji, w tych dniach, nie b\u0119dzie wystawienia Pana Jezusa w Bazylice, a w pierwszy pi\u0105tek adoracja b\u0119dzie tylko w kaplicy \u015bw. Maksymiliana.<\/li>\n<li>W czwartek, 1 grudnia, Msz\u0105 \u015bw. o godz. 11.00 w bazylice w Niepokalanowie rozpoczn\u0105 si\u0119 uroczysto\u015bci zwi\u0105zane z 74. rocznic\u0105 rozstrzelania 20 wi\u0119\u017ani\u00f3w z Pawiaka obok stacji PKP.<\/li>\n<li>Ojcowie Franciszkanie zapraszaj\u0105 m\u0142odzie\u017c m\u0119sk\u0105 i student\u00f3w na Powo\u0142aniowe Dni Skupienia do Niepokalanowa Lasku. Dni skupienia, rozpoczn\u0105 si\u0119 w najbli\u017cszy pi\u0105tek o godz. 18:00 i potrwaj\u0105 do niedzieli do godz. 13:00. Wi\u0119cej informacji na stronie <a href=\"http:\/\/www.barka.franciszkanie.pl\">barka.franciszkanie.pl<\/a><\/li>\n<li>W tym tygodniu przypadaj\u0105 dni odnowy wewn\u0119trznej. W <strong>I pi\u0105tek<\/strong> spowied\u017a dla dzieci i m\u0142odzie\u017cy od\u00a0godz.\u00a016.30, a o godz. 17.00; w Budkach Piaseckich spowied\u017a o\u00a0godz. 16.30, a o godz. 17.00 Msza \u015bw. Tego dnia udamy si\u0119 z pos\u0142ug\u0105 sakramentaln\u0105 do chorych naszej parafii. W tym dniu r\u00f3wnie\u017c wyj\u0105tkowo spotkanie duszpasterstwa ma\u0142\u017ce\u0144stw o godz. 18.30 w O\u015brodku Formacyjnym w Niepokalanowie Lasku.<\/li>\n<li>W <strong>I sobot\u0119<\/strong>, 2 grudnia, kolejne spotkanie \u201eOddaj si\u0119 Maryi\u201d; w programie: o godz. 9.30 konferencja i \u015bwiadectwa w Sali \u015bw. Bonawentury, o 11.00 Eucharystia z oddaniem siebie i wszelkich spraw Niepokalanej, przyj\u0119cie do M.I. oraz nabo\u017ce\u0144stwo wynagradzaj\u0105ce Niepokalanemu Sercu Maryi. Po nabo\u017ce\u0144stwie mo\u017cliwo\u015b\u0107 skorzystania z ciep\u0142ego posi\u0142ku \u00a0w kwadracie oraz wsp\u00f3lnej modlitwy nowennowej w kaplicy \u015bw. Maksymiliana.<\/li>\n<li>Od przysz\u0142ej niedzieli w przedsionku bazyliki b\u0119dzie mo\u017cna nabywa\u0107 \u015bwiece Caritas na st\u00f3\u0142 wigilijny. Uzyskane 2 z\u0142 od ka\u017cdej \u015bwiecy b\u0119d\u0105 przeznaczone na potrzeby naszego parafialnego Zespo\u0142u Caritas.<\/li>\n<li>W przysz\u0142\u0105 sobot\u0119, 2 grudnia, na godz. 9.00 zapraszamy ch\u0119tnych m\u0119\u017cczyzn i m\u0142odzie\u017c m\u0119sk\u0105 do\u00a0pomocy przy budowie \u017cywej szopki przy domu parafialnym.<\/li>\n<li>1 wrze\u015bnia 2018 r., po uzgodnieniu z Przewodnicz\u0105cym Konferencji Episkopatu Polski, abp Stanis\u0142awem G\u0105deckim i naszym Arcybiskupem kard. Kazimierzem Nyczem, zosta\u0142a ustalona data konsekracji przysz\u0142ej kaplicy adoracji. Od 1 grudnia rozpoczniemy 9 miesi\u0119czn\u0105 nowenn\u0119 przed t\u0105 uroczysto\u015bci\u0105. Z tej racji, codziennie o godz. 7.00, b\u0119dzie sprawowana Msza \u015bw. w int. budowy naszej kaplicy, wszystkich darczy\u0144c\u00f3w i zaanga\u017cowanych w to dzie\u0142o.<\/li>\n<\/ol>\n","protected":false},"excerpt":{"rendered":"<p>W tym tygodniu w liturgii Ko\u015bcio\u0142a b\u0119dziemy obchodzi\u0107: 27 listopada w poniedzia\u0142ek: Wspomnienie \u015bw. Franciszka Fasaniego, prezbitera; 29 listopada we \u015brod\u0119: \u015awi\u0119to Wszystkich \u015awi\u0119tych Zakonu Serafickiego; 30 listopada w czwartek: [&hellip;]<\/p>\n","protected":false},"author":1,"featured_media":8518,"comment_status":"closed","ping_status":"open","sticky":false,"template":"","format":"standard","meta":{"footnotes":""},"categories":[1],"tags":[],"class_list":["post-8517","post","type-post","status-publish","format-standard","has-post-thumbnail","hentry","category-bez-kategorii"],"_links":{"self":[{"href":"https:\/\/parafia.niepokalanow.pl\/index.php?rest_route=\/wp\/v2\/posts\/8517","targetHints":{"allow":["GET"]}}],"collection":[{"href":"https:\/\/parafia.niepokalanow.pl\/index.php?rest_route=\/wp\/v2\/posts"}],"about":[{"href":"https:\/\/parafia.niepokalanow.pl\/index.php?rest_route=\/wp\/v2\/types\/post"}],"author":[{"embeddable":true,"href":"https:\/\/parafia.niepokalanow.pl\/index.php?rest_route=\/wp\/v2\/users\/1"}],"replies":[{"embeddable":true,"href":"https:\/\/parafia.niepokalanow.pl\/index.php?rest_route=%2Fwp%2Fv2%2Fcomments&post=8517"}],"version-history":[{"count":0,"href":"https:\/\/parafia.niepokalanow.pl\/index.php?rest_route=\/wp\/v2\/posts\/8517\/revisions"}],"wp:featuredmedia":[{"embeddable":true,"href":"https:\/\/parafia.niepokalanow.pl\/index.php?rest_route=\/wp\/v2\/media\/8518"}],"wp:attachment":[{"href":"https:\/\/parafia.niepokalanow.pl\/index.php?rest_route=%2Fwp%2Fv2%2Fmedia&parent=8517"}],"wp:term":[{"taxonomy":"category","embeddable":true,"href":"https:\/\/parafia.niepokalanow.pl\/index.php?rest_route=%2Fwp%2Fv2%2Fcategories&post=8517"},{"taxonomy":"post_tag","embeddable":true,"href":"https:\/\/parafia.niepokalanow.pl\/index.php?rest_route=%2Fwp%2Fv2%2Ftags&post=8517"}],"curies":[{"name":"wp","href":"https:\/\/api.w.org\/{rel}","templated":true}]}}