{"id":8458,"date":"2017-10-28T17:50:43","date_gmt":"2017-10-28T15:50:43","guid":{"rendered":"http:\/\/parafia.niepokalanow.pl\/?p=8458"},"modified":"2017-10-28T17:50:43","modified_gmt":"2017-10-28T15:50:43","slug":"xxx-niedziela-w-ciagu-roku-29-10-2017","status":"publish","type":"post","link":"https:\/\/parafia.niepokalanow.pl\/?p=8458","title":{"rendered":"XXX Niedziela w ci\u0105gu roku &#8211; 29.10.2017"},"content":{"rendered":"<ol>\n<li>W tym tygodniu w liturgii Ko\u015bcio\u0142a b\u0119dziemy obchodzi\u0107:<\/li>\n<\/ol>\n<ul>\n<li>1 listopada we \u015brod\u0119: Uroczysto\u015b\u0107 Wszystkich \u015awi\u0119tych;<\/li>\n<li>2 listopada w czwartek: Wspomnienie Wszystkich Wiernych Zmar\u0142ych;<\/li>\n<li>3 listopada w pi\u0105tek: Wspomnienie zmar\u0142ych braci, si\u00f3str, rodzic\u00f3w, krewnych i&nbsp;dobrodziej\u00f3w Zakonu Serafickiego;<\/li>\n<li>4 listopada w sobot\u0119: Wspomnienie \u015bw. Karola Boromeusza, biskupa.<\/li>\n<\/ul>\n<p><!--more--><\/p>\n<ol start=\"2\">\n<li>Zapraszamy dzi\u015b wszystkich ma\u0142\u017conk\u00f3w, na spotkanie duszpasterstwa ma\u0142\u017ce\u0144stw do O\u015brodka Formacyjnego w Niepokalanowie Lasku. Pocz\u0105tek Msz\u0105 \u015bwi\u0119ta o godz. 17.00.<\/li>\n<li>We wtorek, w przededniu uroczysto\u015bci Wszystkich \u015awi\u0119tych, po Mszy \u015bwi\u0119tej wieczornej zapraszamy na R\u00f3\u017caniec ze \u015bwi\u0119tymi i nabo\u017ce\u0144stwo z relikwiami naszych Patron\u00f3w. Pragniemy w ten spos\u00f3b rozpali\u0107 w nas t\u0119sknot\u0119 za Niebem, \u015bwi\u0119to\u015bci\u0105 i&nbsp;Bogiem.<\/li>\n<li>W uroczysto\u015b\u0107 Wszystkich \u015awi\u0119tych porz\u0105dek Mszy \u015bw. niedzielny z wyj\u0105tkiem Mszy \u015bw. o godz. 13.00, kt\u00f3rej nie b\u0119dzie w bazylice, natomiast b\u0119dzie <u>sprawowana o godz. 13.00 na cmentarzu parafialnym<\/u>, a po niej procesja. Przypominamy wiernym, \u017ce w&nbsp;uroczysto\u015b\u0107 Wszystkich \u015awi\u0119tych obowi\u0105zuje udzia\u0142 we Mszy \u015bw.<\/li>\n<li>W czwartek, 2 listopada. Wspomnienie Wszystkich Wiernych Zmar\u0142ych, czyli Dzie\u0144 Zaduszny. W&nbsp;tym dniu po Mszy \u015bw. o godz. 8.00 wyruszy procesja na cmentarz klasztorny, gdzie odprawimy modlitwy za zmar\u0142ych ojc\u00f3w i braci tam spoczywaj\u0105cych. Natomiast na&nbsp;cmentarzu parafialnym w tym dniu zostanie odprawiona dodatkowa Msza \u015bw. o&nbsp;godz. 17.00, przed ni\u0105 b\u0119d\u0105 odczytane wypominki, a&nbsp;po niej procesja \u017ca\u0142obna. Prosimy o zabranie ze sob\u0105 lampion\u00f3w i&nbsp;zniczy.<\/li>\n<li>Za zmar\u0142ych polecanych w wypominkach modli\u0107 si\u0119 b\u0119dziemy w dni powszednie przez ca\u0142y miesi\u0105c listopad podczas nabo\u017ce\u0144stwa o godz. 17.30 oraz w ich intencji b\u0119dziemy odprawia\u0107 Msze \u015bwi\u0119te o godz. 18.00. Tradycj\u0105 lat ubieg\u0142ych wypominki b\u0119d\u0105 czytane w&nbsp;nast\u0119puj\u0105cym porz\u0105dku: w&nbsp;poniedzia\u0142ek i wtorek z Teresina, w \u015brod\u0119 z Paprotni, w&nbsp;czwartek z&nbsp;Topo\u0142owej, Serok, Ludwikowa i Granic, w pi\u0105tek z Budek Piaseckich, Starej i&nbsp;Nowej Piasecznicy, Kask oraz wypominki zamiejscowe.<\/li>\n<li>Przypominamy, \u017ce w dniach od 1 do 8 listopada mo\u017cna zyska\u0107 odpust zupe\u0142ny nawiedzaj\u0105c cmentarz, odmawiaj\u0105c modlitw\u0119 i b\u0119d\u0105c w stanie \u0142aski u\u015bwi\u0119caj\u0105cej.<\/li>\n<li>W tym tygodniu przypadaj\u0105 dni odnowy wewn\u0119trznej. W <strong>I czwartek<\/strong>, 2 listopada, zapraszamy na Msz\u0119 \u015bw. o g. 18.00 inabo\u017ce\u0144stwo godziny \u015bwi\u0119tej w intencji budowy kaplicy adoracji, darczy\u0144c\u00f3w i zaanga\u017cowanych w to dzie\u0142o, a tak\u017ce o nowe powo\u0142ania kap\u0142a\u0144skie i zakonne. W pi\u0105tek w godz. od 8.30 do 16.45 w Bazylice adoracja Naj\u015bwi\u0119tszego Sakramentu. Spowied\u017a dla dzieci o godz. 16.30 a o 17.00 Msza \u015bw. Tego dnia udamy si\u0119 z pos\u0142ug\u0105 do chorych naszej parafii. Spotkanie z racji I pi\u0105tku miesi\u0105ca dla&nbsp;wiernych wBudkach Piaseckich o sta\u0142ej porze.<\/li>\n<li>W najbli\u017csz\u0105 sobot\u0119 4 listopada odb\u0119dzie si\u0119 kolejne spotkanie \u201eOddaj si\u0119 Maryi\u201d. W programie: o 9.30 konferencja i \u015bwiadectwa w Sali \u015bw. Bonawentury, o 11.00 Eucharystia z zawierzeniem wszelkich spraw Niepokalanej w Bazylice, nast\u0119pnie nabo\u017ce\u0144stwo wynagradzaj\u0105ce Niepokalanemu Sercu Maryi. Po mszy \u015bw. mo\u017cliwo\u015b\u0107 skorzystania z klasztornego posi\u0142ku. Oko\u0142o 13.40 w Sali \u015bw. Bonawentury odb\u0119dzie si\u0119 spotkanie z p. Andrzejem Wronk\u0105, kt\u00f3ry podzieli si\u0119 tematem modlitwy za dusze w czy\u015b\u0107cu cierpi\u0105ce.<\/li>\n<li>Za tydzie\u0144 po Mszy \u015bw. o godz. 10.00 odb\u0119dzie si\u0119 spotkanie K\u00f3\u0142 \u017bywego R\u00f3\u017ca\u0144ca w domu parafialnym.<\/li>\n<li>Zach\u0119camy do nabycie listopadowego numeru Rycerza Niepokalanej. W tym wydaniu zosta\u0142a poruszona problematyka cierpienia. Ka\u017cdy z nas zadaje sobie przecie\u017c pytanie: czy to B\u00f3g zsy\u0142a cierpienie, dlaczego jest ono istotnym elementem naszego \u017cycia, dlaczego \u0142atwiej \u015bpiewamy o M\u0119ce Jezusa ni\u017c przyjmujemy w\u0142asny krzy\u017c? Ponadto do ka\u017cdego numeru do\u0142\u0105czony jest kalendarz na 2018 rok.<\/li>\n<li>W tym tygodniu z naszej wsp\u00f3lnoty parafialnej odeszli do wieczno\u015bci: \u015bp. El\u017cbieta Bizan z Teresina l. 63. <em>Wieczny odpoczynek racz jej da\u0107 Panie\u2026 <\/em><\/li>\n<\/ol>\n","protected":false},"excerpt":{"rendered":"<p>W tym tygodniu w liturgii Ko\u015bcio\u0142a b\u0119dziemy obchodzi\u0107: 1 listopada we \u015brod\u0119: Uroczysto\u015b\u0107 Wszystkich \u015awi\u0119tych; 2 listopada w czwartek: Wspomnienie Wszystkich Wiernych Zmar\u0142ych; 3 listopada w pi\u0105tek: Wspomnienie zmar\u0142ych braci, [&hellip;]<\/p>\n","protected":false},"author":1,"featured_media":8459,"comment_status":"closed","ping_status":"open","sticky":false,"template":"","format":"standard","meta":{"footnotes":""},"categories":[1],"tags":[],"class_list":["post-8458","post","type-post","status-publish","format-standard","has-post-thumbnail","hentry","category-bez-kategorii"],"_links":{"self":[{"href":"https:\/\/parafia.niepokalanow.pl\/index.php?rest_route=\/wp\/v2\/posts\/8458","targetHints":{"allow":["GET"]}}],"collection":[{"href":"https:\/\/parafia.niepokalanow.pl\/index.php?rest_route=\/wp\/v2\/posts"}],"about":[{"href":"https:\/\/parafia.niepokalanow.pl\/index.php?rest_route=\/wp\/v2\/types\/post"}],"author":[{"embeddable":true,"href":"https:\/\/parafia.niepokalanow.pl\/index.php?rest_route=\/wp\/v2\/users\/1"}],"replies":[{"embeddable":true,"href":"https:\/\/parafia.niepokalanow.pl\/index.php?rest_route=%2Fwp%2Fv2%2Fcomments&post=8458"}],"version-history":[{"count":0,"href":"https:\/\/parafia.niepokalanow.pl\/index.php?rest_route=\/wp\/v2\/posts\/8458\/revisions"}],"wp:featuredmedia":[{"embeddable":true,"href":"https:\/\/parafia.niepokalanow.pl\/index.php?rest_route=\/wp\/v2\/media\/8459"}],"wp:attachment":[{"href":"https:\/\/parafia.niepokalanow.pl\/index.php?rest_route=%2Fwp%2Fv2%2Fmedia&parent=8458"}],"wp:term":[{"taxonomy":"category","embeddable":true,"href":"https:\/\/parafia.niepokalanow.pl\/index.php?rest_route=%2Fwp%2Fv2%2Fcategories&post=8458"},{"taxonomy":"post_tag","embeddable":true,"href":"https:\/\/parafia.niepokalanow.pl\/index.php?rest_route=%2Fwp%2Fv2%2Ftags&post=8458"}],"curies":[{"name":"wp","href":"https:\/\/api.w.org\/{rel}","templated":true}]}}