{"id":8449,"date":"2017-10-21T23:24:48","date_gmt":"2017-10-21T21:24:48","guid":{"rendered":"http:\/\/parafia.niepokalanow.pl\/?p=8449"},"modified":"2017-10-21T23:25:20","modified_gmt":"2017-10-21T21:25:20","slug":"xix-niedziela-zwykla-22-10-2017","status":"publish","type":"post","link":"https:\/\/parafia.niepokalanow.pl\/?p=8449","title":{"rendered":"XXIX Niedziela zwyk\u0142a &#8211; 22.10.2017"},"content":{"rendered":"<ol>\n<li>W tym tygodniu w liturgii Ko\u015bcio\u0142a b\u0119dziemy obchodzi\u0107:<\/li>\n<\/ol>\n<ul>\n<li>28 pa\u017adziernika w sobot\u0119: \u015awi\u0119to \u015awi\u0119tych Aposto\u0142\u00f3w Szymona i Judy Tadeusza;<\/li>\n<\/ul>\n<ol start=\"2\">\n<li>Dzi\u015b w Ko\u015bciele powszechnym prze\u017cywamy niedziel\u0119 misyjn\u0105 pod has\u0142em: \u201eId\u017acie<br \/>\ni g\u0142o\u015bcie\u201d, kt\u00f3ra rozpoczyna tydzie\u0144 misyjny. Po wszystkich Mszach \u015bw. przed bazylik\u0105 s\u0105 zbierane ofiary na pomoc misjonarzom i tym, kt\u00f3rych ewangelizuj\u0105.<\/li>\n<\/ol>\n<p><!--more--><\/p>\n<ol start=\"3\">\n<li>Dzi\u015b po Mszy o godz. 11.30 w domu parafialnym, odb\u0119dzie si\u0119 spotkanie rodzic\u00f3w dzieci, kt\u00f3re w roku 2018 r. przyst\u0105pi\u0105 po raz pierwszy do spowiedzi i Komunii \u015bw.<\/li>\n<li>Nabo\u017ce\u0144stwa r\u00f3\u017ca\u0144cowe s\u0105 odprawiane w naszej bazylice: dni powszednie dla dzieci o&nbsp;godz. 17.00, za\u015b dla&nbsp;doros\u0142ych i m\u0142odzie\u017cy po Mszy \u015bw. wieczornej ok. godz. 18.30.<\/li>\n<li>Przypominamy, \u017ce kartki z imionami zmar\u0142ych na wypominki przyjmujemy w&nbsp;zakrystii, przy furcie klasztornej i w kancelarii. Prosimy o wyra\u017ane, czytelne wypisywanie imion zmar\u0142ych oraz podawanie miejscowo\u015bci zamieszkania rodziny, kt\u00f3ra poleca ich modlitwie Ko\u015bcio\u0142a. Podobnie jak w latach ubieg\u0142ych modli\u0107 si\u0119 b\u0119dziemy za nich w dni powszednie przez ca\u0142y miesi\u0105c listopad na nabo\u017ce\u0144stwie o godz. 17.30 oraz podczas Mszy \u015bwi\u0119tej o godz. 18.00.<\/li>\n<li>Przypominamy, \u017ce w zwi\u0105zku z przygotowaniem grob\u00f3w do uroczysto\u015bci Wszystkich \u015awi\u0119tych, od poniedzia\u0142ku 23 pa\u017adziernika nie b\u0119dzie mo\u017cliwo\u015bci wykonywania prac kamieniarskich na cmentarzu.<\/li>\n<li>Za tydzie\u0144 w niedziel\u0119 podczas Mszy \u015bw. o godz. 18.00 i na nabo\u017ce\u0144stwie po&nbsp;Mszy \u015bwi\u0119tej modli\u0107 si\u0119 b\u0119dziemy o \u0142ask\u0119 uzdro\u00adwienia duszy i cia\u0142a. Zapraszamy na&nbsp;wsp\u00f3ln\u0105 modlitw\u0119.<\/li>\n<\/ol>\n","protected":false},"excerpt":{"rendered":"<p>W tym tygodniu w liturgii Ko\u015bcio\u0142a b\u0119dziemy obchodzi\u0107: 28 pa\u017adziernika w sobot\u0119: \u015awi\u0119to \u015awi\u0119tych Aposto\u0142\u00f3w Szymona i Judy Tadeusza; Dzi\u015b w Ko\u015bciele powszechnym prze\u017cywamy niedziel\u0119 misyjn\u0105 pod has\u0142em: \u201eId\u017acie i [&hellip;]<\/p>\n","protected":false},"author":1,"featured_media":8450,"comment_status":"closed","ping_status":"open","sticky":false,"template":"","format":"standard","meta":{"footnotes":""},"categories":[19,1],"tags":[],"class_list":["post-8449","post","type-post","status-publish","format-standard","has-post-thumbnail","hentry","category-news","category-bez-kategorii"],"_links":{"self":[{"href":"https:\/\/parafia.niepokalanow.pl\/index.php?rest_route=\/wp\/v2\/posts\/8449","targetHints":{"allow":["GET"]}}],"collection":[{"href":"https:\/\/parafia.niepokalanow.pl\/index.php?rest_route=\/wp\/v2\/posts"}],"about":[{"href":"https:\/\/parafia.niepokalanow.pl\/index.php?rest_route=\/wp\/v2\/types\/post"}],"author":[{"embeddable":true,"href":"https:\/\/parafia.niepokalanow.pl\/index.php?rest_route=\/wp\/v2\/users\/1"}],"replies":[{"embeddable":true,"href":"https:\/\/parafia.niepokalanow.pl\/index.php?rest_route=%2Fwp%2Fv2%2Fcomments&post=8449"}],"version-history":[{"count":0,"href":"https:\/\/parafia.niepokalanow.pl\/index.php?rest_route=\/wp\/v2\/posts\/8449\/revisions"}],"wp:featuredmedia":[{"embeddable":true,"href":"https:\/\/parafia.niepokalanow.pl\/index.php?rest_route=\/wp\/v2\/media\/8450"}],"wp:attachment":[{"href":"https:\/\/parafia.niepokalanow.pl\/index.php?rest_route=%2Fwp%2Fv2%2Fmedia&parent=8449"}],"wp:term":[{"taxonomy":"category","embeddable":true,"href":"https:\/\/parafia.niepokalanow.pl\/index.php?rest_route=%2Fwp%2Fv2%2Fcategories&post=8449"},{"taxonomy":"post_tag","embeddable":true,"href":"https:\/\/parafia.niepokalanow.pl\/index.php?rest_route=%2Fwp%2Fv2%2Ftags&post=8449"}],"curies":[{"name":"wp","href":"https:\/\/api.w.org\/{rel}","templated":true}]}}