{"id":8331,"date":"2017-09-30T23:01:21","date_gmt":"2017-09-30T21:01:21","guid":{"rendered":"http:\/\/parafia.niepokalanow.pl\/?p=8331"},"modified":"2017-09-30T23:01:21","modified_gmt":"2017-09-30T21:01:21","slug":"xxvi-niedziela-w-ciagu-roku-1-10-2017","status":"publish","type":"post","link":"https:\/\/parafia.niepokalanow.pl\/?p=8331","title":{"rendered":"XXVI Niedziela w ci\u0105gu roku &#8211; 1.10.2017"},"content":{"rendered":"<ol>\n<li>W tym tygodniu w liturgii Ko\u015bcio\u0142a b\u0119dziemy obchodzi\u0107:<\/li>\n<\/ol>\n<ul>\n<li>3 pa\u017adziernika we wtorek: uroczysto\u015b\u0107 po\u015bwi\u0119cenia naszej Bazyliki;<\/li>\n<li>4 pa\u017adziernika w \u015brod\u0119: uroczysto\u015b\u0107 \u015bwi\u0119tego Ojca Franciszka z&nbsp;Asy\u017cu, diakona, Za\u0142o\u017cyciela III zakon\u00f3w;<\/li>\n<li>5 pa\u017adziernika w czwartek: wspomnienie \u015bw. Faustyny Kowalskiej, zakonnicy;<\/li>\n<li>7 pa\u017adziernika w sobot\u0119: wspomnienie NMP R\u00f3\u017ca\u0144cowej.<\/li>\n<\/ul>\n<p><!--more--><\/p>\n<ol start=\"2\">\n<li>W ubieg\u0142\u0105 niedziel\u0119 zbierali\u015bmy ofiary do puszek na rzecz Katedry w Gorzowie Wielkopolskim. Zebrali\u015bmy 2550 z\u0142. Dzi\u0119kujemy wszystkim za ofiarno\u015b\u0107 serca.<\/li>\n<li>Pa\u017adziernik jest miesi\u0105cem modlitwy r\u00f3\u017ca\u0144cowej. Nabo\u017ce\u0144stwa b\u0119d\u0105 odprawiane w dni powszednie dla dzieci i m\u0142odzie\u017cy o godz. 17.00, za\u015b dla&nbsp;doros\u0142ych po Mszy \u015bw. wieczornej ok. godz. 18.30.<\/li>\n<li>Dzisiaj po Mszy \u015bw. o godz. 13.00 w bazylice, odb\u0119dzie si\u0119 koncert religijno \u2013 patriotyczny w wykonaniu m\u0142odzie\u017cy z Studia Piosenki dzia\u0142aj\u0105cego prze O\u015brodku Kultury w Sejnach.<\/li>\n<li>Dzisiaj o godz. 17.00 w ramach nabo\u017ce\u0144stwa r\u00f3\u017ca\u0144cowego 1 dzie\u0144 triduum przed ur. \u015bw. Franciszka. Z racji I niedzieli miesi\u0105ca b\u0119dzie ono po\u0142\u0105czone z&nbsp;procesj\u0105 eucharystyczn\u0105. Zapraszamy do udzia\u0142u asyst\u0119 liturgiczn\u0105, wsp\u00f3lnoty, ministrant\u00f3w, biel i&nbsp;dziewczynki sypi\u0105ce kwiaty. W poniedzia\u0142ek i wtorek rozwa\u017canie i modlitwy b\u0119d\u0105 na Mszy \u015bw. wieczornej o godz. 18.00. We wtorek po&nbsp;Mszy \u015bw. wieczornej, zgodnie z nasz\u0105 tradycj\u0105 zakonn\u0105, zostanie odprawione nabo\u017ce\u0144stwo Transitus \u2013 o b\u0142ogos\u0142awionej \u015bmierci \u015bw. Franciszka. Modlitwa r\u00f3\u017ca\u0144cowa w&nbsp;tym dniu b\u0119dzie tylko o godz. 17.00. Tego dnia przypada r\u00f3wnie\u017c kolejna rocznica konsekracji naszej bazyliki. B\u0119dziemy dzi\u0119kowa\u0107 Bogu za dar naszej \u015bwi\u0105tyni oraz za wszystko, co uczyni\u0142 dla nas w tym \u015bwi\u0119tym miejscu przez korzystanie z&nbsp;sakrament\u00f3w i wsp\u00f3ln\u0105 modlitw\u0119.<\/li>\n<li>4 pa\u017adziernika, w czasie Mszy \u015bw. o godz. 9.00, za wstawiennictwem \u015bw. Franciszka b\u0119dziemy polecali w modlitwie dyrekcj\u0119, nauczycieli i uczni\u00f3w oddzia\u0142\u00f3w gimnazjalnych.<\/li>\n<li>W tym tygodniu przypadaj\u0105 dni odnowy wewn\u0119trznej: w I czwartek miesi\u0105ca, 5 pa\u017adziernika, zapraszamy na Msz\u0119 \u015bw. o g. 18.00 i nabo\u017ce\u0144stwo godziny \u015bwi\u0119tej w intencji budowy kaplicy adoracji, wszystkich darczy\u0144c\u00f3w i zaanga\u017cowanych w to dzie\u0142o.<\/li>\n<li>W I pi\u0105tek w godz. od 8.30 do 16.45 w Bazylice adoracja Naj\u015bwi\u0119tszego Sakramentu. Spowied\u017a dla dzieci o godz. 16.30 a o 17.00 r\u00f3\u017caniec i Komunia \u015bw. Tego dnia udamy si\u0119 pos\u0142ug\u0105 do chorych naszej parafii. W zwi\u0105zku z tym, \u017ce chorych b\u0119dzie odwiedza\u0142o od pa\u017adziernika 3 ojc\u00f3w, bardzo prosimy o cierpliwo\u015b\u0107 w oczekiwaniu na kap\u0142ana. Spotkanie z racji I pi\u0105tku miesi\u0105ca dla&nbsp;wiernych w Budkach Piaseckich o sta\u0142ej porze.<\/li>\n<li>W pierwsz\u0105 sobot\u0119, 7 pa\u017adziernika, odb\u0119dzie si\u0119 kolejne spotkanie \u201eOddaj si\u0119 Maryi\u201d. W tym dniu \u0142\u0105czymy si\u0119 z uczestnikami akcji \u201eR\u00f3\u017caniec do granic\u201d. O godz. 9.30 konferencja i \u015bwiadectwa w Sali \u015bw. Bonawentury, a godz. 11.00 w Bazylice Eucharystia z oddaniem siebie i wszystkich spraw Niepokalanej oraz nabo\u017ce\u0144stwo wynagradzaj\u0105ce Niepokalanemu Sercu Maryi. Po nabo\u017ce\u0144stwie mo\u017cliwo\u015b\u0107 skorzystania z posi\u0142ku w \u201ekwadracie\u201d. Oko\u0142o 13.30 odb\u0119dzie si\u0119 w Sali Bonawentury projekcja filmu \u201eSi\u0142a modlitwy\u201d &nbsp;i spotkanie z bohaterem filmu p. Andrzejem Duffekiem. Na spotkaniu b\u0119dzie mo\u017cna wst\u0105pi\u0107 do Rycerstwa Niepokalanej i naby\u0107 materia\u0142y o zawierzeniu Niepokalanej<\/li>\n<li>W przysz\u0142\u0105 niedziel\u0119 8 pa\u017adziernika w ca\u0142ej Polsce obchodzi\u0107 b\u0119dziemy XVII Dzie\u0144 Papieski pod has\u0142em: \u201eId\u017amy naprz\u00f3d z nadziej\u0105\u201d. Przez ca\u0142\u0105 niedziel\u0119 b\u0119d\u0105 zbierane fundusze na stypendia dla ubogiej m\u0142odzie\u017cy z teren\u00f3w wiejskich<\/li>\n<li>Zach\u0119camy do nabycia jubileuszowego numeru &#8222;Rycerza Niepokalanej&#8221;, w ca\u0142o\u015bci po\u015bwi\u0119conego powstaniu Rycerstwa Niepokalanej. W numerze mo\u017cemy pozna\u0107 sylwetki za\u0142o\u017cycieli Rycerstwa, pochyli\u0107 si\u0119 nad histori\u0105 domu, w kt\u00f3rym 100 lat temu ono powsta\u0142o, jak r\u00f3wnie\u017c spojrze\u0107 na to, jak dzi\u015b funkcjonuje charyzmat rycerski w \u015bwiecie. Swoimi refleksjami podzielili si\u0119 z nami: Grzegorz G\u00f3rny, Bronis\u0142aw Wildstein, Wincenty \u0141aszewski, ks. Bp. Andrzej Dziuba, o. Ignacy Kosmana i inni. W ka\u017cdym numerze znajdziemy b\u0142ogos\u0142awie\u0144stwo papie\u017ca Franciszka dla wszystkich Czytelnik\u00f3w &#8222;Rycerza&#8221;.<\/li>\n<li>Przypominamy, \u017ce Msze \u015bw. wieczorne w niedziele od pa\u017adziernika do ko\u0144ca kwietnia b\u0119d\u0105 sprawowane o&nbsp;godz. 18.00.<\/li>\n<li>W tym tygodniu z naszej wsp\u00f3lnoty parafialnej odeszli do wieczno\u015bci: \u015bp. Sylwester Czajka, l.&nbsp;75 z Paprotni, \u015bp. Konrad Szymaniak, l. 89 z Granic, \u015bp. Joanna Konecka, l. 80 z Teresina. <em>Wieczny odpoczynek racz im da\u0107 Panie\u2026<\/em><\/li>\n<\/ol>\n","protected":false},"excerpt":{"rendered":"<p>W tym tygodniu w liturgii Ko\u015bcio\u0142a b\u0119dziemy obchodzi\u0107: 3 pa\u017adziernika we wtorek: uroczysto\u015b\u0107 po\u015bwi\u0119cenia naszej Bazyliki; 4 pa\u017adziernika w \u015brod\u0119: uroczysto\u015b\u0107 \u015bwi\u0119tego Ojca Franciszka z&nbsp;Asy\u017cu, diakona, Za\u0142o\u017cyciela III zakon\u00f3w; 5 [&hellip;]<\/p>\n","protected":false},"author":1,"featured_media":8332,"comment_status":"closed","ping_status":"open","sticky":false,"template":"","format":"standard","meta":{"footnotes":""},"categories":[1],"tags":[],"class_list":["post-8331","post","type-post","status-publish","format-standard","has-post-thumbnail","hentry","category-bez-kategorii"],"_links":{"self":[{"href":"https:\/\/parafia.niepokalanow.pl\/index.php?rest_route=\/wp\/v2\/posts\/8331","targetHints":{"allow":["GET"]}}],"collection":[{"href":"https:\/\/parafia.niepokalanow.pl\/index.php?rest_route=\/wp\/v2\/posts"}],"about":[{"href":"https:\/\/parafia.niepokalanow.pl\/index.php?rest_route=\/wp\/v2\/types\/post"}],"author":[{"embeddable":true,"href":"https:\/\/parafia.niepokalanow.pl\/index.php?rest_route=\/wp\/v2\/users\/1"}],"replies":[{"embeddable":true,"href":"https:\/\/parafia.niepokalanow.pl\/index.php?rest_route=%2Fwp%2Fv2%2Fcomments&post=8331"}],"version-history":[{"count":0,"href":"https:\/\/parafia.niepokalanow.pl\/index.php?rest_route=\/wp\/v2\/posts\/8331\/revisions"}],"wp:featuredmedia":[{"embeddable":true,"href":"https:\/\/parafia.niepokalanow.pl\/index.php?rest_route=\/wp\/v2\/media\/8332"}],"wp:attachment":[{"href":"https:\/\/parafia.niepokalanow.pl\/index.php?rest_route=%2Fwp%2Fv2%2Fmedia&parent=8331"}],"wp:term":[{"taxonomy":"category","embeddable":true,"href":"https:\/\/parafia.niepokalanow.pl\/index.php?rest_route=%2Fwp%2Fv2%2Fcategories&post=8331"},{"taxonomy":"post_tag","embeddable":true,"href":"https:\/\/parafia.niepokalanow.pl\/index.php?rest_route=%2Fwp%2Fv2%2Ftags&post=8331"}],"curies":[{"name":"wp","href":"https:\/\/api.w.org\/{rel}","templated":true}]}}