{"id":8308,"date":"2017-09-23T23:54:12","date_gmt":"2017-09-23T21:54:12","guid":{"rendered":"http:\/\/parafia.niepokalanow.pl\/?p=8308"},"modified":"2017-09-23T23:54:12","modified_gmt":"2017-09-23T21:54:12","slug":"xxv-niedziela-w-ciagu-roku-24-09-2017","status":"publish","type":"post","link":"https:\/\/parafia.niepokalanow.pl\/?p=8308","title":{"rendered":"XXV Niedziela w ci\u0105gu roku &#8211; 24.09.2017"},"content":{"rendered":"<p>1. W tym tygodniu w liturgii Ko\u015bcio\u0142a b\u0119dziemy obchodzi\u0107:<br \/>\n\u2022 25 wrze\u015bnia w poniedzia\u0142ek: Wspomnienie b\u0142. W\u0142adys\u0142awa z Gielniowa, prezbitera, patrona Warszawy;<br \/>\n\u2022 27 wrze\u015bnia w \u015brod\u0119 : Wspomnienie \u015bw. Wincentego a Paulo, prezbitera;<br \/>\n\u2022 28 wrze\u015bnia w czwartek: Wspomnienie \u015bw. Wac\u0142awa, m\u0119czennika;<br \/>\n\u2022 29 wrze\u015bnia w pi\u0105tek: \u015awi\u0119to \u015awi\u0119tych Archanio\u0142\u00f3w Micha\u0142a, Rafa\u0142a i&nbsp;Gabriela;<br \/>\n\u2022 30 wrze\u015bnia w sobot\u0119: Wspomnienie \u015bw. Hieronima, prezbitera i doktora Ko\u015bcio\u0142a;<\/p>\n<p>2. Dzi\u015b po wszystkich Mszach \u015bw. s\u0105 zbierane ofiary do puszek na remont zniszczonej\u2028po\u017carem zabytkowej katedry w Gorzowie Wielkopolskim.<\/p>\n<p><!--more--><\/p>\n<p>3. O godz. 18.15 w domu parafialnym odb\u0119dzie si\u0119 spotkanie z kandydatami do bierzmowania z klas III gimnazjalnych i ich rodzicami, a podczas Mszy \u015bw. o godz. 19.00\u2028i na nabo\u017ce\u0144stwie po&nbsp;Mszy \u015bwi\u0119tej modli\u0107 si\u0119 b\u0119dziemy o \u0142ask\u0119 uzdrowienia duszy i cia\u0142a. Zapraszamy na&nbsp;wsp\u00f3ln\u0105 modlitw\u0119.<\/p>\n<p>4. Dzi\u015b zapraszamy do Sali \u015bw. Bonawentury na godz. 19.00 na projekcj\u0119 filmu pt. \u201eListy do Ojca Jakuba\u201d. To ujmuj\u0105ca historia o dobroci i wierze w innych ludzi, oraz o tym, \u017ce wybaczenie i modlitwa maj\u0105 ogromn\u0105 moc. Na spotkanie przyjedzie Benon Wylega\u0142a, kt\u00f3ry reprezentuje Filmowy Ruch Ewangelizacyjny. Wst\u0119p bezp\u0142atny. Pokaz odbywa si\u0119 w ramach edycji \u201eMi\u0119dzynarodowego Festiwalu Film\u00f3w Niepokalan\u00f3w\u201d we Wroc\u0142awiu.<\/p>\n<p>5. Zapraszamy m\u0142odzie\u017c (od 15 r. \u017cycia), student\u00f3w zainteresowanych wolontariatem do udzia\u0142u w&nbsp;prowadzeniu naszej parafialnej kawiarenki \u201eZau\u0142ek Anio\u0142\u00f3w\u201d. Spotkanie wolontariackie odb\u0119dzie si\u0119 w pi\u0105tek o godz. 19:30 w kawiarence w \u201eKwadracie\u201d.<\/p>\n<p>6. W sobot\u0119 30 wrze\u015bnia \u015bwietlica dzia\u0142aj\u0105ca przy naszej parafii, zaprasza na piknik na zako\u0144czenie lata od godz. 15.00 do 18.00 na placu przy domu parafialnym. Szczeg\u00f3\u0142owe informacje i program na plakacie w gablocie przed bazylik\u0105.<\/p>\n<p>7. Tak\u017ce 30 wrze\u015bnia, w sobot\u0119 zapraszamy wszystkich ma\u0142\u017conk\u00f3w na spotkanie duszpasterstwa ma\u0142\u017ce\u0144stw do O\u015brodka Formacyjnego w Niepokalanowie Lasku. Pocz\u0105tek Msz\u0105 \u015bwi\u0119ta o godz. 17.00.<\/p>\n<p>8. W przysz\u0142\u0105 niedziel\u0119 po Mszy \u015bw. o godz. 10.00 odb\u0119dzie si\u0119 spotkanie wsp\u00f3lnoty \u017bywego R\u00f3\u017ca\u0144ca w domu parafialnym. Za tydzie\u0144 r\u00f3wnie\u017c z racji I niedzieli miesi\u0105ca nabo\u017ce\u0144stwo o godz. 17.00 b\u0119dzie po\u0142\u0105czone z&nbsp;procesj\u0105 eucharystyczn\u0105. Zapraszamy do udzia\u0142u asyst\u0119 liturgiczn\u0105, wsp\u00f3lnoty, ministrant\u00f3w, biel i&nbsp;dziewczynki sypi\u0105ce kwiaty. Przypominamy r\u00f3wnie\u017c, \u017ce Msze \u015bw. wieczorne w niedziele od pa\u017adziernika do ko\u0144ca kwietnia b\u0119d\u0105 sprawowane o&nbsp;godz. 18.00.<\/p>\n<p>9. Za tydzie\u0144 w niedziel\u0119 po Mszy \u015bw. o godz. 13.00 w bazylice, odb\u0119dzie si\u0119 koncert religijno \u2013 patriotyczny w wykonaniu m\u0142odzie\u017cy z Studia Piosenki dzia\u0142aj\u0105cego prze O\u015brodku Kultury w Sejnach<\/p>\n<p>10. W minionym tygodniu odeszli do wieczno\u015bci: \u015bp. Franciszek G\u0142owacki l. 85 z&nbsp;Granic i \u015bp. Krzysztof Koz\u0142owski, l. 56 z Teresina. Wieczny odpoczynek racz im da\u0107 Panie\u2026<\/p>\n","protected":false},"excerpt":{"rendered":"<p>1. W tym tygodniu w liturgii Ko\u015bcio\u0142a b\u0119dziemy obchodzi\u0107: \u2022 25 wrze\u015bnia w poniedzia\u0142ek: Wspomnienie b\u0142. W\u0142adys\u0142awa z Gielniowa, prezbitera, patrona Warszawy; \u2022 27 wrze\u015bnia w \u015brod\u0119 : Wspomnienie \u015bw. [&hellip;]<\/p>\n","protected":false},"author":1,"featured_media":8309,"comment_status":"closed","ping_status":"open","sticky":false,"template":"","format":"standard","meta":{"footnotes":""},"categories":[1],"tags":[],"class_list":["post-8308","post","type-post","status-publish","format-standard","has-post-thumbnail","hentry","category-bez-kategorii"],"_links":{"self":[{"href":"https:\/\/parafia.niepokalanow.pl\/index.php?rest_route=\/wp\/v2\/posts\/8308","targetHints":{"allow":["GET"]}}],"collection":[{"href":"https:\/\/parafia.niepokalanow.pl\/index.php?rest_route=\/wp\/v2\/posts"}],"about":[{"href":"https:\/\/parafia.niepokalanow.pl\/index.php?rest_route=\/wp\/v2\/types\/post"}],"author":[{"embeddable":true,"href":"https:\/\/parafia.niepokalanow.pl\/index.php?rest_route=\/wp\/v2\/users\/1"}],"replies":[{"embeddable":true,"href":"https:\/\/parafia.niepokalanow.pl\/index.php?rest_route=%2Fwp%2Fv2%2Fcomments&post=8308"}],"version-history":[{"count":0,"href":"https:\/\/parafia.niepokalanow.pl\/index.php?rest_route=\/wp\/v2\/posts\/8308\/revisions"}],"wp:featuredmedia":[{"embeddable":true,"href":"https:\/\/parafia.niepokalanow.pl\/index.php?rest_route=\/wp\/v2\/media\/8309"}],"wp:attachment":[{"href":"https:\/\/parafia.niepokalanow.pl\/index.php?rest_route=%2Fwp%2Fv2%2Fmedia&parent=8308"}],"wp:term":[{"taxonomy":"category","embeddable":true,"href":"https:\/\/parafia.niepokalanow.pl\/index.php?rest_route=%2Fwp%2Fv2%2Fcategories&post=8308"},{"taxonomy":"post_tag","embeddable":true,"href":"https:\/\/parafia.niepokalanow.pl\/index.php?rest_route=%2Fwp%2Fv2%2Ftags&post=8308"}],"curies":[{"name":"wp","href":"https:\/\/api.w.org\/{rel}","templated":true}]}}