{"id":8179,"date":"2017-09-16T16:10:30","date_gmt":"2017-09-16T14:10:30","guid":{"rendered":"http:\/\/parafia.niepokalanow.pl\/?p=8179"},"modified":"2017-09-16T16:23:10","modified_gmt":"2017-09-16T14:23:10","slug":"xxiv-niedziela-w-ciagu-roku","status":"publish","type":"post","link":"https:\/\/parafia.niepokalanow.pl\/?p=8179","title":{"rendered":"XXIV Niedziela w ci\u0105gu roku &#8211; 17.09.2017"},"content":{"rendered":"<ol>\n<li>W tym tygodniu w liturgii Ko\u015bcio\u0142a b\u0119dziemy obchodzi\u0107:<\/li>\n<\/ol>\n<ul>\n<li>18 wrze\u015bnia w poniedzia\u0142ek: \u015awi\u0119to \u015bw. Stanis\u0142awa Kostki, zakonnika, patrona Polski;<\/li>\n<li>19 wrze\u015bnia we wtorek: \u015awi\u0119to \u015bw. J\u00f3zefa z Kupertynu, prezbitera;<\/li>\n<li>20 wrze\u015bnia w \u015brod\u0119: Wspomnienie \u015bwi\u0119tych m\u0119czennik\u00f3w Andrzeja Kim Taegon, prezbitera, Paw\u0142a Chong Hasang i Towarzyszy;<\/li>\n<li>21 wrze\u015bnia w czwartek: \u015awi\u0119to \u015bw. Mateusza, Aposto\u0142a i Ewangelisty;<\/li>\n<li>23 wrze\u015bnia w sobot\u0119: <a href=\"http:\/\/www.brewiarz.pl\/ix_14\/2309w\/index.php3?l=i\">Wspomnienie \u015bw. Pio z Pietrelciny, prezbitera<\/a>.<\/li>\n<\/ul>\n<p><!--more--><\/p>\n<ol start=\"2\">\n<li>Dzi\u015b po Mszy o godz. 11.30 w domu parafialnym, odb\u0119dzie si\u0119 spotkanie rodzic\u00f3w dzieci, kt\u00f3re w roku 2018 r. przyst\u0105pi\u0105 po raz pierwszy do spowiedzi i Komunii \u015bw.<\/li>\n<li>W sobot\u0119 23 wrze\u015bnia o godz. 9.00 w kaplicy \u015bw. Maksymiliana b\u0119dzie sprawowana Msza \u015bw. w intencji Radia Maryja, telewizji Trwam i naszej Ojczyzny. Tak\u017ce w tym dniu o godz. 12.30 w bazylice Msza \u015bw. pod przewodnictwem bp Adama Szala z Przemy\u015bla z racji zjazdu \u015brodowisk Kolbia\u0144skich.<\/li>\n<li>W przysz\u0142\u0105 niedziel\u0119 24 wrze\u015bnia zapraszamy do Sali \u015bw. Bonawentury na godz. 19.00 na projekcj\u0119 filmu pt. <strong>\u201eListy do Ojca Jakuba\u201d.<\/strong> To ujmuj\u0105ca historia o dobroci i wierze w innych ludzi, oraz o tym, \u017ce wybaczenie i modlitwa maj\u0105 ogromn\u0105 moc. Na spotkanie przyjedzie Benon Wylega\u0142a, kt\u00f3ry reprezentuje Filmowy Ruch Ewangelizacyjny. Wst\u0119p bezp\u0142atny. Pokaz odbywa si\u0119 w ramach kolejnej edycji \u201eMi\u0119dzynarodowego Festiwalu Film\u00f3w Niepokalan\u00f3w\u201d we Wroc\u0142awiu.<\/li>\n<li>Za tydzie\u0144 w niedziel\u0119 o godz. 18.15 w domu parafialnym odb\u0119dzie si\u0119 spotkanie z kandydatami do bierzmowania z klas III gimnazjalnych i ich rodzicami, a podczas Mszy \u015bw. o godz. 19.00 i na nabo\u017ce\u0144stwie po&nbsp;Mszy \u015bwi\u0119tej modli\u0107 si\u0119 b\u0119dziemy o \u0142ask\u0119 uzdro\u00adwienia duszy i cia\u0142a. Zapraszamy na&nbsp;wsp\u00f3ln\u0105 modlitw\u0119.<\/li>\n<li>Przed Bazylik\u0105 jest do nabycia wrze\u015bniowy numer &#8222;Rycerza Niepokalanej&#8221;.<\/li>\n<li>W dniu 7 pa\u017adziernika organizujemy wyjazd na og\u00f3lnopolsk\u0105 akcj\u0119 modlitewn\u0105: \u201eR\u00f3\u017caniec do granic\u201d. Jest to odpowied\u017a na apel Maryi, kt\u00f3ra r\u00f3\u017caniec podaje jako ratunek dla \u015bwiata. Pragniemy b\u0142aga\u0107 przez Jej wstawiennictwo o ratunek dla Polski i \u015bwiata. Udamy si\u0119 do ko\u015bcio\u0142a stacyjnego ojc\u00f3w franciszkan\u00f3w w Gdyni. Koszt to 70 z\u0142, zapisy w kancelarii parafialnej.<\/li>\n<li>W minionym tygodniu odszed\u0142 do wieczno\u015bci: \u015bp. Janusz Wojciechowski l. 71 z Paprotni. <em>Wieczny odpoczynek racz mu da\u0107 Panie\u2026<\/em><\/li>\n<\/ol>\n","protected":false},"excerpt":{"rendered":"<p>W tym tygodniu w liturgii Ko\u015bcio\u0142a b\u0119dziemy obchodzi\u0107: 18 wrze\u015bnia w poniedzia\u0142ek: \u015awi\u0119to \u015bw. Stanis\u0142awa Kostki, zakonnika, patrona Polski; 19 wrze\u015bnia we wtorek: \u015awi\u0119to \u015bw. J\u00f3zefa z Kupertynu, prezbitera; 20 [&hellip;]<\/p>\n","protected":false},"author":1,"featured_media":8191,"comment_status":"closed","ping_status":"open","sticky":false,"template":"","format":"standard","meta":{"footnotes":""},"categories":[1],"tags":[],"class_list":["post-8179","post","type-post","status-publish","format-standard","has-post-thumbnail","hentry","category-bez-kategorii"],"_links":{"self":[{"href":"https:\/\/parafia.niepokalanow.pl\/index.php?rest_route=\/wp\/v2\/posts\/8179","targetHints":{"allow":["GET"]}}],"collection":[{"href":"https:\/\/parafia.niepokalanow.pl\/index.php?rest_route=\/wp\/v2\/posts"}],"about":[{"href":"https:\/\/parafia.niepokalanow.pl\/index.php?rest_route=\/wp\/v2\/types\/post"}],"author":[{"embeddable":true,"href":"https:\/\/parafia.niepokalanow.pl\/index.php?rest_route=\/wp\/v2\/users\/1"}],"replies":[{"embeddable":true,"href":"https:\/\/parafia.niepokalanow.pl\/index.php?rest_route=%2Fwp%2Fv2%2Fcomments&post=8179"}],"version-history":[{"count":0,"href":"https:\/\/parafia.niepokalanow.pl\/index.php?rest_route=\/wp\/v2\/posts\/8179\/revisions"}],"wp:featuredmedia":[{"embeddable":true,"href":"https:\/\/parafia.niepokalanow.pl\/index.php?rest_route=\/wp\/v2\/media\/8191"}],"wp:attachment":[{"href":"https:\/\/parafia.niepokalanow.pl\/index.php?rest_route=%2Fwp%2Fv2%2Fmedia&parent=8179"}],"wp:term":[{"taxonomy":"category","embeddable":true,"href":"https:\/\/parafia.niepokalanow.pl\/index.php?rest_route=%2Fwp%2Fv2%2Fcategories&post=8179"},{"taxonomy":"post_tag","embeddable":true,"href":"https:\/\/parafia.niepokalanow.pl\/index.php?rest_route=%2Fwp%2Fv2%2Ftags&post=8179"}],"curies":[{"name":"wp","href":"https:\/\/api.w.org\/{rel}","templated":true}]}}