{"id":8131,"date":"2017-09-09T18:09:25","date_gmt":"2017-09-09T16:09:25","guid":{"rendered":"http:\/\/parafia.niepokalanow.pl\/?p=8131"},"modified":"2017-09-09T18:10:39","modified_gmt":"2017-09-09T16:10:39","slug":"xxiii-niedziela-w-ciagu-roku-10-09-2017","status":"publish","type":"post","link":"https:\/\/parafia.niepokalanow.pl\/?p=8131","title":{"rendered":"XXIII Niedziela w ci\u0105gu roku &#8211; 10.09.2017"},"content":{"rendered":"<ol>\n<li>W tym tygodniu w liturgii Ko\u015bcio\u0142a b\u0119dziemy obchodzi\u0107:<\/li>\n<\/ol>\n<ul>\n<li>12 wrze\u015bnia we wtorek: Wspomnienie Naj\u015bwi\u0119tszego Imienia Maryi;<\/li>\n<li>13 wrze\u015bnia w \u015brod\u0119: Wspomnienie \u015bw. Jana Chryzostoma, biskupa i doktora Ko\u015bcio\u0142a;<\/li>\n<li>14 wrze\u015bnia w czwartek: \u015awi\u0119to Podwy\u017cszenia Krzy\u017ca \u015awi\u0119tego;<\/li>\n<li>15 wrze\u015bnia w pi\u0105tek: Wspomnienie NMP Bolesnej;<\/li>\n<li>16 wrze\u015bnia w sobot\u0119: Wspomnienie \u015bwi\u0119tych m\u0119czennik\u00f3w Korneliusza, papie\u017ca, i&nbsp;Cypriana, biskupa;<\/li>\n<\/ul>\n<p><!--more--><\/p>\n<ol start=\"2\">\n<li>W czwartek 14 wrze\u015bnia w czasie wieczornej Mszy \u015bwi\u0119tej za&nbsp; przyczyn\u0105 \u015bw.&nbsp;Maksymiliana modli\u0107 si\u0119 b\u0119dziemy w intencji rodzic\u00f3w i ma\u0142\u017conk\u00f3w naszej parafii i&nbsp;pielgrzymuj\u0105cych do&nbsp;naszego Sanktuarium, szczeg\u00f3lnie tych, kt\u00f3re zawar\u0142y sakrament ma\u0142\u017ce\u0144stwa w miesi\u0105cu wrze\u015bniu.<\/li>\n<li>We wrze\u015bniu rozpocz\u0119li\u015bmy nowy rok pracy duszpasterskiej. Spotkanie kandydat\u00f3w na ministrant\u00f3w i dla ministrant\u00f3w m\u0142odszych odb\u0119dzie si\u0119 w sobot\u0119 16. 09. o godz. 10.00, za\u015b dla lektor\u00f3w o godz. 11.00. Spotkania wsp\u00f3lnoty Odnowy w&nbsp;Duchu \u015awi\u0119tym odbywaj\u0105 si\u0119 we wtorki o godz. 19.00. W czwartek o godz. 19.00 zapraszamy na spotkania biblijne. W pi\u0105tek 15. 09. o godz. 16.00 odb\u0119dzie si\u0119 spotkanie ma\u0142ych Rycerzy Niepokalanej.<\/li>\n<li>\u015awietlica w domu parafialnym rozpocznie swoj\u0105 dzia\u0142alno\u015b\u0107 od jutra. Zaj\u0119cia w poniedzia\u0142ki<br \/>\ni \u015brody od godz. 15.00 \u2013 17.30. Na powy\u017csze zaj\u0119cia zapraszamy wszystkie dzieci z naszej parafii, jak r\u00f3wnie\u017c osoby, kt\u00f3re chcia\u0142yby si\u0119 w\u0142\u0105czy\u0107 w prac\u0119 \u015bwietlicy jako wolontariusze.<\/li>\n<li>Z okazji 100. rocznicy za\u0142o\u017cenia Rycerstwa Niepokalanej 16 wrze\u015bnia w sobot\u0119<br \/>\nw Niepokalanowie odb\u0119dzie si\u0119 Og\u00f3lnopolskie Spotkanie Dzieci. Przez wsp\u00f3ln\u0105 modlitw\u0119, \u015bpiew i zabaw\u0119 dzieci b\u0119d\u0105 mog\u0142y bli\u017cej pozna\u0107 posta\u0107 \u015bw. Maksymiliana i zosta\u0107 rycerzami Niepokalanej. Pocz\u0105tek spotkania o godz. 10.00, o 12.00 Msza \u015bwi\u0119ta, a po niej ciep\u0142y posi\u0142ek oraz zabawy i koncert zespo\u0142u dzieci\u0119cego \u201eMa\u0142ego Ch\u00f3ru Wielkich Serc\u201d. Szczeg\u00f3\u0142owe informacje na plakatach przy furcie, informacji lub na stronie internetowej <a href=\"http:\/\/www.malyrycerzyk.pl\">www.malyrycerzyk.pl<\/a>.<\/li>\n<li>Za tydzie\u0144 w niedziel\u0119 17. 09. po Mszy o godz. 11.30 w domu parafialnym, odb\u0119dzie si\u0119 spotkanie rodzic\u00f3w dzieci, kt\u00f3re w roku 2018 r. przyst\u0105pi\u0105 po raz pierwszy do spowiedzi<br \/>\ni Komunii \u015bw.<\/li>\n<li>Do ko\u0144ca wrze\u015bnia przyjmujemy zapisy os\u00f3b z parafii, kt\u00f3re z&nbsp;r\u00f3\u017cnych powod\u00f3w nie przyst\u0105pi\u0142y do sakramentu bierzmowania, a chcia\u0142yby przyj\u0105\u0107 ten sakrament w roku 2018. Zapisy w&nbsp;kancelarii parafialnej.<\/li>\n<li>Przed Bazylik\u0105 jest do nabycia wrze\u015bniowy numer &#8222;Rycerza Niepokalanej&#8221;.<\/li>\n<\/ol>\n","protected":false},"excerpt":{"rendered":"<p>W tym tygodniu w liturgii Ko\u015bcio\u0142a b\u0119dziemy obchodzi\u0107: 12 wrze\u015bnia we wtorek: Wspomnienie Naj\u015bwi\u0119tszego Imienia Maryi; 13 wrze\u015bnia w \u015brod\u0119: Wspomnienie \u015bw. Jana Chryzostoma, biskupa i doktora Ko\u015bcio\u0142a; 14 wrze\u015bnia [&hellip;]<\/p>\n","protected":false},"author":1,"featured_media":8134,"comment_status":"closed","ping_status":"open","sticky":false,"template":"","format":"standard","meta":{"footnotes":""},"categories":[1],"tags":[],"class_list":["post-8131","post","type-post","status-publish","format-standard","has-post-thumbnail","hentry","category-bez-kategorii"],"_links":{"self":[{"href":"https:\/\/parafia.niepokalanow.pl\/index.php?rest_route=\/wp\/v2\/posts\/8131","targetHints":{"allow":["GET"]}}],"collection":[{"href":"https:\/\/parafia.niepokalanow.pl\/index.php?rest_route=\/wp\/v2\/posts"}],"about":[{"href":"https:\/\/parafia.niepokalanow.pl\/index.php?rest_route=\/wp\/v2\/types\/post"}],"author":[{"embeddable":true,"href":"https:\/\/parafia.niepokalanow.pl\/index.php?rest_route=\/wp\/v2\/users\/1"}],"replies":[{"embeddable":true,"href":"https:\/\/parafia.niepokalanow.pl\/index.php?rest_route=%2Fwp%2Fv2%2Fcomments&post=8131"}],"version-history":[{"count":0,"href":"https:\/\/parafia.niepokalanow.pl\/index.php?rest_route=\/wp\/v2\/posts\/8131\/revisions"}],"wp:featuredmedia":[{"embeddable":true,"href":"https:\/\/parafia.niepokalanow.pl\/index.php?rest_route=\/wp\/v2\/media\/8134"}],"wp:attachment":[{"href":"https:\/\/parafia.niepokalanow.pl\/index.php?rest_route=%2Fwp%2Fv2%2Fmedia&parent=8131"}],"wp:term":[{"taxonomy":"category","embeddable":true,"href":"https:\/\/parafia.niepokalanow.pl\/index.php?rest_route=%2Fwp%2Fv2%2Fcategories&post=8131"},{"taxonomy":"post_tag","embeddable":true,"href":"https:\/\/parafia.niepokalanow.pl\/index.php?rest_route=%2Fwp%2Fv2%2Ftags&post=8131"}],"curies":[{"name":"wp","href":"https:\/\/api.w.org\/{rel}","templated":true}]}}