{"id":8061,"date":"2017-08-12T22:45:24","date_gmt":"2017-08-12T20:45:24","guid":{"rendered":"http:\/\/parafia.niepokalanow.pl\/?p=8061"},"modified":"2017-08-12T22:45:24","modified_gmt":"2017-08-12T20:45:24","slug":"xix-niedziela-w-ciagu-roku-uroczystosc-sw-maksymiliana-wniebowziecie-nmp-13-15-sierpnia-2017-r","status":"publish","type":"post","link":"https:\/\/parafia.niepokalanow.pl\/?p=8061","title":{"rendered":"XIX Niedziela w ci\u0105gu roku &#8211; uroczysto\u015b\u0107 \u015bw. Maksymiliana, Wniebowzi\u0119cie NMP &#8211; 13-15 sierpnia 2017 r."},"content":{"rendered":"<ol>\n<li>W tym tygodniu w liturgii Ko\u015bcio\u0142a b\u0119dziemy obchodzi\u0107:<\/li>\n<\/ol>\n<ul>\n<li>14 sierpnia w poniedzia\u0142ek: Uroczysto\u015b\u0107 \u015bw. Maksymiliana Kolbego, prezbitera<br \/>\ni m\u0119czennika<\/li>\n<li>15 sierpnia we wtorek: Uroczysto\u015b\u0107 Wniebowzi\u0119cia NMP;<\/li>\n<li>17 sierpnia w czwartek: Wspomnienie \u015bw. Jacka, prezbitera;<\/li>\n<li>19 sierpnia w sobot\u0119: Wspomnienie \u015bw. Ludwika, biskupa;<\/li>\n<\/ul>\n<p><!--more--><\/p>\n<ol start=\"2\">\n<li>Jutro uroczysto\u015b\u0107 \u015bw. Maksymiliana. Msza \u015bw. o&nbsp;godz. 7.00 zostanie odprawiona w Sanktuarium \u015bw. Maksymiliana, pozosta\u0142e Msze \u015bw. w Bazylice jak w dzie\u0144 powszedni.<br \/>\nO godz. 10.40 zapraszamy na \u015bwiadectwo, natomiast Mszy \u015bw. o godz. 11.00 b\u0119dzie przewodniczy\u0142 O. Prowincja\u0142 Wies\u0142aw Pyzio; po Mszy z\u0142o\u017cenie wi\u0105zanek przy pomniku \u015bw. Maksymiliana. O godz. 17.00 odb\u0119dzie si\u0119 nabo\u017ce\u0144stwo TRANSITUS, upami\u0119tniaj\u0105ce \u015bmier\u0107 Za\u0142o\u017cyciela Niepokalanowa. Rozpoczniemy w Sanktuarium \u015bw. Maksymiliana i udamy si\u0119 do Bazyliki. Mszy \u015bw. o godz. 18.00 w int. rodzin i ma\u0142\u017ce\u0144stw b\u0119dzie przewodniczy\u0142<br \/>\ni homili\u0119 wyg\u0142osi ks. Piotr Pawlukiewicz, po liturgii \u015bwiadectwo pa\u0144stwa Terlikowskich.&nbsp;Wieczorem zapraszamy na godz. 21.00 na Wiecz\u00f3r Uwielbienia. Poprzedzimy go \u015bwiadectwem si\u00f3str zakonnych z Portugalii o godz. 20.45. B\u0119dzie nam towarzyszy\u0142a Monstrancja Fatimska, b\u0119d\u0105ca wotum narodu polskiego dla Matki Bo\u017cej z Fatimy z okazji 100-lecia objawie\u0144. Jej autorem jest p. Mariusz Drapikowski, projektant kaplicy adoracji w naszej Bazylice. Adoracja Naj\u015bwi\u0119tszego Sakramentu w Bazylice w godz. 21.00 do 23.00 i od godz. 24.00 do 5.45 nast\u0119pnego dnia, potem uroczyste przeniesienie do Kaplicy \u015bw. Maksymiliana i adoracja Pana Jezusa do godz. 17.00. Zapraszamy wszystkich parafian, cz\u0142onk\u00f3w wsp\u00f3lnot parafialnych i pielgrzym\u00f3w do tego czuwania; uczy\u0144my wszystko, aby w&nbsp;godzinach nocnych Chrystus Eucharystyczny nie by\u0142 sam. Ofiarujmy nasz\u0105 modlitw\u0119 o dobre owoce tworzonej kaplicy adoracji. Zach\u0119camy do wpisywania si\u0119 na list\u0119 czuwania, kt\u00f3ra jest w zakrystii, po 2 osoby co p\u00f3\u0142 godziny.<\/li>\n<li>We wtorek, 15 sierpnia, uroczysto\u015b\u0107 odpustowa Wniebowzi\u0119cia NMP. Msze \u015bwi\u0119te w tym dniu odprawimy w porz\u0105dku niedzielnym; na wszystkich Mszach \u015bw. zawierzenie Niepokalanemu Sercu Maryi. Mszy \u015bwi\u0119tej o godz. 11.30 przy o\u0142tarzu polowym b\u0119dzie przewodniczy\u0142 ks. bp Stefan Regmunt, biskup senior diecezji zielonog\u00f3rsko-gorzowskiej. Poprzedzi j\u0105 konferencja i \u015bwiadectwo na o\u0142tarzu polowym o godz. 10.00. Po\u015bwi\u0119cenie kwiat\u00f3w, owoc\u00f3w i&nbsp;zi\u00f3\u0142 po ka\u017cdej Mszy \u015bwi\u0119tej. O godz. 15.00 zostanie odprawione wok\u00f3\u0142 bazyliki nabo\u017ce\u0144stwo z&nbsp;rozwa\u017caniami rado\u015bci Matki Bo\u017cej zwane Dr\u00f3\u017ckami. W godzinach od 12.00 do 18.00 zapraszamy rodziny z dzie\u0107mi do stoisk przed Bazylik\u0105, organizowanych przez Rycerzy Niepokalanej.<\/li>\n<li>Zapraszamy w dniu 19 lipca, sobota, na godz. 19.00 do Sali \u015bw. Bonawentury na film <strong>Aposto\u0142<\/strong>. Opowiada o nawr\u00f3ceniu na chrze\u015bcija\u0144stwo m\u0142odego francuskiego muzu\u0142manina, a tak\u017ce stawia pytanie czy istnieje mo\u017cliwo\u015b\u0107 pe\u0142nego szacunku i wsp\u00f3\u0142istnienia wyznawc\u00f3w islamu i chrze\u015bcijan. Po filmie spotkanie z Patrycj\u0105 Hurlak, aktork\u0105. Pokaz odbywa si\u0119 w ramach Mi\u0119dzynarodowego Festiwalu Film\u00f3w Niepokalan\u00f3w.<\/li>\n<li>W przysz\u0142\u0105 niedziel\u0119, zapraszamy na Msz\u0119 \u015bw. o godz. 16.00, b\u0119dzie jej przewodniczy\u0142 o. Piotr Szczepa\u0144ski, wikariusz prowincji. B\u0119dzie to dzi\u0119kczynienie za rodziny, przyjaci\u00f3\u0142 i bliskich. Po Mszy \u015bw. zapraszamy na parafialny festyn rodzinny, za Bazylik\u0105. Prosimy parafian i sympatyk\u00f3w o przyniesienie do \u201eKwadratu\u201d na godz. 15.00 ciast i owoc\u00f3w.<\/li>\n<li>Do 22 sierpnia trwa Wielkie Zawierzenie Niepokalanemu Sercu Maryi. W tygodniu spotykamy si\u0119 wieczorem o godz. 17.00, w sobot\u0119 o 11.00, a w niedziel\u0119 o godz. 15.00. W programie: r\u00f3\u017caniec, Msza \u015bw., zawierzenie Maryi wszelkich spraw i spotkania z zaproszonymi go\u015b\u0107mi. Szczeg\u00f3\u0142owy program na folderach na ko\u0144cu bazyliki, w gablocie&nbsp;i na stronie Niepokalanowa.<\/li>\n<li>W dniach od 22 do 26 sierpnia, w Niepokalanowie odb\u0119dzie si\u0119 Rekolekcyjne Spotkanie M\u0142odych \u2013 Max Festiwal. W tym roku spotkanie po\u015bwi\u0119cone jest decyzjom. Wi\u0119cej informacji na&nbsp;stronie internetowej: <a href=\"http:\/\/www.maxfestiwal.pl\">maxfestiwal.pl<\/a>.<\/li>\n<li>Dzisiaj przed Bazylik\u0105 jest rozprowadzany Rycerz Niepokalanej, czasopismo &#8222;Cuda i \u0142aski&#8221;.<\/li>\n<\/ol>\n","protected":false},"excerpt":{"rendered":"<p>W tym tygodniu w liturgii Ko\u015bcio\u0142a b\u0119dziemy obchodzi\u0107: 14 sierpnia w poniedzia\u0142ek: Uroczysto\u015b\u0107 \u015bw. Maksymiliana Kolbego, prezbitera i m\u0119czennika 15 sierpnia we wtorek: Uroczysto\u015b\u0107 Wniebowzi\u0119cia NMP; 17 sierpnia w czwartek: [&hellip;]<\/p>\n","protected":false},"author":1,"featured_media":8062,"comment_status":"closed","ping_status":"open","sticky":false,"template":"","format":"standard","meta":{"footnotes":""},"categories":[1],"tags":[],"class_list":["post-8061","post","type-post","status-publish","format-standard","has-post-thumbnail","hentry","category-bez-kategorii"],"_links":{"self":[{"href":"https:\/\/parafia.niepokalanow.pl\/index.php?rest_route=\/wp\/v2\/posts\/8061","targetHints":{"allow":["GET"]}}],"collection":[{"href":"https:\/\/parafia.niepokalanow.pl\/index.php?rest_route=\/wp\/v2\/posts"}],"about":[{"href":"https:\/\/parafia.niepokalanow.pl\/index.php?rest_route=\/wp\/v2\/types\/post"}],"author":[{"embeddable":true,"href":"https:\/\/parafia.niepokalanow.pl\/index.php?rest_route=\/wp\/v2\/users\/1"}],"replies":[{"embeddable":true,"href":"https:\/\/parafia.niepokalanow.pl\/index.php?rest_route=%2Fwp%2Fv2%2Fcomments&post=8061"}],"version-history":[{"count":0,"href":"https:\/\/parafia.niepokalanow.pl\/index.php?rest_route=\/wp\/v2\/posts\/8061\/revisions"}],"wp:featuredmedia":[{"embeddable":true,"href":"https:\/\/parafia.niepokalanow.pl\/index.php?rest_route=\/wp\/v2\/media\/8062"}],"wp:attachment":[{"href":"https:\/\/parafia.niepokalanow.pl\/index.php?rest_route=%2Fwp%2Fv2%2Fmedia&parent=8061"}],"wp:term":[{"taxonomy":"category","embeddable":true,"href":"https:\/\/parafia.niepokalanow.pl\/index.php?rest_route=%2Fwp%2Fv2%2Fcategories&post=8061"},{"taxonomy":"post_tag","embeddable":true,"href":"https:\/\/parafia.niepokalanow.pl\/index.php?rest_route=%2Fwp%2Fv2%2Ftags&post=8061"}],"curies":[{"name":"wp","href":"https:\/\/api.w.org\/{rel}","templated":true}]}}