{"id":8051,"date":"2017-08-05T16:26:51","date_gmt":"2017-08-05T14:26:51","guid":{"rendered":"http:\/\/parafia.niepokalanow.pl\/?p=8051"},"modified":"2017-08-05T16:32:35","modified_gmt":"2017-08-05T14:32:35","slug":"xviii-niedziela-w-ciagu-roku-swieto-przemienienia-panskiego","status":"publish","type":"post","link":"https:\/\/parafia.niepokalanow.pl\/?p=8051","title":{"rendered":"XVIII Niedziela w ci\u0105gu roku &#8211; \u015bwi\u0119to Przemienienia Pa\u0144skiego"},"content":{"rendered":"<ol>\n<li>W tym tygodniu w liturgii Ko\u015bcio\u0142a b\u0119dziemy obchodzi\u0107:<\/li>\n<\/ol>\n<ul>\n<li>8 sierpnia we wtorek: \u015awi\u0119to \u015bw. Dominika, prezbitera;<\/li>\n<li>9 sierpnia w \u015brod\u0119: \u015awi\u0119to \u015bw. Teresy Benedykty od Krzy\u017ca, dziewicy i&nbsp;m\u0119czennicy, Patronki Europy;<\/li>\n<li>10 sierpnia w czwartek: \u015awi\u0119to \u015bw. Wawrzy\u0144ca, diakona i m\u0119czennika;<\/li>\n<li>11 sierpnia w pi\u0105tek: \u015awi\u0119to \u015bw. Klary z Asy\u017cu, dziewicy.<\/li>\n<\/ul>\n<p><!--more--><\/p>\n<ol start=\"2\">\n<li>W dniu dzisiejszym w naszym sanktuarium rozpoczynamy Wielkie Zawierzenie Niepokalanemu Sercu Maryi. O godz. 15.00 w kaplicy \u015bw. Maksymiliana koronka &nbsp;do Bo\u017cego Mi\u0142osierdzia, nast\u0119pnie modlitwa przy figurce Niepokalanej z racji 90. rocznicy po\u015bwi\u0119cenia, procesja r\u00f3\u017ca\u0144cowa do Bazyliki. Mszy \u015bw. o godz. 16.00 b\u0119dzie przewodniczy\u0142 O. Prowincja\u0142 Wies\u0142aw Pyzio; po Mszy \u015bw. zawierzenie Niepokalanemu Sercu Maryi dziedzictwa Kolbia\u0144skiego i procesja eucharystyczna wok\u00f3\u0142 Bazyliki. Zapraszamy do udzia\u0142u asyst\u0119 liturgiczn\u0105, ministrant\u00f3w, biel i&nbsp;dziewczynki sypi\u0105ce kwiaty. Na zako\u0144czenie spotkania wyst\u0105pi zesp\u00f3\u0142 rodzinny <em>Eo Nomine<\/em>, kt\u00f3ry podczas Mszy \u015bw. w ci\u0105gu dnia pomaga nam w prze\u017cywaniu liturgii. Rozprowadzaj\u0105 tak\u017ce p\u0142yty CD jako cegie\u0142ki na dzie\u0142a ewangelizacji w hospicjach, wi\u0119zieniach i domach opieki. Wielkie Zawierzenie potrwa do 22 sierpnia. W tygodniu spotykamy si\u0119 wieczorem o godz. 17.00, w sobot\u0119 o 11.00, a w niedziel\u0119 o godz. 15.00. W programie: r\u00f3\u017caniec, Msza \u015bw., zawierzenie Maryi wszelkich spraw i spotkania z zaproszonymi go\u015b\u0107mi. Szczeg\u00f3\u0142owy program na folderach na ko\u0144cu bazyliki, w gablocie i na stronie Niepokalanowa.<\/li>\n<li>W sobot\u0119 odb\u0119dzie si\u0119 Nocna pielgrzymka z Miedniewic do Niepokalanowa oraz nocne czuwanie w bazylice. Osoby, kt\u00f3re chcia\u0142yby si\u0119 uda\u0107 do Miedniewic autokarem proszone s\u0105 o kontakt z p. Ann\u0105 W\u0142odarczyk (tel. 889 590 461). Wyjazd sprzed bazyliki o godz. 20.00. Msza \u015bwi\u0119ta poranna w niedziel\u0119 b\u0119dzie sprawowana o godz. 5.45.<\/li>\n<li>Z ca\u0142ego serca sk\u0142adamy ogromne podzi\u0119kowanie ca\u0142ej wsp\u00f3lnocie parafialnej za ofiarno\u015b\u0107, wszelkie dary, wra\u017cliwo\u015b\u0107 serca i pomoc w podj\u0119ciu pielgrzym\u00f3w zmierzaj\u0105cych na Jasn\u0105 G\u00f3r\u0119 z E\u0142ku i Warszawy. Dzi\u0119kujemy r\u00f3wnie\u017c wszystkim za ofiary z\u0142o\u017cone dla pielgrzym\u00f3w. Niech dobry B\u00f3g wynagrodzi wszystkim Ofiarodawcom swym b\u0142ogos\u0142awie\u0144stwem i \u0142ask\u0105.<\/li>\n<\/ol>\n","protected":false},"excerpt":{"rendered":"<p>W tym tygodniu w liturgii Ko\u015bcio\u0142a b\u0119dziemy obchodzi\u0107: 8 sierpnia we wtorek: \u015awi\u0119to \u015bw. Dominika, prezbitera; 9 sierpnia w \u015brod\u0119: \u015awi\u0119to \u015bw. Teresy Benedykty od Krzy\u017ca, dziewicy i&nbsp;m\u0119czennicy, Patronki Europy; [&hellip;]<\/p>\n","protected":false},"author":1,"featured_media":8052,"comment_status":"closed","ping_status":"open","sticky":false,"template":"","format":"standard","meta":{"footnotes":""},"categories":[1],"tags":[],"class_list":["post-8051","post","type-post","status-publish","format-standard","has-post-thumbnail","hentry","category-bez-kategorii"],"_links":{"self":[{"href":"https:\/\/parafia.niepokalanow.pl\/index.php?rest_route=\/wp\/v2\/posts\/8051","targetHints":{"allow":["GET"]}}],"collection":[{"href":"https:\/\/parafia.niepokalanow.pl\/index.php?rest_route=\/wp\/v2\/posts"}],"about":[{"href":"https:\/\/parafia.niepokalanow.pl\/index.php?rest_route=\/wp\/v2\/types\/post"}],"author":[{"embeddable":true,"href":"https:\/\/parafia.niepokalanow.pl\/index.php?rest_route=\/wp\/v2\/users\/1"}],"replies":[{"embeddable":true,"href":"https:\/\/parafia.niepokalanow.pl\/index.php?rest_route=%2Fwp%2Fv2%2Fcomments&post=8051"}],"version-history":[{"count":0,"href":"https:\/\/parafia.niepokalanow.pl\/index.php?rest_route=\/wp\/v2\/posts\/8051\/revisions"}],"wp:featuredmedia":[{"embeddable":true,"href":"https:\/\/parafia.niepokalanow.pl\/index.php?rest_route=\/wp\/v2\/media\/8052"}],"wp:attachment":[{"href":"https:\/\/parafia.niepokalanow.pl\/index.php?rest_route=%2Fwp%2Fv2%2Fmedia&parent=8051"}],"wp:term":[{"taxonomy":"category","embeddable":true,"href":"https:\/\/parafia.niepokalanow.pl\/index.php?rest_route=%2Fwp%2Fv2%2Fcategories&post=8051"},{"taxonomy":"post_tag","embeddable":true,"href":"https:\/\/parafia.niepokalanow.pl\/index.php?rest_route=%2Fwp%2Fv2%2Ftags&post=8051"}],"curies":[{"name":"wp","href":"https:\/\/api.w.org\/{rel}","templated":true}]}}