{"id":8044,"date":"2017-07-30T01:14:27","date_gmt":"2017-07-29T23:14:27","guid":{"rendered":"http:\/\/parafia.niepokalanow.pl\/?p=8044"},"modified":"2017-07-30T01:15:41","modified_gmt":"2017-07-29T23:15:41","slug":"xvii-niedziela-w-ciagu-roku","status":"publish","type":"post","link":"https:\/\/parafia.niepokalanow.pl\/?p=8044","title":{"rendered":"XVII Niedziela w ci\u0105gu roku &#8211; 30.07.2017"},"content":{"rendered":"<ol>\n<li>W tym tygodniu w liturgii Ko\u015bcio\u0142a b\u0119dziemy obchodzi\u0107:<\/li>\n<\/ol>\n<ul>\n<li>31 lipca, w poniedzia\u0142ek: Wspomnienie \u015bw. Ignacego Loyoli, prezbitera;<\/li>\n<li>1 sierpnia we wtorek: Wspomnienie \u015bw. Alfonsa Liguoriego, biskupa;<\/li>\n<li>2 sierpnia w \u015brod\u0119: \u015awi\u0119to NMP Anielskiej z Porcjunkuli;<\/li>\n<li>4 sierpnia w pi\u0105tek: Wspomnienie \u015bw. Jana Marii Vianney\u2019a, patrona kap\u0142an\u00f3w;<\/li>\n<li>6 sierpnia w niedziel\u0119: \u015awi\u0119to Przemienienia Pa\u0144skiego.<\/li>\n<\/ul>\n<ol start=\"2\">\n<li>Zapraszamy do Sali \u015bw. Bonawentury na projekcj\u0119 filmu \u201eFatima, or\u0119dzie wci\u0105\u017c aktualne\u201d dzi\u015b o 13.30 i o godz. 15.00 oraz w sobot\u0119 5 sierpnia o godz. 13.30. &nbsp;Wst\u0119p wolny. Tak\u017ce dzisiaj przed Bazylik\u0105 jest rozprowadzany wakacyjny numer Rycerza Niepokalanej i miesi\u0119cznik \u201eCuda<br \/>\ni \u0141aski\u201d &nbsp;po\u015bwi\u0119cony w ca\u0142o\u015bci &nbsp;zawierzeniu Matce Bo\u017cej w naszym sanktuarium.<\/li>\n<\/ol>\n<p><!--more--><\/p>\n<ol start=\"3\">\n<li>Wszystkich, kt\u00f3rzy pragn\u0105 w\u0142\u0105czy\u0107 si\u0119 we wsp\u00f3lne pielgrzymowanie z naszej parafii w&nbsp;grupie br\u0105zowej 37 WAPM, informujemy, \u017ce zapisy odb\u0119d\u0105 si\u0119 dzi\u015b od godz. od 11.30 do 20.30<br \/>\nw kawiarence \u201eZau\u0142ek Anio\u0142\u00f3w\u201d.<\/li>\n<li>We wtorek z racji 73. rocznicy Powstania Warszawskiego pami\u0119tajmy w modlitwie<br \/>\no poleg\u0142ych Powsta\u0144cach. Tego dnia w naszej Archidiecezji o godz. 17.00 zostan\u0105 uruchomione dzwony ko\u015bcielne. Sygna\u0142 ten b\u0119dzie form\u0105 ho\u0142du poleg\u0142ym i \u017cyj\u0105cym Powsta\u0144com oraz mieszka\u0144com naszej Stolicy. Tak\u017ce w tym dniu zaczynamy przyjmowanie rezerwacji \u015blub\u00f3w na rok 2018 dla narzeczonych spoza naszej parafii.<\/li>\n<li>W \u015brod\u0119 2 sierpnia w \u015bwi\u0119to Matki Bo\u017cej Anielskiej mo\u017cna zyska\u0107 odpust zupe\u0142ny, zwany odpustem Porcjunkuli. Mo\u017cna go ofiarowa\u0107 za siebie lub za dusz\u0119 w &nbsp;czy\u015b\u0107cu cierpi\u0105c\u0105.<\/li>\n<li>W tym tygodniu przypadaj\u0105 dni odnowy wewn\u0119trznej: w I czwartek miesi\u0105ca, 3 sierpnia, zapraszamy na Msz\u0119 \u015bw. o g. 18.00 i nabo\u017ce\u0144stwo godziny \u015bwi\u0119tej w intencji budowy kaplicy adoracji, jak r\u00f3wnie\u017c wszystkich darczy\u0144c\u00f3w i zaanga\u017cowanych w to dzie\u0142o.<br \/>\nW I pi\u0105tek spowied\u017a dla dzieci o godz. 17.30, natomiast dla&nbsp;wiernych w Budkach Piaseckich o sta\u0142ej porze. Do chorych udamy si\u0119 we wrze\u015bniu. W I sobot\u0119 odb\u0119dzie si\u0119 kolejne spotkanie \u201eOddaj si\u0119 Maryi\u201d; rozpocz\u0119cie o 10.00 w sali \u015bw. Bonawentury, nast\u0119pnie o g. 11.00 Msza \u015bw.<br \/>\ni nabo\u017ce\u0144stwo r\u00f3\u017ca\u0144cowe w Bazylice. Zapraszamy tak\u017ce na Wielkie Zawierzenie Niepokalanemu Sercu Maryi od 6 do 22 sierpnia. Ka\u017cdego dnia &nbsp;b\u0119dzie mo\u017cna zawierzy\u0107 Niepokalanej siebie oraz wszystkie troski i problemy. W programie Msza \u015bw., &nbsp;modlitwa r\u00f3\u017ca\u0144cowa, \u015bwiadectwa<br \/>\ni spotkania z go\u015b\u0107mi, filmy i koncerty. Szczeg\u00f3\u0142y na stronie internetowej Niepokalanowa i na folderach wy\u0142o\u017conych w naszej bazylice.<\/li>\n<li>W sobot\u0119, 5 sierpnia przyb\u0119d\u0105 do nas pielgrzymi z diecezji e\u0142ckiej w&nbsp;liczbie ok. 500 os\u00f3b, kt\u00f3rych po Mszy \u015bw. o godz. 8.00 podejmiemy posi\u0142kiem. W&nbsp;niedziel\u0119 za\u015b przyb\u0119dzie do nas WAPM w&nbsp;liczbie ok. 2500 os\u00f3b. Msza \u015bw. b\u0119dzie dla nich sprawowana przy o\u0142tarzu polowym o&nbsp;godz. 10.00, za\u015b po Eucharystii \u2013 pocz\u0119stunek dla pielgrzym\u00f3w. Nie b\u0119dzie w tym dniu Mszy \u015bw.<br \/>\no godz. 10.00 w Bazylice. Przygotowanie posi\u0142ku b\u0119dzie w sobot\u0119 o&nbsp;godz. 7.30 rano, jak<br \/>\ni w niedziel\u0119 o godz. 6.00 w domu pielgrzyma, tam r\u00f3wnie\u017c mo\u017cna przynosi\u0107 ciasta, owoce<br \/>\ni warzywa. Serdecznie dzi\u0119kujemy za ofiarno\u015b\u0107 i prosimy o pomoc w przyj\u0119ciu p\u0105tnik\u00f3w.<\/li>\n<li>Za tydzie\u0144 w niedziel\u0119 z racji I niedzieli miesi\u0105ca nabo\u017ce\u0144stwo o godz. 17.00 b\u0119dzie po\u0142\u0105czone z&nbsp;procesj\u0105 eucharystyczn\u0105. Zapraszamy do udzia\u0142u asyst\u0119 liturgiczn\u0105, ministrant\u00f3w, biel i&nbsp;dziewczynki sypi\u0105ce kwiaty.<\/li>\n<li>W minionym tygodniu odszed\u0142 do wieczno\u015bci: \u015bp. Lech Drabi\u0144ski, l. 75 z Paprotni. <em>Wieczny odpoczynek racz mu da\u0107 Panie\u2026<\/em><\/li>\n<\/ol>\n<p>&nbsp;<\/p>\n<p>&nbsp;<\/p>\n","protected":false},"excerpt":{"rendered":"<p>W tym tygodniu w liturgii Ko\u015bcio\u0142a b\u0119dziemy obchodzi\u0107: 31 lipca, w poniedzia\u0142ek: Wspomnienie \u015bw. Ignacego Loyoli, prezbitera; 1 sierpnia we wtorek: Wspomnienie \u015bw. Alfonsa Liguoriego, biskupa; 2 sierpnia w \u015brod\u0119: [&hellip;]<\/p>\n","protected":false},"author":1,"featured_media":8047,"comment_status":"closed","ping_status":"open","sticky":false,"template":"","format":"standard","meta":{"footnotes":""},"categories":[1],"tags":[],"class_list":["post-8044","post","type-post","status-publish","format-standard","has-post-thumbnail","hentry","category-bez-kategorii"],"_links":{"self":[{"href":"https:\/\/parafia.niepokalanow.pl\/index.php?rest_route=\/wp\/v2\/posts\/8044","targetHints":{"allow":["GET"]}}],"collection":[{"href":"https:\/\/parafia.niepokalanow.pl\/index.php?rest_route=\/wp\/v2\/posts"}],"about":[{"href":"https:\/\/parafia.niepokalanow.pl\/index.php?rest_route=\/wp\/v2\/types\/post"}],"author":[{"embeddable":true,"href":"https:\/\/parafia.niepokalanow.pl\/index.php?rest_route=\/wp\/v2\/users\/1"}],"replies":[{"embeddable":true,"href":"https:\/\/parafia.niepokalanow.pl\/index.php?rest_route=%2Fwp%2Fv2%2Fcomments&post=8044"}],"version-history":[{"count":0,"href":"https:\/\/parafia.niepokalanow.pl\/index.php?rest_route=\/wp\/v2\/posts\/8044\/revisions"}],"wp:featuredmedia":[{"embeddable":true,"href":"https:\/\/parafia.niepokalanow.pl\/index.php?rest_route=\/wp\/v2\/media\/8047"}],"wp:attachment":[{"href":"https:\/\/parafia.niepokalanow.pl\/index.php?rest_route=%2Fwp%2Fv2%2Fmedia&parent=8044"}],"wp:term":[{"taxonomy":"category","embeddable":true,"href":"https:\/\/parafia.niepokalanow.pl\/index.php?rest_route=%2Fwp%2Fv2%2Fcategories&post=8044"},{"taxonomy":"post_tag","embeddable":true,"href":"https:\/\/parafia.niepokalanow.pl\/index.php?rest_route=%2Fwp%2Fv2%2Ftags&post=8044"}],"curies":[{"name":"wp","href":"https:\/\/api.w.org\/{rel}","templated":true}]}}