{"id":8007,"date":"2017-07-22T16:21:29","date_gmt":"2017-07-22T14:21:29","guid":{"rendered":"http:\/\/parafia.niepokalanow.pl\/?p=8007"},"modified":"2017-07-22T16:21:29","modified_gmt":"2017-07-22T14:21:29","slug":"xvi-niedziela-w-ciagu-roku-23-07-2017","status":"publish","type":"post","link":"https:\/\/parafia.niepokalanow.pl\/?p=8007","title":{"rendered":"XVI Niedziela w ci\u0105gu roku &#8211; 23.07.2017"},"content":{"rendered":"<ol>\n<li>W tym tygodniu w liturgii Ko\u015bcio\u0142a b\u0119dziemy obchodzi\u0107:<\/li>\n<\/ol>\n<ul>\n<li>24 lipca w poniedzia\u0142ek: Wspomnienie \u015bw. Kingi, dziewicy;<\/li>\n<li>25 lipca we wtorek: \u015awi\u0119to \u015bw. Jakuba, Aposto\u0142a;<\/li>\n<li>26 lipca w \u015brod\u0119: Wspomnienie \u015bwi\u0119tych Joachima i Anny, rodzic\u00f3w Naj\u015bwi\u0119tszej Maryi Panny;<\/li>\n<li>29 lipca w sobot\u0119: Wspomnienie \u015bw. Marty<\/li>\n<\/ul>\n<ol start=\"2\">\n<li>Dzi\u015b po wszystkich Mszach \u015bwi\u0119tych s\u0105 zbierane ofiary do puszek na zakup produkt\u00f3w \u017cywno\u015bciowych na pocz\u0119stunek dla pielgrzym\u00f3w z E\u0142ku i Warszawy, kt\u00f3rzy przyb\u0119d\u0105 do naszego Sanktuarium na pocz\u0105tku sierpnia.<\/li>\n<\/ol>\n<p><!--more--><\/p>\n<ol start=\"3\">\n<li>We wtorek przypada liturgiczne \u015bwi\u0119to \u015bw. Jakuba Aposto\u0142a, a w tradycji Ko\u015bcio\u0142a tak\u017ce \u015bw.&nbsp;Krzysztofa, patrona kierowc\u00f3w i podr\u00f3\u017cuj\u0105cych. Z tej racji po Mszy \u015bw. o godz. 11.00 nast\u0105pi po\u015bwi\u0119cenie pojazd\u00f3w na parkingu przy bazylice. Natomiast o&nbsp;godz.<strong>00<\/strong>w&nbsp;bazylice Kard. Robert&nbsp;<strong>Sarah &#8211; <\/strong>prefekt Kongregacji ds. Kultu Bo\u017cego i Dyscypliny Sakrament\u00f3w&nbsp;odprawi Msz\u0119 \u015bw. w j. \u0142aci\u0144skim. Po Mszy \u015bwi\u0119tej Kardyna\u0142&nbsp;<strong>pob\u0142ogos\u0142awi samochody.<\/strong> Nast\u0119pnie w&nbsp;sali \u015bw. Bonawentury odb\u0119dzie&nbsp;si\u0119&nbsp;<strong>spotkanie z&nbsp;Kardyna\u0142em<\/strong>, podczas kt\u00f3rego b\u0119dzie mo\u017cliwo\u015b\u0107 zadawania pyta\u0144.<\/li>\n<li>W pi\u0105tek 28 lipca o godz. 18.00 zapraszamy na Eucharysti\u0119, kt\u00f3ra b\u0119dzie sprawowana o&nbsp;beatyfikacj\u0119 S\u0142ugi Bo\u017cego Kardyna\u0142a Stefana Wyszy\u0144skiego.<\/li>\n<li>Po wszystkich Mszach \u015bw. przed bazylik\u0105 nasi bracia rozprowadzaj\u0105 wakacyjny numer Rycerza Niepokalanej.<\/li>\n<li>Zapraszamy do Sali \u015bw. Bonawentury na projekcj\u0119 filmu \u201eFatima, or\u0119dzie wci\u0105\u017c aktualne\u201d dzi\u015b o 14.30 i w nast\u0119pn\u0105 niedziel\u0119 o godz. 13.30 i 15.00. Po pokazie b\u0119dzie spotkanie z re\u017cyserem filmu p. Jaros\u0142aw Ma\u0144ka. Wst\u0119p wolny.<\/li>\n<li>We wtorek 25 lipca w Niepokalanowie b\u0119dziemy go\u015bci\u0107 pielgrzym\u00f3w z Libanu z relikwiami \u015bw. Charbela. O godz. 15.30 w Bazylice b\u0119dzie sprawowana Msza \u015bw., po Eucharystii b\u0119dzie nabo\u017ce\u0144stwo uczczenia relikwii \u015bw. Charbela, w czasie kt\u00f3rego b\u0119d\u0105 &nbsp;rozdawane obrazki z wizerunkiem i modlitw\u0105 do \u015bw. Charbela oraz oleje z jego grobu.<\/li>\n<li>W najbli\u017csz\u0105 sobot\u0119 rozpocznie si\u0119 Og\u00f3lnopolski Dzie\u0144 Modlitw Rycerstwa Niepokalanej pod has\u0142em: \u201e100 lat historii, 100 lat misji\u201d. O godz. 19.00 zapraszamy na&nbsp;uroczyst\u0105 Eucharysti\u0119 do bazyliki, kt\u00f3rej przewodniczy\u0107 b\u0119dzie ks. Bp Tadeusz Bronakowski. O&nbsp;godz. 21.00 Apel Maryjny, kt\u00f3ry rozpocznie ca\u0142onocne czuwanie w bazylice. Dzie\u0144 Modlitw zako\u0144czy si\u0119 w niedziel\u0119 o godz. 11.30 uroczyst\u0105 Eucharysti\u0105, kt\u00f3rej przewodniczy\u0107 b\u0119dzie Ks. Kard. Kazimierz Nycz \u2013 metropolita warszawski. Szczeg\u00f3\u0142owy plan ca\u0142ego czuwania znajduje si\u0119 w gablocie przed bazylik\u0105 oraz na stronie internetowej klasztoru. Zapraszamy na t\u0119 wsp\u00f3ln\u0105 modlitw\u0119 zw\u0142aszcza wszystkich Rycerzy Niepokalanej z naszej parafii.<\/li>\n<li>Bardzo gor\u0105co dzi\u0119kujemy wszystkim, kt\u00f3rzy wspieraj\u0105 dzie\u0142o budowy kaplicy adoracji przez swe modlitwy i ofiary. Ju\u017c teraz pragniemy poinformowa\u0107, \u017ce zosta\u0142y wymienione okna w absydzie bazyliki (koszt to 103&nbsp;800 z\u0142). Kolejnym etapem b\u0119dzie przygotowanie instalacji grzewczej na p\u00f3\u0142kolu oraz w przysz\u0142ej kaplicy adoracji. Pragniemy poinformowa\u0107, \u017ce w tym tygodniu rozpocznie si\u0119 wymiana nag\u0142o\u015bnienia w naszej bazylice. Koszt ca\u0142ej inwestycji to 270 tys. z\u0142. w tym: 120 tys. otrzymali\u015bmy jako dotacj\u0119 z Ministerstwa Kultury i Dziedzictwa Narodowego, 100 tys. otrzymali\u015bmy z Kurii Prowincjalnej ojc\u00f3w Franciszkan\u00f3w w Warszawie, za\u015b 50 tys. to ofiary od parafian sk\u0142adane podczas wizyty duszpasterskiej. Bardzo dzi\u0119kujemy za okazan\u0105 pomoc w tych wielkich dzie\u0142ach.<\/li>\n<li>W minionym tygodniu odszed\u0142 do wieczno\u015bci: \u015bp. Teresa Sieroci\u0144ska, l. 81 z Topo\u0142owej. <em>Wieczny odpoczynek racz jej da\u0107 Panie\u2026<\/em><\/li>\n<\/ol>\n","protected":false},"excerpt":{"rendered":"<p>W tym tygodniu w liturgii Ko\u015bcio\u0142a b\u0119dziemy obchodzi\u0107: 24 lipca w poniedzia\u0142ek: Wspomnienie \u015bw. Kingi, dziewicy; 25 lipca we wtorek: \u015awi\u0119to \u015bw. Jakuba, Aposto\u0142a; 26 lipca w \u015brod\u0119: Wspomnienie \u015bwi\u0119tych [&hellip;]<\/p>\n","protected":false},"author":1,"featured_media":8008,"comment_status":"closed","ping_status":"open","sticky":false,"template":"","format":"standard","meta":{"footnotes":""},"categories":[1],"tags":[],"class_list":["post-8007","post","type-post","status-publish","format-standard","has-post-thumbnail","hentry","category-bez-kategorii"],"_links":{"self":[{"href":"https:\/\/parafia.niepokalanow.pl\/index.php?rest_route=\/wp\/v2\/posts\/8007","targetHints":{"allow":["GET"]}}],"collection":[{"href":"https:\/\/parafia.niepokalanow.pl\/index.php?rest_route=\/wp\/v2\/posts"}],"about":[{"href":"https:\/\/parafia.niepokalanow.pl\/index.php?rest_route=\/wp\/v2\/types\/post"}],"author":[{"embeddable":true,"href":"https:\/\/parafia.niepokalanow.pl\/index.php?rest_route=\/wp\/v2\/users\/1"}],"replies":[{"embeddable":true,"href":"https:\/\/parafia.niepokalanow.pl\/index.php?rest_route=%2Fwp%2Fv2%2Fcomments&post=8007"}],"version-history":[{"count":0,"href":"https:\/\/parafia.niepokalanow.pl\/index.php?rest_route=\/wp\/v2\/posts\/8007\/revisions"}],"wp:featuredmedia":[{"embeddable":true,"href":"https:\/\/parafia.niepokalanow.pl\/index.php?rest_route=\/wp\/v2\/media\/8008"}],"wp:attachment":[{"href":"https:\/\/parafia.niepokalanow.pl\/index.php?rest_route=%2Fwp%2Fv2%2Fmedia&parent=8007"}],"wp:term":[{"taxonomy":"category","embeddable":true,"href":"https:\/\/parafia.niepokalanow.pl\/index.php?rest_route=%2Fwp%2Fv2%2Fcategories&post=8007"},{"taxonomy":"post_tag","embeddable":true,"href":"https:\/\/parafia.niepokalanow.pl\/index.php?rest_route=%2Fwp%2Fv2%2Ftags&post=8007"}],"curies":[{"name":"wp","href":"https:\/\/api.w.org\/{rel}","templated":true}]}}