{"id":7988,"date":"2017-07-15T09:27:07","date_gmt":"2017-07-15T07:27:07","guid":{"rendered":"http:\/\/parafia.niepokalanow.pl\/?p=7988"},"modified":"2017-07-15T09:28:19","modified_gmt":"2017-07-15T07:28:19","slug":"xv-niedziela-w-ciagu-roku-2","status":"publish","type":"post","link":"https:\/\/parafia.niepokalanow.pl\/?p=7988","title":{"rendered":"XV Niedziela w ci\u0105gu roku &#8211; 16.09.2017"},"content":{"rendered":"<ol>\n<li>W tym tygodniu w liturgii Ko\u015bcio\u0142a b\u0119dziemy obchodzi\u0107:<\/li>\n<\/ol>\n<ul>\n<li>18 lipca we wtorek: <a href=\"http:\/\/www.brewiarz.pl\/vii_16\/1807w\/index.php3?l=i\">Wspomnienie \u015bw. Szymona z Lipnicy, prezbitera<\/a>;<\/li>\n<li>20 lipca w czwartek: Wspomnienie b\u0142. Czes\u0142awa, prezbitera;<\/li>\n<li>21 lipca w pi\u0105tek: Wspomnienie \u015bw. Wawrzy\u0144ca z Brindisi, prezbitera i doktora Ko\u015bcio\u0142a;<\/li>\n<li>22 lipca w sobot\u0119: \u015awi\u0119to \u015bw. Marii Magdaleny;<\/li>\n<\/ul>\n<ol start=\"2\">\n<li>Za tydzie\u0144 b\u0119dziemy zbiera\u0107 ofiary do puszek na zakup produkt\u00f3w \u017cywno\u015bciowych na pocz\u0119stunek dla pielgrzym\u00f3w z E\u0142ku i Warszawy, kt\u00f3rzy przyb\u0119d\u0105 do naszego Sanktuarium na pocz\u0105tku sierpnia.<\/li>\n<\/ol>\n<p><!--more--><\/p>\n<ol start=\"3\">\n<li>Dzi\u015b 16 lipca o godzinie 17.00 nabo\u017ce\u0144stwem&nbsp;w bazylice rozpoczniemy kolejn\u0105 modlitw\u0119 o nawr\u00f3cenie nieprzyjaci\u00f3\u0142 Ko\u015bcio\u0142a \u015bwi\u0119tego, nawi\u0105zuj\u0105ca do setnej rocznicy za\u0142o\u017cenia Rycerstwa Niepokalanej&nbsp;.&nbsp;Od godziny 20.00 rozpocznie si\u0119 czuwanie w kaplicy \u015bw. Maksymiliana. Zako\u0144czenie Msz\u0105 \u015bwi\u0119t\u0105 o godzinie 5 rano 17 lipca. Szczeg\u00f3\u0142y na plakacie przed bazylik\u0105 i na folderach przy wyj\u015bciu z bazyliki. Serdecznie zapraszamy!<\/li>\n<li>Zapraszamy na najnowszy film znanego krakowskiego re\u017cysera Jaros\u0142awa Ma\u0144ki. \u201eFatima \u2013 or\u0119dzie wci\u0105\u017c aktualne\u201d. Autor przenosi nas w&nbsp;r\u00f3\u017cne zakamarki \u015bwiata: z&nbsp;Polski pod&nbsp;Kreml, a&nbsp;potem do&nbsp;Brazylii, W\u0142och i Portugalii. Wielu wyst\u0119puj\u0105cych w&nbsp;filmie rozm\u00f3wc\u00f3w odpowiada na&nbsp;pytania o&nbsp;przes\u0142anie, jakie dla wsp\u00f3\u0142czesnego \u015bwiata nios\u0105 objawienia fatimskie. Pokazy w Sali Bonawentury w sobot\u0119 22 lipca o godz. 19.00 i w niedziel\u0119 23 lipca o godzinie 14,30. Po filmie spotkanie z re\u017cyserem. Wst\u0119p wolny.<\/li>\n<li>W minionym tygodniu odesz\u0142a do wieczno\u015bci: \u015bp. Zofia Koz\u0142owska z Paprotni. <em>Wieczny odpoczynek racz jej da\u0107 Panie\u2026<\/em><\/li>\n<\/ol>\n","protected":false},"excerpt":{"rendered":"<p>W tym tygodniu w liturgii Ko\u015bcio\u0142a b\u0119dziemy obchodzi\u0107: 18 lipca we wtorek: Wspomnienie \u015bw. Szymona z Lipnicy, prezbitera; 20 lipca w czwartek: Wspomnienie b\u0142. Czes\u0142awa, prezbitera; 21 lipca w pi\u0105tek: [&hellip;]<\/p>\n","protected":false},"author":1,"featured_media":7989,"comment_status":"closed","ping_status":"open","sticky":false,"template":"","format":"standard","meta":{"footnotes":""},"categories":[1],"tags":[],"class_list":["post-7988","post","type-post","status-publish","format-standard","has-post-thumbnail","hentry","category-bez-kategorii"],"_links":{"self":[{"href":"https:\/\/parafia.niepokalanow.pl\/index.php?rest_route=\/wp\/v2\/posts\/7988","targetHints":{"allow":["GET"]}}],"collection":[{"href":"https:\/\/parafia.niepokalanow.pl\/index.php?rest_route=\/wp\/v2\/posts"}],"about":[{"href":"https:\/\/parafia.niepokalanow.pl\/index.php?rest_route=\/wp\/v2\/types\/post"}],"author":[{"embeddable":true,"href":"https:\/\/parafia.niepokalanow.pl\/index.php?rest_route=\/wp\/v2\/users\/1"}],"replies":[{"embeddable":true,"href":"https:\/\/parafia.niepokalanow.pl\/index.php?rest_route=%2Fwp%2Fv2%2Fcomments&post=7988"}],"version-history":[{"count":0,"href":"https:\/\/parafia.niepokalanow.pl\/index.php?rest_route=\/wp\/v2\/posts\/7988\/revisions"}],"wp:featuredmedia":[{"embeddable":true,"href":"https:\/\/parafia.niepokalanow.pl\/index.php?rest_route=\/wp\/v2\/media\/7989"}],"wp:attachment":[{"href":"https:\/\/parafia.niepokalanow.pl\/index.php?rest_route=%2Fwp%2Fv2%2Fmedia&parent=7988"}],"wp:term":[{"taxonomy":"category","embeddable":true,"href":"https:\/\/parafia.niepokalanow.pl\/index.php?rest_route=%2Fwp%2Fv2%2Fcategories&post=7988"},{"taxonomy":"post_tag","embeddable":true,"href":"https:\/\/parafia.niepokalanow.pl\/index.php?rest_route=%2Fwp%2Fv2%2Ftags&post=7988"}],"curies":[{"name":"wp","href":"https:\/\/api.w.org\/{rel}","templated":true}]}}