{"id":7969,"date":"2017-07-09T10:25:20","date_gmt":"2017-07-09T08:25:20","guid":{"rendered":"http:\/\/parafia.niepokalanow.pl\/?p=7969"},"modified":"2017-07-09T10:25:20","modified_gmt":"2017-07-09T08:25:20","slug":"xiv-niedziela-w-ciagu-roku-9-07-2017","status":"publish","type":"post","link":"https:\/\/parafia.niepokalanow.pl\/?p=7969","title":{"rendered":"XIV Niedziela w ci\u0105gu roku &#8211; 9.07.2017"},"content":{"rendered":"<ol>\n<li>W tym tygodniu w liturgii Ko\u015bcio\u0142a b\u0119dziemy obchodzi\u0107:<\/li>\n<\/ol>\n<ul>\n<li>10 lipca w poniedzia\u0142ek: Wspomnienie \u015bw. Weroniki Giuliani, dziewicy<\/li>\n<li>11 lipca we wtorek: \u015awi\u0119to \u015bw. Benedykta, opata, patrona Europy;<\/li>\n<li>12 lipca w \u015brod\u0119: Wspomnienie \u015bw. Brunona Bonifacego z&nbsp;Kwerfurtu, biskupa i m\u0119czennika;<\/li>\n<li>13 lipca w czwartek: Wspomnienie \u015bwi\u0119tych pustelnik\u00f3w Andrzeja \u015awierada i&nbsp;Benedykta;<\/li>\n<li>15 lipca w sobot\u0119: \u015awi\u0119to \u015bw. Bonawentury, biskupa i doktora Ko\u015bcio\u0142a;<\/li>\n<\/ul>\n<ol start=\"2\">\n<li>Po wszystkich Mszach \u015bw. przed bazylik\u0105 nasi bracia rozprowadzaj\u0105 wakacyjny numer Rycerza Niepokalanej.<\/li>\n<li>Tydzie\u0144 temu by\u0142y zbierane ofiary na rzecz misji franciszka\u0144skich. Zebrali\u015bmy 10756 z\u0142. Wszystkim serdecznie dzi\u0119kujemy za wra\u017cliwo\u015b\u0107 i hojno\u015b\u0107 serca.<\/li>\n<li>11 lipca przyb\u0119dzie do nas XX pielgrzymka Diecezji \u0141om\u017cy\u0144skiej do Niepokalanowa w&nbsp;intencji Trze\u017awo\u015bci Narodu. O godz. 12.00 pielgrzymi b\u0119d\u0105 uczestniczy\u0107 we Mszy \u015bwi\u0119tej w naszej bazylice.<\/li>\n<\/ol>\n<p><!--more--><\/p>\n<ol start=\"5\">\n<li>W pi\u0105tek 14 lipca w czasie wieczornej Mszy \u015bwi\u0119tej za&nbsp; przyczyn\u0105 \u015bw. Maksymiliana modli\u0107 si\u0119 b\u0119dziemy w intencji rodzic\u00f3w i ma\u0142\u017conk\u00f3w naszej parafii i&nbsp;pielgrzymuj\u0105cych do&nbsp;naszego Sanktuarium, szczeg\u00f3lnie tych, kt\u00f3re zawar\u0142y sakrament ma\u0142\u017ce\u0144stwa w miesi\u0105cu lipcu.<\/li>\n<li>W sobot\u0119 zapraszamy wiernych na Apel Maryjny, kt\u00f3ry odprawiamy o godz. 21.00.<\/li>\n<li>Zapraszamy w dniu 15 lipca (sobota) na 19.00 do Sali \u015bw. Bonawentury na film <strong>Zerwany k\u0142os<\/strong>. Jest to historia b\u0142. Karoliny K\u00f3zk\u00f3wny, kt\u00f3ra podczas I wojny \u015bwiatowej ponosi m\u0119cze\u0144sk\u0105 \u015bmier\u0107 w obronie wiary i czysto\u015bci. Film niesie przes\u0142anie o sensie cierpienia, zwyci\u0119stwie mi\u0142o\u015bci nad nienawi\u015bci\u0105, oraz o tym, \u017ce wiara w Jezusa Chrystusa potrafi nieustannie odmienia\u0107 \u017cycie ka\u017cdego z nas. Na spotkanie przyjedzie Aleksandra Hejda \u2013 odtw\u00f3rczyni roli b\u0142. Karoliny, oraz Magdalena Michalik, kt\u00f3ra w filmie gra Matk\u0119. Wst\u0119p bezp\u0142atny. Pokaz odbywa si\u0119 w ramach kolejnej edycji Mi\u0119dzynarodowego Festiwalu Film\u00f3w Niepokalan\u00f3w, kt\u00f3ry odbywa si\u0119 we Wroc\u0142awiu.<\/li>\n<li>W minionym tygodniu odszed\u0142 do wieczno\u015bci: \u015bp. Marian Pietrusiewicz l. 89 z Teresina. <em>Wieczny odpoczynek racz <\/em><em>mu da\u0107 Panie\u2026<\/em><\/li>\n<\/ol>\n","protected":false},"excerpt":{"rendered":"<p>W tym tygodniu w liturgii Ko\u015bcio\u0142a b\u0119dziemy obchodzi\u0107: 10 lipca w poniedzia\u0142ek: Wspomnienie \u015bw. Weroniki Giuliani, dziewicy 11 lipca we wtorek: \u015awi\u0119to \u015bw. Benedykta, opata, patrona Europy; 12 lipca w [&hellip;]<\/p>\n","protected":false},"author":1,"featured_media":7970,"comment_status":"closed","ping_status":"open","sticky":false,"template":"","format":"standard","meta":{"footnotes":""},"categories":[1],"tags":[],"class_list":["post-7969","post","type-post","status-publish","format-standard","has-post-thumbnail","hentry","category-bez-kategorii"],"_links":{"self":[{"href":"https:\/\/parafia.niepokalanow.pl\/index.php?rest_route=\/wp\/v2\/posts\/7969","targetHints":{"allow":["GET"]}}],"collection":[{"href":"https:\/\/parafia.niepokalanow.pl\/index.php?rest_route=\/wp\/v2\/posts"}],"about":[{"href":"https:\/\/parafia.niepokalanow.pl\/index.php?rest_route=\/wp\/v2\/types\/post"}],"author":[{"embeddable":true,"href":"https:\/\/parafia.niepokalanow.pl\/index.php?rest_route=\/wp\/v2\/users\/1"}],"replies":[{"embeddable":true,"href":"https:\/\/parafia.niepokalanow.pl\/index.php?rest_route=%2Fwp%2Fv2%2Fcomments&post=7969"}],"version-history":[{"count":0,"href":"https:\/\/parafia.niepokalanow.pl\/index.php?rest_route=\/wp\/v2\/posts\/7969\/revisions"}],"wp:featuredmedia":[{"embeddable":true,"href":"https:\/\/parafia.niepokalanow.pl\/index.php?rest_route=\/wp\/v2\/media\/7970"}],"wp:attachment":[{"href":"https:\/\/parafia.niepokalanow.pl\/index.php?rest_route=%2Fwp%2Fv2%2Fmedia&parent=7969"}],"wp:term":[{"taxonomy":"category","embeddable":true,"href":"https:\/\/parafia.niepokalanow.pl\/index.php?rest_route=%2Fwp%2Fv2%2Fcategories&post=7969"},{"taxonomy":"post_tag","embeddable":true,"href":"https:\/\/parafia.niepokalanow.pl\/index.php?rest_route=%2Fwp%2Fv2%2Ftags&post=7969"}],"curies":[{"name":"wp","href":"https:\/\/api.w.org\/{rel}","templated":true}]}}