{"id":7962,"date":"2017-07-01T20:18:13","date_gmt":"2017-07-01T18:18:13","guid":{"rendered":"http:\/\/parafia.niepokalanow.pl\/?p=7962"},"modified":"2017-07-01T20:18:13","modified_gmt":"2017-07-01T18:18:13","slug":"xiii-niedziela-w-ciagu-roku-2","status":"publish","type":"post","link":"https:\/\/parafia.niepokalanow.pl\/?p=7962","title":{"rendered":"XIII Niedziela w ci\u0105gu roku"},"content":{"rendered":"<ol>\n<li>W tym tygodniu w liturgii Ko\u015bcio\u0142a b\u0119dziemy obchodzi\u0107:<\/li>\n<\/ol>\n<ul>\n<li>3 lipca w poniedzia\u0142ek: \u015awi\u0119to \u015bw. Tomasza, Aposto\u0142a;<\/li>\n<li>6 lipca w czwartek: Wspomnienie b\u0142. Marii Teresy Led\u00f3chowskiej, dziewicy, patronki Dzie\u0142 Misyjnych;<\/li>\n<li>8 lipca w sobot\u0119: Wspomnienie \u015bw. Jana z Dukli, prezbitera;<\/li>\n<\/ul>\n<p><!--more--><\/p>\n<ol start=\"2\">\n<li>Dzi\u015b na wszystkich Mszach \u015bw. kazania g\u0142osi o. Ireneusz Klimczyk \u2013 asystent do spraw misji. Po Mszach \u015bw. b\u0119d\u0105 zbierane ofiary do puszek na pomoc naszym misjonarzom.<\/li>\n<li>Dzi\u015b r\u00f3wnie\u017c z racji pierwszej niedzieli miesi\u0105ca podczas nabo\u017ce\u0144stwa o godz. 17.00 odb\u0119dzie si\u0119 procesja eucharystyczna wok\u00f3\u0142 bazyliki. Zapraszamy do udzia\u0142u asyst\u0119 procesyjn\u0105.<\/li>\n<li>Zach\u0119camy do nabycia wakacyjnego numeru Rycerza Niepokalanej. Ma on tym razem wymiar powo\u0142aniowy. Ka\u017cdy kto s\u0142yszy w swym sercu wezwanie do szczeg\u00f3lnej s\u0142u\u017cby Bo\u017cej powinien go przeczyta\u0107. Ponadto jak zawsze polecamy rozwa\u017cania Pisma \u015awi\u0119tego, artyku\u0142y o rodzinie i przykazaniach Bo\u017cych. Obecne wydanie zawiera tak\u017ce szczeg\u00f3\u0142owy program Wielkiego Zawierzenia, kt\u00f3re odb\u0119dzie si\u0119 w Niepokalanowie w sierpniu.<\/li>\n<li>Przypominamy, \u017ce w naszej bazylice od poniedzia\u0142ku do pi\u0105tku w godz.16.00 &#8211; 18.00 trwa adoracja Naj\u015bwi\u0119tszego Sakramentu.<\/li>\n<li>Od 1 lipca przyjmujemy w kancelarii parafialnej rezerwacje daty i godziny \u015blub\u00f3w na rok 2018 narzeczonych mieszkaj\u0105cych na terenie naszej parafii. Dla narzeczonych mieszkaj\u0105cych poza nasz\u0105 parafi\u0105 rezerwacji \u015blubu b\u0119dzie mo\u017cna dokona\u0107 od 1 sierpnia.<\/li>\n<li>W I czwartek miesi\u0105ca 6 lipca zapraszamy na Msz\u0119 \u015bw. i nabo\u017ce\u0144stwo godziny \u015bwi\u0119tej w intencji budowy kaplicy adoracji, jak r\u00f3wnie\u017c wszystkich darczy\u0144c\u00f3w i zaanga\u017cowanych w to dzie\u0142o. W I pi\u0105tek spowied\u017a dla dzieci o godz. 17.30. Spotkanie z racji I pi\u0105tku miesi\u0105ca dla&nbsp;wiernych w Budkach Piaseckich o sta\u0142ej porze.<\/li>\n<li>W sobot\u0119 odb\u0119dzie si\u0119 Nocna pielgrzymka z Miedniewic do Niepokalanowa. Osoby, kt\u00f3re chcia\u0142yby si\u0119 uda\u0107 do Miedniewic autokarem proszone s\u0105 o kontakt z p. Ann\u0105 W\u0142odarczyk (tel. 889 590 461). Wyjazd sprzed bazyliki o godz. 20.00. Msza \u015bw. poranna w niedziel\u0119 b\u0119dzie sprawowana o godz. 5.45.<\/li>\n<\/ol>\n","protected":false},"excerpt":{"rendered":"<p>W tym tygodniu w liturgii Ko\u015bcio\u0142a b\u0119dziemy obchodzi\u0107: 3 lipca w poniedzia\u0142ek: \u015awi\u0119to \u015bw. Tomasza, Aposto\u0142a; 6 lipca w czwartek: Wspomnienie b\u0142. Marii Teresy Led\u00f3chowskiej, dziewicy, patronki Dzie\u0142 Misyjnych; 8 [&hellip;]<\/p>\n","protected":false},"author":1,"featured_media":7963,"comment_status":"closed","ping_status":"open","sticky":false,"template":"","format":"standard","meta":{"footnotes":""},"categories":[1],"tags":[],"class_list":["post-7962","post","type-post","status-publish","format-standard","has-post-thumbnail","hentry","category-bez-kategorii"],"_links":{"self":[{"href":"https:\/\/parafia.niepokalanow.pl\/index.php?rest_route=\/wp\/v2\/posts\/7962","targetHints":{"allow":["GET"]}}],"collection":[{"href":"https:\/\/parafia.niepokalanow.pl\/index.php?rest_route=\/wp\/v2\/posts"}],"about":[{"href":"https:\/\/parafia.niepokalanow.pl\/index.php?rest_route=\/wp\/v2\/types\/post"}],"author":[{"embeddable":true,"href":"https:\/\/parafia.niepokalanow.pl\/index.php?rest_route=\/wp\/v2\/users\/1"}],"replies":[{"embeddable":true,"href":"https:\/\/parafia.niepokalanow.pl\/index.php?rest_route=%2Fwp%2Fv2%2Fcomments&post=7962"}],"version-history":[{"count":0,"href":"https:\/\/parafia.niepokalanow.pl\/index.php?rest_route=\/wp\/v2\/posts\/7962\/revisions"}],"wp:featuredmedia":[{"embeddable":true,"href":"https:\/\/parafia.niepokalanow.pl\/index.php?rest_route=\/wp\/v2\/media\/7963"}],"wp:attachment":[{"href":"https:\/\/parafia.niepokalanow.pl\/index.php?rest_route=%2Fwp%2Fv2%2Fmedia&parent=7962"}],"wp:term":[{"taxonomy":"category","embeddable":true,"href":"https:\/\/parafia.niepokalanow.pl\/index.php?rest_route=%2Fwp%2Fv2%2Fcategories&post=7962"},{"taxonomy":"post_tag","embeddable":true,"href":"https:\/\/parafia.niepokalanow.pl\/index.php?rest_route=%2Fwp%2Fv2%2Ftags&post=7962"}],"curies":[{"name":"wp","href":"https:\/\/api.w.org\/{rel}","templated":true}]}}