{"id":7930,"date":"2017-06-25T00:03:59","date_gmt":"2017-06-24T22:03:59","guid":{"rendered":"http:\/\/parafia.niepokalanow.pl\/?p=7930"},"modified":"2017-06-25T00:03:59","modified_gmt":"2017-06-24T22:03:59","slug":"xii-niedziela-w-ciagu-roku-25-06-2017","status":"publish","type":"post","link":"https:\/\/parafia.niepokalanow.pl\/?p=7930","title":{"rendered":"XII Niedziela w ci\u0105gu roku &#8211; 25.06.2017"},"content":{"rendered":"<ol>\n<li>W tym tygodniu w liturgii Ko\u015bcio\u0142a b\u0119dziemy obchodzi\u0107:<\/li>\n<\/ol>\n<ul>\n<li>27 czerwca we wtorek: Wspomnienie NMP Nieustaj\u0105cej Pomocy;<\/li>\n<li>28 czerwca w \u015brod\u0119: wspomnienie \u015bw. Ireneusza, biskupa i m\u0119czennika<\/li>\n<li>29 czerwca w czwartek: uroczysto\u015b\u0107 \u015bwi\u0119tych Aposto\u0142\u00f3w Piotra i Paw\u0142a<\/li>\n<\/ul>\n<p><!--more--><\/p>\n<ol start=\"2\">\n<li>Dzi\u015b XII niedziela w ci\u0105gu roku. Dla wielu z nas tu obecnych jest to pierwsza niedziela w&nbsp;czasie ich tegorocznych wakacji. Udaj\u0105cym si\u0119 na wakacje i urlopy przypominamy o&nbsp;obowi\u0105zku niedzielnej Eucharystii i codziennej modlitwie. Dzieciom, m\u0142odzie\u017cy, nauczycielom, katechetom, wychowawcom oraz pracownikom szk\u00f3\u0142 na terenie naszej parafii z okazji rozpocz\u0119tych wakacji, urlopu \u017cyczymy wielu \u0142ask Bo\u017cych, opieki Niepokalanej, Bo\u017cego b\u0142ogos\u0142awie\u0144stwa na ka\u017cdy dzie\u0144, dobrej pogody i&nbsp;wspania\u0142ego wypoczynku. Wszystkim m\u00f3wimy: Szcz\u0119\u015b\u0107 Bo\u017ce.<\/li>\n<li>Dzi\u015b po wszystkich Mszach \u015bw. bracia klerycy z naszego franciszka\u0144skiego seminarium rozprowadzaj\u0105 za dobrowoln\u0105 ofiar\u0119 czasopismo \u201eNasze \u017cycie\u201d.<\/li>\n<li>Zapraszamy tak\u017ce, o godz. 11.00, do Sali \u015bw. Bonawentury, pod o\u0142tarzem polowym, gdzie amatorski teatr \u201eCultus\u201d ze Zdu\u0144skiej Woli, istniej\u0105cy przy parafii p.w. \u015bw. Maksymiliana, przedstawi spektakl \u201eDroga do nieba \u015bw. Maksymiliana M. Kolbe\u201d. Przedstawienie trwa 75 minut. Wst\u0119p wolny.<\/li>\n<li>Dzisiaj tak\u017ce podczas Mszy \u015bw. o godz. 19.00 i na nabo\u017ce\u0144stwie po&nbsp;Mszy \u015bwi\u0119tej modli\u0107 si\u0119 b\u0119dziemy o \u0142ask\u0119 uzdro\u00adwienia duszy i cia\u0142a. Zapraszamy do&nbsp;wsp\u00f3lnej modlitwy.<\/li>\n<li>W okresie wakacyjnym do naszego Sanktuarium przybywa kilka pielgrzymek pieszych. W&nbsp;pi\u0105tek nawiedz\u0105 nas pielgrzymi z Radomia.<\/li>\n<li>Zapraszamy w sobot\u0119 1 lipca na spotkanie \u201eOddaj si\u0119 Maryi\u201d. Rozpocz\u0119cie o g. 10.00 w Sali \u015bw. Bonawentury, nast\u0119pnie Msza \u015bw. i nabo\u017ce\u0144stwo wynagradzaj\u0105ce w Bazylice. Zapraszamy tak\u017ce na Apel Maryjny, kt\u00f3ry odprawiamy o godz. 21.00.<\/li>\n<li>Od soboty 1 lipca od godz. 9.00 do 10.00 b\u0119dziemy przyjmowa\u0107 rezerwacje daty i godziny \u015blub\u00f3w na rok 2018 narzeczonych mieszkaj\u0105cych na terenie naszej parafii. Dla narzeczonych mieszkaj\u0105cych poza nasz\u0105 parafi\u0105 rezerwacji \u015blubu b\u0119dzie mo\u017cna dokona\u0107 od 1 sierpnia.<\/li>\n<li>Zapraszamy na rekolekcje Rycerstwa Niepokalanej w Niepokalanowie \u2013 Lasku. S\u0105 jeszcze wolne miejsca na turnus dla gimnazjalist\u00f3w. Termin od 7 do 12 sierpnia. Szczeg\u00f3\u0142y na plakacie w gablocie.<\/li>\n<\/ol>\n","protected":false},"excerpt":{"rendered":"<p>W tym tygodniu w liturgii Ko\u015bcio\u0142a b\u0119dziemy obchodzi\u0107: 27 czerwca we wtorek: Wspomnienie NMP Nieustaj\u0105cej Pomocy; 28 czerwca w \u015brod\u0119: wspomnienie \u015bw. Ireneusza, biskupa i m\u0119czennika 29 czerwca w czwartek: [&hellip;]<\/p>\n","protected":false},"author":1,"featured_media":7931,"comment_status":"closed","ping_status":"open","sticky":false,"template":"","format":"standard","meta":{"footnotes":""},"categories":[1],"tags":[],"class_list":["post-7930","post","type-post","status-publish","format-standard","has-post-thumbnail","hentry","category-bez-kategorii"],"_links":{"self":[{"href":"https:\/\/parafia.niepokalanow.pl\/index.php?rest_route=\/wp\/v2\/posts\/7930","targetHints":{"allow":["GET"]}}],"collection":[{"href":"https:\/\/parafia.niepokalanow.pl\/index.php?rest_route=\/wp\/v2\/posts"}],"about":[{"href":"https:\/\/parafia.niepokalanow.pl\/index.php?rest_route=\/wp\/v2\/types\/post"}],"author":[{"embeddable":true,"href":"https:\/\/parafia.niepokalanow.pl\/index.php?rest_route=\/wp\/v2\/users\/1"}],"replies":[{"embeddable":true,"href":"https:\/\/parafia.niepokalanow.pl\/index.php?rest_route=%2Fwp%2Fv2%2Fcomments&post=7930"}],"version-history":[{"count":0,"href":"https:\/\/parafia.niepokalanow.pl\/index.php?rest_route=\/wp\/v2\/posts\/7930\/revisions"}],"wp:featuredmedia":[{"embeddable":true,"href":"https:\/\/parafia.niepokalanow.pl\/index.php?rest_route=\/wp\/v2\/media\/7931"}],"wp:attachment":[{"href":"https:\/\/parafia.niepokalanow.pl\/index.php?rest_route=%2Fwp%2Fv2%2Fmedia&parent=7930"}],"wp:term":[{"taxonomy":"category","embeddable":true,"href":"https:\/\/parafia.niepokalanow.pl\/index.php?rest_route=%2Fwp%2Fv2%2Fcategories&post=7930"},{"taxonomy":"post_tag","embeddable":true,"href":"https:\/\/parafia.niepokalanow.pl\/index.php?rest_route=%2Fwp%2Fv2%2Ftags&post=7930"}],"curies":[{"name":"wp","href":"https:\/\/api.w.org\/{rel}","templated":true}]}}