{"id":7911,"date":"2017-06-18T06:59:21","date_gmt":"2017-06-18T04:59:21","guid":{"rendered":"http:\/\/parafia.niepokalanow.pl\/?p=7911"},"modified":"2017-06-18T06:59:21","modified_gmt":"2017-06-18T04:59:21","slug":"xi-niedziela-w-ciagu-roku-18-06-2017","status":"publish","type":"post","link":"https:\/\/parafia.niepokalanow.pl\/?p=7911","title":{"rendered":"XI Niedziela w ci\u0105gu roku &#8211; 18.06.2017"},"content":{"rendered":"<p>1. W tym tygodniu w liturgii Ko\u015bcio\u0142a b\u0119dziemy obchodzi\u0107:<br \/>\n\u2022 21 czerwca we \u015brod\u0119: Wspomnienie \u015bw. Alojzego Gonzagi, zakonnika;<br \/>\n\u2022 23 czerwca w pi\u0105tek: Uroczysto\u015b\u0107 Naj\u015bwi\u0119tszego Serca Pana Jezusa; w tym dniu nie obowi\u0105zuje wstrzemi\u0119\u017aliwo\u015b\u0107 od pokarm\u00f3w mi\u0119snych; jest to tak\u017ce dzie\u0144 ojca, swoimi modlitwami obejmijmy naszych ojc\u00f3w, zar\u00f3wno \u017cyj\u0105cych, jak i zmar\u0142ych;<br \/>\n\u2022 24 czerwca w sobot\u0119: Uroczysto\u015b\u0107 Narodzenia \u015bw. Jana Chrzciciela.<\/p>\n<p><!--more--><\/p>\n<p>2. Trwamy w Oktawie Bo\u017cego Cia\u0142a. W tym tygodniu nabo\u017ce\u0144stwa wieczorne b\u0119d\u0105 po\u0142\u0105czone z procesj\u0105 eucharystyczn\u0105 \u2013 w niedziel\u0119 o godz. 17.00, w ci\u0105gu tygodnia po Mszy \u015bw. wieczornej ok. 18.30. Zapraszamy do licznego udzia\u0142u w nabo\u017ce\u0144stwach i procesji. W czwartek, w ostatni dzie\u0144 oktawy Bo\u017cego Cia\u0142a po procesji \u2013 b\u0142ogos\u0142awie\u0144stwo wiank\u00f3w.<\/p>\n<p>3. W czwartek, 22 czerwca, o godz. 9.00 zostanie odprawiona w Bazylice Msza \u015bw. w intencji rolnik\u00f3w naszej parafii. B\u0119dziemy prosi\u0107 Boga o dobre urodzaje i szcz\u0119\u015bliwe zbiory, a po Mszy \u015bw. nast\u0105pi po\u015bwi\u0119cenie p\u00f3l w miejscowo\u015bciach: Granice, Granice, ul. Stra\u017cacka, Seroki Wie\u015b, Seroki Parcela, Ludwik\u00f3w.<\/p>\n<p>4. W czwartek, 23 czerwca, z racji zako\u0144czenia roku szkolnego o godz. 12.00 w&nbsp;kaplicy w Budkach Piaseckich zostanie odprawiona Msza \u015bw. dla tamtejszej szko\u0142y. W pi\u0105tek za\u015b o godz. 8.00 zostanie odprawiona Msza \u015bw. w bazylice na zako\u0144czenie roku szkolnego dla dzieci ze Szko\u0142y Podstawowej w Teresinie i w Paprotni, m\u0142odzie\u017cy z Gimnazjum w Teresinie oraz z&nbsp;Zespo\u0142u Szk\u00f3\u0142. Serdecznie zapraszamy dzieci, m\u0142odzie\u017c, nauczycieli oraz rodzic\u00f3w.<\/p>\n<p>5. W sobot\u0119 24 czerwca odb\u0119dzie si\u0119 spotkanie Ko\u0142a Przyjaci\u00f3\u0142 Radia Maryja. Rozpocznie si\u0119 o&nbsp;godz. 9.00 w&nbsp;Sanktuarium \u015bw. Maksymiliana Msz\u0105 \u015bw. w intencji Radia Maryja, Telewizji Trwam i Ojczyzny; Ko\u0142o tak\u017ce zaprasza w dniu 9 lipca na Pielgrzymk\u0119 Rodziny Radia Maryja na Jasn\u0105 G\u00f3r\u0119. Koszt ok. 50 z\u0142, wyjazd o godz. 5.30 z du\u017cego parkingu. Informacje i zapisy u&nbsp;p.&nbsp;Danuty Dmoch (tel. 728&nbsp;464&nbsp;508).<\/p>\n<p>6. Za tydzie\u0144 w niedziel\u0119, 25 czerwca, podczas Mszy o godz. 10.00 o. Miros\u0142aw Adaszkiewicz, kustosz naszego Sanktuarium, b\u0119dzie \u015bwi\u0119towa\u0142 jubileusz 25-lecia \u015bwi\u0119ce\u0144 kap\u0142a\u0144skich.<\/p>\n<p>7. Tak\u017ce w przysz\u0142\u0105 niedziel\u0119 podczas Mszy \u015bw. o godz. 19.00 i na nabo\u017ce\u0144stwie po&nbsp;Mszy \u015bwi\u0119tej modli\u0107 si\u0119 b\u0119dziemy o \u0142ask\u0119 uzdrowienia duszy i cia\u0142a. Zapraszamy do&nbsp;wsp\u00f3lnej modlitwy.<\/p>\n<p>8. Dzia\u0142aj\u0105cy w naszym klasztorze w ramach Wydzia\u0142u Teologicznego UKSW Instytut Maryjno-Kolbia\u0144ski \u201eKolbianum\u201d, zaprasza do podj\u0119cia niestacjonarnych studi\u00f3w z&nbsp;mariologii. Studia s\u0105 adresowane do os\u00f3b duchownych, jak i \u015bwieckich. Instytut prowadzi: studia doktoranckie z teologii ze specjalno\u015bci mariologia \u2013 dla os\u00f3b posiadaj\u0105cych tytu\u0142 magistra z teologii, oraz studia podyplomowe z mariologii dla wszystkich, kt\u00f3rzy posiadaj\u0105 dyplom magistra b\u0105d\u017a licencjata zawodowego z&nbsp;jakiejkolwiek innej dziedziny wiedzy. O studiach informuje baner przed bazylik\u0105, plakat w gablocie i foldery dost\u0119pne na furcie klasztornej i w informacji. Informacje s\u0105 r\u00f3wnie\u017c dost\u0119pne na stronie kolbianum.franciszkanie.pl. Mo\u017cna te\u017c bezpo\u015brednio kontaktowa\u0107 si\u0119 z o. Grzegorzem Bartosikiem lub o. Paw\u0142em Warcho\u0142em.<\/p>\n<p>9. M\u0142odzie\u017c m\u0119sk\u0105, student\u00f3w jak te\u017c m\u0119\u017cczyzn do 35 roku \u017cycia zapraszamy na rekolekcje powo\u0142aniowe, kt\u00f3re odb\u0119d\u0105 si\u0119 w Smardzewicach w dniach od 25 do 29 czerwca br. Klasztor w Smardzewicach jest naszym klasztorem nowicjackim, rekolekcje b\u0119d\u0105 wi\u0119c okazj\u0105 do prze\u017cycia 5 dni na razem z tymi, kt\u00f3rzy prze\u017cywaj\u0105 sw\u00f3j rok pr\u00f3by przed z\u0142o\u017ceniem pierwszych \u015blub\u00f3w zakonnych. Wi\u0119cej informacji, r\u00f3wnie\u017c co do dojazdu mo\u017cna znale\u017a\u0107 na stronie: www.barka.franciszkanie.pl lub u ojc\u00f3w zakrystii.<\/p>\n","protected":false},"excerpt":{"rendered":"<p>1. W tym tygodniu w liturgii Ko\u015bcio\u0142a b\u0119dziemy obchodzi\u0107: \u2022 21 czerwca we \u015brod\u0119: Wspomnienie \u015bw. Alojzego Gonzagi, zakonnika; \u2022 23 czerwca w pi\u0105tek: Uroczysto\u015b\u0107 Naj\u015bwi\u0119tszego Serca Pana Jezusa; w [&hellip;]<\/p>\n","protected":false},"author":1,"featured_media":7421,"comment_status":"closed","ping_status":"open","sticky":false,"template":"","format":"standard","meta":{"footnotes":""},"categories":[1],"tags":[],"class_list":["post-7911","post","type-post","status-publish","format-standard","has-post-thumbnail","hentry","category-bez-kategorii"],"_links":{"self":[{"href":"https:\/\/parafia.niepokalanow.pl\/index.php?rest_route=\/wp\/v2\/posts\/7911","targetHints":{"allow":["GET"]}}],"collection":[{"href":"https:\/\/parafia.niepokalanow.pl\/index.php?rest_route=\/wp\/v2\/posts"}],"about":[{"href":"https:\/\/parafia.niepokalanow.pl\/index.php?rest_route=\/wp\/v2\/types\/post"}],"author":[{"embeddable":true,"href":"https:\/\/parafia.niepokalanow.pl\/index.php?rest_route=\/wp\/v2\/users\/1"}],"replies":[{"embeddable":true,"href":"https:\/\/parafia.niepokalanow.pl\/index.php?rest_route=%2Fwp%2Fv2%2Fcomments&post=7911"}],"version-history":[{"count":0,"href":"https:\/\/parafia.niepokalanow.pl\/index.php?rest_route=\/wp\/v2\/posts\/7911\/revisions"}],"wp:featuredmedia":[{"embeddable":true,"href":"https:\/\/parafia.niepokalanow.pl\/index.php?rest_route=\/wp\/v2\/media\/7421"}],"wp:attachment":[{"href":"https:\/\/parafia.niepokalanow.pl\/index.php?rest_route=%2Fwp%2Fv2%2Fmedia&parent=7911"}],"wp:term":[{"taxonomy":"category","embeddable":true,"href":"https:\/\/parafia.niepokalanow.pl\/index.php?rest_route=%2Fwp%2Fv2%2Fcategories&post=7911"},{"taxonomy":"post_tag","embeddable":true,"href":"https:\/\/parafia.niepokalanow.pl\/index.php?rest_route=%2Fwp%2Fv2%2Ftags&post=7911"}],"curies":[{"name":"wp","href":"https:\/\/api.w.org\/{rel}","templated":true}]}}