{"id":7893,"date":"2017-06-10T23:51:42","date_gmt":"2017-06-10T21:51:42","guid":{"rendered":"http:\/\/parafia.niepokalanow.pl\/?p=7893"},"modified":"2017-06-10T23:51:42","modified_gmt":"2017-06-10T21:51:42","slug":"niedziela-trojcy-przenajswietszej-11-06-2017","status":"publish","type":"post","link":"https:\/\/parafia.niepokalanow.pl\/?p=7893","title":{"rendered":"Niedziela Tr\u00f3jcy Przenaj\u015bwi\u0119tszej &#8211; 11.06.2017"},"content":{"rendered":"<ol>\n<li>W tym tygodniu w liturgii Ko\u015bcio\u0142a b\u0119dziemy obchodzi\u0107:<\/li>\n<\/ol>\n<ul>\n<li>13 czerwca we wtorek: \u015awi\u0119to \u015bw. Antoniego z Padwy, prezbitera i doktora Ko\u015bcio\u0142a;<\/li>\n<li>14 czerwca w \u015brod\u0119: Wspomnienie b\u0142. Micha\u0142a Kozala, biskupa i m\u0119czennika;<\/li>\n<li>15 czerwca w czwartek: Uroczysto\u015b\u0107 Naj\u015bwi\u0119tszego Cia\u0142a i Krwi Chrystusa (Bo\u017ce Cia\u0142o);<\/li>\n<li>17 czerwca w sobot\u0119: Wspomnienie \u015bw. Brata Alberta Chmielowskiego, zakonnika.<\/li>\n<\/ul>\n<ol start=\"2\">\n<li>Tydzie\u0144 temu zbierali\u015bmy ofiary do puszek na budow\u0119 \u015bwi\u0105tyni Opatrzno\u015bci w Warszawie. Zebrali\u015bmy 2664 z\u0142. Dzi\u0119kujemy wszystkim za wsparcie.<\/li>\n<\/ol>\n<p><!--more--><\/p>\n<ol start=\"3\">\n<li>Nabo\u017ce\u0144stwa czerwcowe w naszej bazylice odprawiamy w niedziele o godz. 17.00, w dni powszednie po Mszy \u015bwi\u0119tej wieczornej ok. godz. 18.30.<\/li>\n<li>W czwartek uroczysto\u015b\u0107 Bo\u017cego Cia\u0142a. Porz\u0105dek Mszy \u015bwi\u0119tych jak w niedziele, z&nbsp;wyj\u0105tkiem Mszy \u015bwi\u0119tej o godz. 11.30, kt\u00f3rej nie b\u0119dzie. Po Mszy \u015bwi\u0119tej o godz. 10.00 wyruszy z&nbsp;bazyliki procesja eucharystyczna. Trasa procesji b\u0119dzie nast\u0119puj\u0105ca: ul. Kolbego, Szymanowsk\u0105, Zielon\u0105, Lipow\u0105 i Torow\u0105 do bazyliki. O\u0142tarze b\u0119d\u0105 przygotowywa\u0142y nast\u0119puj\u0105ce wsp\u00f3lnoty: I: \u017bywy R\u00f3\u017caniec, zesp\u00f3\u0142 Miriam i&nbsp;Ministranci starsi, II: Odnowa w&nbsp;Duchu \u015awi\u0119tym, III: Neokatechumenat, Ko\u0142o Przyjaci\u00f3\u0142 Radia Maryja i Rycerstwo Niepokalanej, IV: Klasztor. Zach\u0119camy do licznego udzia\u0142u i pobo\u017cnego prze\u017cycia procesji oraz dekoracji dom\u00f3w na trasie procesji. Zapraszamy biel, asyst\u0119 liturgiczn\u0105, ch\u00f3r, orkiestr\u0119 parafialn\u0105, dzieci z klas trzecich w strojach komunijnych oraz m\u0142odzie\u017c do niesienia sztandar\u00f3w i feretron\u00f3w. Pr\u00f3ba sypania kwiatk\u00f3w dla dziewczynek b\u0119dzie w&nbsp;\u015brod\u0119 o godz. 17.00. Biel procesyjna spotyka si\u0119 w&nbsp;Bo\u017ce Cia\u0142o o godz. 9.15 przy wej\u015bciu do bazyliki od strony fotografa. Przez kolejne osiem dni po Bo\u017cym Ciele po nabo\u017ce\u0144stwie odprawia\u0107 b\u0119dziemy procesj\u0119 wok\u00f3\u0142 bazyliki. W&nbsp;sobot\u0119 nabo\u017ce\u0144stwo i procesja b\u0119dzie w Sanktuarium \u015aw. Maksymiliana.<\/li>\n<li>Modlitwa o nawr\u00f3cenie nieprzyjaci\u00f3\u0142 Ko\u015bcio\u0142a \u015bwi\u0119tego, nawi\u0105zuj\u0105ca do setnej rocznicy za\u0142o\u017cenia Rycerstwa Niepokalanej,&nbsp;rozpocznie si\u0119 16 czerwca o godzinie 17.00 nabo\u017ce\u0144stwem r\u00f3\u017ca\u0144cowym&nbsp;w bazylice.&nbsp;Od godziny 20.00 b\u0119dzie kontynuowana w&nbsp;kaplicy \u015bw. Maksymiliana. Zako\u0144czenie Msz\u0105 \u015bwi\u0119t\u0105 o godzinie 5 rano 17 czerwca. Szczeg\u00f3\u0142y na plakacie przed bazylik\u0105<br \/>\ni na folderach przy wyj\u015bciu z bazyliki. Serdecznie zapraszamy!<\/li>\n<li>Za tydzie\u0144 w niedziel\u0119 podczas Mszy o godz. 13.00 o. Pawe\u0142 Warcho\u0142 b\u0119dzie \u015bwi\u0119towa\u0142 jubileusz 25-lecia \u015bwi\u0119ce\u0144 kap\u0142a\u0144skich.<\/li>\n<li>W sobot\u0119 zapraszamy wiernych na Apel Maryjny, kt\u00f3ry odprawiamy o godz. 21.00.<\/li>\n<li>W minionym tygodniu odesz\u0142a do wieczno\u015bci: \u015bp. Genowefa \u0141oniewska l. 89 z Paprotni. <em>Wieczny odpoczynek racz jej da\u0107 Panie\u2026<\/em><\/li>\n<\/ol>\n","protected":false},"excerpt":{"rendered":"<p>W tym tygodniu w liturgii Ko\u015bcio\u0142a b\u0119dziemy obchodzi\u0107: 13 czerwca we wtorek: \u015awi\u0119to \u015bw. Antoniego z Padwy, prezbitera i doktora Ko\u015bcio\u0142a; 14 czerwca w \u015brod\u0119: Wspomnienie b\u0142. Micha\u0142a Kozala, biskupa [&hellip;]<\/p>\n","protected":false},"author":1,"featured_media":7894,"comment_status":"closed","ping_status":"open","sticky":false,"template":"","format":"standard","meta":{"footnotes":""},"categories":[1],"tags":[],"class_list":["post-7893","post","type-post","status-publish","format-standard","has-post-thumbnail","hentry","category-bez-kategorii"],"_links":{"self":[{"href":"https:\/\/parafia.niepokalanow.pl\/index.php?rest_route=\/wp\/v2\/posts\/7893","targetHints":{"allow":["GET"]}}],"collection":[{"href":"https:\/\/parafia.niepokalanow.pl\/index.php?rest_route=\/wp\/v2\/posts"}],"about":[{"href":"https:\/\/parafia.niepokalanow.pl\/index.php?rest_route=\/wp\/v2\/types\/post"}],"author":[{"embeddable":true,"href":"https:\/\/parafia.niepokalanow.pl\/index.php?rest_route=\/wp\/v2\/users\/1"}],"replies":[{"embeddable":true,"href":"https:\/\/parafia.niepokalanow.pl\/index.php?rest_route=%2Fwp%2Fv2%2Fcomments&post=7893"}],"version-history":[{"count":0,"href":"https:\/\/parafia.niepokalanow.pl\/index.php?rest_route=\/wp\/v2\/posts\/7893\/revisions"}],"wp:featuredmedia":[{"embeddable":true,"href":"https:\/\/parafia.niepokalanow.pl\/index.php?rest_route=\/wp\/v2\/media\/7894"}],"wp:attachment":[{"href":"https:\/\/parafia.niepokalanow.pl\/index.php?rest_route=%2Fwp%2Fv2%2Fmedia&parent=7893"}],"wp:term":[{"taxonomy":"category","embeddable":true,"href":"https:\/\/parafia.niepokalanow.pl\/index.php?rest_route=%2Fwp%2Fv2%2Fcategories&post=7893"},{"taxonomy":"post_tag","embeddable":true,"href":"https:\/\/parafia.niepokalanow.pl\/index.php?rest_route=%2Fwp%2Fv2%2Ftags&post=7893"}],"curies":[{"name":"wp","href":"https:\/\/api.w.org\/{rel}","templated":true}]}}