{"id":7858,"date":"2017-06-03T19:38:48","date_gmt":"2017-06-03T17:38:48","guid":{"rendered":"http:\/\/parafia.niepokalanow.pl\/?p=7858"},"modified":"2017-06-03T19:40:13","modified_gmt":"2017-06-03T17:40:13","slug":"niedziela-zeslania-ducha-swietego-swieto-dziekczynienia","status":"publish","type":"post","link":"https:\/\/parafia.niepokalanow.pl\/?p=7858","title":{"rendered":"Niedziela Zes\u0142ania Ducha \u015awi\u0119tego &#8211; \u015awi\u0119to Dzi\u0119kczynienia"},"content":{"rendered":"<ol>\n<li>W tym tygodniu w liturgii Ko\u015bcio\u0142a b\u0119dziemy obchodzi\u0107:<\/li>\n<\/ol>\n<ul>\n<li>5 czerwca w poniedzia\u0142ek: \u015awi\u0119to NMP Matki Ko\u015bcio\u0142a;<\/li>\n<li>7 czerwca w \u015brod\u0119: Wspomnienie b\u0142. Micha\u0142a Tomaszka i Zbigniewa Strza\u0142kowskiego, prezbiter\u00f3w i m\u0119czennik\u00f3w;<\/li>\n<li>8 czerwca w czwartek: \u015awi\u0119to Jezusa Chrystusa, Najwy\u017cszego i Wiecznego Kap\u0142ana;<\/li>\n<li>10 czerwca w sobot\u0119: Wspomnienie obowi\u0105zkowe b\u0142. Bogumi\u0142a, biskupa.<\/li>\n<\/ul>\n<ol start=\"2\">\n<li>Dzi\u015b zbi\u00f3rka do puszek na budow\u0119 \u015awi\u0105tyni Opatrzno\u015bci Bo\u017cej.<strong>&nbsp;<\/strong><\/li>\n<\/ol>\n<p><!--more--><\/p>\n<ol start=\"3\">\n<li>Dzi\u015b po Mszy \u015bwi\u0119tej o godz. 10.00 w domu parafialnym odb\u0119dzie si\u0119 spotkanie Wsp\u00f3lnot \u017bywego R\u00f3\u017ca\u0144ca.<\/li>\n<li>Nabo\u017ce\u0144stwa czerwcowe w naszej bazylice odprawiamy w niedziele o godz. 17.00, w dni powszednie po Mszy \u015bwi\u0119tej wieczornej ok. godz. 18.30. Dzisiejsze nabo\u017ce\u0144stwo z racji&nbsp;I niedzieli miesi\u0105ce b\u0119dzie po\u0142\u0105czone z procesj\u0105 eucharystyczn\u0105.<\/li>\n<li>Zapraszamy na spotkanie doros\u0142ych rycerzy Niepokalanej, kt\u00f3re odb\u0119dzie si\u0119 w sobot\u0119,&nbsp;10 czerwca w Domu Parafialnym o g. 19.00.<\/li>\n<li>W sobot\u0119 odb\u0119dzie si\u0119 Nocna pielgrzymka z Miedniewic do Niepokalanowa. Osoby, kt\u00f3re chcia\u0142yby si\u0119 uda\u0107 do Miedniewic autokarem proszone s\u0105 o kontakt z p. Ann\u0105 W\u0142odarczyk (tel. 889 590 461). Wyjazd sprzed bazyliki o godz. 20.00. Msza \u015bw. poranna w niedziel\u0119 b\u0119dzie sprawowana o godz. 5.45.<\/li>\n<li>Zach\u0119camy do nabycia nowego numeru Rycerza Niepokalanej. Pochyla si\u0119 on pod r\u00f3\u017cnymi k\u0105tami nad tajemnic\u0105 Eucharystii. Autorzy tacy jak ks. Marek Dziewiecki, ks. Grzegorz Strzelczyk czy s. Anna Maria Pude\u0142ko staraj\u0105 si\u0119 nie tylko przybli\u017cy\u0107 nam, czym jest Msza \u015bw., ale tak\u017ce m\u00f3wi\u0105 jak j\u0105 dobrze prze\u017cywa\u0107 i jakie przynosi owoce w naszym \u017cyciu. W tym wydaniu tak\u017ce kr\u00f3tkie spojrzenie i refleksja na temat Mszy \u015bw. przed i posoborowej, rozwa\u017canie s\u0142owa Bo\u017cego, aktualno\u015bci o&nbsp;Rycerstwie Niepokalanej i rozwi\u0105zanie konkursu.<\/li>\n<li>Ko\u0142o Przyjaci\u00f3\u0142 Radia Maryja organizuje pielgrzymk\u0119 do Warszawy w dniu 17 czerwca. Szczeg\u00f3\u0142owy plan pielgrzymki i kontakt na zapisy w gablocie przed bazylik\u0105.<\/li>\n<li>W minionym tygodniu odszed\u0142 do wieczno\u015bci: \u015bp. Mariola Basiak, l. 61 z Topo\u0142owej, \u015bp. Kazimierz Zdanowski, l. 63 z Ludwikowa, \u015bp. W\u0142adys\u0142awa Stegienko, l. 94 z Paprotni, \u015bp. Helena Modzelewska, l. 100 z Teresina. <em>Wieczny odpoczynek racz mu da\u0107 Panie\u2026<\/em><\/li>\n<\/ol>\n","protected":false},"excerpt":{"rendered":"<p>W tym tygodniu w liturgii Ko\u015bcio\u0142a b\u0119dziemy obchodzi\u0107: 5 czerwca w poniedzia\u0142ek: \u015awi\u0119to NMP Matki Ko\u015bcio\u0142a; 7 czerwca w \u015brod\u0119: Wspomnienie b\u0142. Micha\u0142a Tomaszka i Zbigniewa Strza\u0142kowskiego, prezbiter\u00f3w i m\u0119czennik\u00f3w; [&hellip;]<\/p>\n","protected":false},"author":1,"featured_media":7860,"comment_status":"closed","ping_status":"open","sticky":false,"template":"","format":"standard","meta":{"footnotes":""},"categories":[1],"tags":[],"class_list":["post-7858","post","type-post","status-publish","format-standard","has-post-thumbnail","hentry","category-bez-kategorii"],"_links":{"self":[{"href":"https:\/\/parafia.niepokalanow.pl\/index.php?rest_route=\/wp\/v2\/posts\/7858","targetHints":{"allow":["GET"]}}],"collection":[{"href":"https:\/\/parafia.niepokalanow.pl\/index.php?rest_route=\/wp\/v2\/posts"}],"about":[{"href":"https:\/\/parafia.niepokalanow.pl\/index.php?rest_route=\/wp\/v2\/types\/post"}],"author":[{"embeddable":true,"href":"https:\/\/parafia.niepokalanow.pl\/index.php?rest_route=\/wp\/v2\/users\/1"}],"replies":[{"embeddable":true,"href":"https:\/\/parafia.niepokalanow.pl\/index.php?rest_route=%2Fwp%2Fv2%2Fcomments&post=7858"}],"version-history":[{"count":0,"href":"https:\/\/parafia.niepokalanow.pl\/index.php?rest_route=\/wp\/v2\/posts\/7858\/revisions"}],"wp:featuredmedia":[{"embeddable":true,"href":"https:\/\/parafia.niepokalanow.pl\/index.php?rest_route=\/wp\/v2\/media\/7860"}],"wp:attachment":[{"href":"https:\/\/parafia.niepokalanow.pl\/index.php?rest_route=%2Fwp%2Fv2%2Fmedia&parent=7858"}],"wp:term":[{"taxonomy":"category","embeddable":true,"href":"https:\/\/parafia.niepokalanow.pl\/index.php?rest_route=%2Fwp%2Fv2%2Fcategories&post=7858"},{"taxonomy":"post_tag","embeddable":true,"href":"https:\/\/parafia.niepokalanow.pl\/index.php?rest_route=%2Fwp%2Fv2%2Ftags&post=7858"}],"curies":[{"name":"wp","href":"https:\/\/api.w.org\/{rel}","templated":true}]}}