{"id":7852,"date":"2017-05-27T11:12:05","date_gmt":"2017-05-27T09:12:05","guid":{"rendered":"http:\/\/parafia.niepokalanow.pl\/?p=7852"},"modified":"2017-05-27T11:12:28","modified_gmt":"2017-05-27T09:12:28","slug":"wniebowstapienie-panskie-28-05-2017","status":"publish","type":"post","link":"https:\/\/parafia.niepokalanow.pl\/?p=7852","title":{"rendered":"Wniebowst\u0105pienie Pa\u0144skie &#8211; 28.05.2017"},"content":{"rendered":"<ol>\n<li>W tym tygodniu w liturgii Ko\u015bcio\u0142a b\u0119dziemy obchodzi\u0107:&nbsp;<\/li>\n<\/ol>\n<ul>\n<li>29 maja w poniedzia\u0142ek: wspomnienie \u015bw. Urszuli Led\u00f3chowskiej, dziewicy;&nbsp;<\/li>\n<li>31 maja w \u015brod\u0119: \u015bwi\u0119to Nawiedzenia NMP;&nbsp;<\/li>\n<li>1 czerwca w czwartek: wspomnienie \u015bw. Justyna, m\u0119czennika;&nbsp;<\/li>\n<li>3 czerwca w sobot\u0119: wspomnienie \u015bw. Karola Lwangi i Towarzyszy, m\u0119czennik\u00f3w.&nbsp;<\/li>\n<\/ul>\n<ol start=\"2\">\n<li>Wczoraj w naszej bazylice sakrament \u015bwi\u0119ce\u0144 kap\u0142a\u0144skich przyj\u0105\u0142 nasz parafianin o. Daniel \u015aliwi\u0144ski. Dzi\u015b o godz. 12.30 wyruszy uroczysta procesja z domu prymicjanta do naszej bazyliki, gdzie o. Daniel b\u0119dzie sprawowa\u0142 swoj\u0105 Msz\u0119 \u015bw. prymicyjn\u0105. Po Eucharystii ojciec neoprezbiter udzieli b\u0142ogos\u0142awie\u0144stwa prymicyjnego. Zapraszamy wszystkich do wzi\u0119cia udzia\u0142u w tym \u015bwi\u0119cie naszej parafii.&nbsp;<\/li>\n<li>Po Mszach \u015bw. pielgrzymi mog\u0105 otrzyma\u0107&nbsp;<em>Rycerza Niepokalanej&nbsp;<\/em>rozprowadzanego przez naszych braci.&nbsp;<\/li>\n<\/ol>\n<p><!--more--><\/p>\n<ol start=\"4\">\n<li>29 maja, w poniedzia\u0142ek, m\u0142odzie\u017c naszej parafii podczas Mszy \u015bwi\u0119tej o godz. 18.00 otrzyma z r\u0105k Ks. bp Micha\u0142a Janochy, sakrament bierzmowania. Tego dnia Litania Loreta\u0144ska b\u0119dzie od\u015bpiewana w trakcie liturgii.&nbsp;<\/li>\n<li>We wtorek, 30 maja, o godz. 11.00 wraz z uczniami, nauczycielami i pracownikami Zespo\u0142u Szk\u00f3\u0142 im. Stefana Kard. Wyszy\u0144skiego w Teresinie b\u0119dziemy modli\u0107 si\u0119 na Mszy \u015bwi\u0119tej o Bo\u017ce b\u0142ogos\u0142awie\u0144stwo dla nich w dniu \u015bwi\u0119ta szko\u0142y.&nbsp;<\/li>\n<li>31 maja, w \u015brod\u0119, o godz. 19.00 odb\u0119dzie po\u015bwi\u0119cenie p\u00f3l w Topo\u0142owej. B\u0119dziemy prosi\u0107 Boga o dobre urodzaje i szcz\u0119\u015bliwe zbiory.&nbsp;<\/li>\n<li>W czwartek rozpoczynamy odprawianie nabo\u017ce\u0144stw ku czci Naj\u015bwi\u0119tszego Serca Pana Jezusa. Tego dnia zapraszamy na Msz\u0119 \u015bw. i nabo\u017ce\u0144stwo czerwcowe w intencji budowy kaplicy adoracji, jak r\u00f3wnie\u017c wszystkich darczy\u0144c\u00f3w i zaanga\u017cowanych w to dzie\u0142o. W I pi\u0105tek spowied\u017a dla dzieci o godz. 16.30 a o 17.00 Msza \u015bw. Tego dnia udamy si\u0119 pos\u0142ug\u0105 do chorych naszej parafii. Spotkanie z racji I pi\u0105tku miesi\u0105ca dla wiernych w Budkach Piaseckich o sta\u0142ej porze.&nbsp;<\/li>\n<li>Zapraszamy w sobot\u0119 3 czerwca na spotkanie \u201eOddaj si\u0119 Maryi\u201d. Rozpocz\u0119cia o 10.00 w Sali \u015bw. Bonawentury, nast\u0119pnie Msza \u015bw. i nabo\u017ce\u0144stwo wynagradzaj\u0105ce w Bazylice. Po nabo\u017ce\u0144stwie mo\u017cliwo\u015b\u0107 skorzystania z posi\u0142ku klasztornego. O 13.15 w Sali \u015bw. Bonawentury koncert zespo\u0142u&nbsp;<em>Eo Nomine<\/em>, o 14.00 film-\u015bwiadectwo \u201ePo tamtej stronie \u017cycia\u201d o wypadku i powrocie do \u017cycia p. Andrzeja Duffka oraz spotkanie z bohaterem filmu.&nbsp;<\/li>\n<li>Dni powszednie mi\u0119dzy uroczysto\u015bciami Wniebowst\u0105pienia Pa\u0144skiego i Zes\u0142ania Ducha \u015awi\u0119tego, maj\u0105 specjalne znaczenie; s\u0105 dniami nowenny i przygotowania na przyj\u0119cie Ducha \u015awi\u0119tego Pocieszyciela. W sobot\u0119 wieczorem w wigili\u0119 uroczysto\u015bci Zes\u0142ania Ducha \u015awi\u0119tego zapraszamy na czuwanie modlitewne. Rozpoczniemy je Apelem Maryjnym o godz. 21.00. W ramach czuwania modlitwa, konferencja i uwielbienie przed Naj\u015bwi\u0119tszym Sakramentem. Zako\u0144czymy je wigilijn\u0105 Msz\u0105 \u015bw. o godz. 23.00, na zako\u0144czenie kt\u00f3rej kap\u0142ani udziel\u0105 indywidualnego b\u0142ogos\u0142awie\u0144stwa z modlitw\u0105.&nbsp;<\/li>\n<li>W przysz\u0142\u0105 niedziel\u0119 4 czerwca po Mszy \u015bwi\u0119tej o godz. 10.00 odb\u0119dzie si\u0119 spotkanie Wsp\u00f3lnoty \u017bywego R\u00f3\u017ca\u0144ca w domu parafialnym.&nbsp;<\/li>\n<li>Za tydzie\u0144 z racji pierwszej niedzieli miesi\u0105ca podczas nabo\u017ce\u0144stwa o godz. 17.00 odb\u0119dzie si\u0119 procesja eucharystyczna wok\u00f3\u0142 bazyliki. Zapraszamy do udzia\u0142u asyst\u0119 procesyjn\u0105.&nbsp;<\/li>\n<li>Zapraszamy dzisiaj na godz. 19.00 do Sali \u015bw. Bonawentury na pokaz filmu \u201e13. Dzie\u0144 \u2013 Fatima, przes\u0142anie nadziei\u201d. Na spotkanie przyjedzie p. Benon Wylega\u0142a, kt\u00f3ry reprezentuje Filmowy Ruch Ewangelizacyjny. Wst\u0119p wolny. Wi\u0119cej informacji na plakatach.&nbsp;<\/li>\n<li>Przypominamy, \u017ce w naszej bazylice od poniedzia\u0142ku do pi\u0105tku w godz.16.00 &#8211; 18.00 trwa adoracja Naj\u015bwi\u0119tszego Sakramentu.&nbsp;<\/li>\n<li>4 czerwca br., przypada jubileuszowe X \u015awi\u0119to Dzi\u0119kczynienia. B\u0119dziemy je obchodzili pod has\u0142em&nbsp;<em>Dzi\u0119kujemy za chleb<\/em>. W tym dniu w spos\u00f3b szczeg\u00f3lny wyrazimy nasze dzi\u0119kczynienie Bogu za \u017cycie i pos\u0142ug\u0119 \u015bw. Brata Alberta Chmielowskiego, kt\u00f3ry dla najbiedniejszych sta\u0142 si\u0119 prawdziwym chlebem, a tak\u017ce za wszystkie dzie\u0142a charytatywne oraz ludzi w\u0142\u0105czaj\u0105cych si\u0119 w pos\u0142ug\u0119 potrzebuj\u0105cym. O godz. 8.00 z Placu Marsza\u0142ka J\u00f3zefa Pi\u0142sudskiego wyruszy procesja dzi\u0119kczynna, kt\u00f3ra, wraz z relikwiami \u015bw. Brata Alberta, przejdzie do \u015awi\u0105tyni Opatrzno\u015bci Bo\u017cej. Zapraszamy wszystkich wiernych do w\u0142\u0105czania si\u0119 w procesj\u0119. Tego dnia r\u00f3wnie\u017c po wszystkich Mszach b\u0119d\u0105 zbierane ofiary do puszek na budow\u0119 \u015bwi\u0105tyni Opatrzno\u015bci Bo\u017cej.&nbsp;<\/li>\n<\/ol>\n","protected":false},"excerpt":{"rendered":"<p>W tym tygodniu w liturgii Ko\u015bcio\u0142a b\u0119dziemy obchodzi\u0107:&nbsp; 29 maja w poniedzia\u0142ek: wspomnienie \u015bw. Urszuli Led\u00f3chowskiej, dziewicy;&nbsp; 31 maja w \u015brod\u0119: \u015bwi\u0119to Nawiedzenia NMP;&nbsp; 1 czerwca w czwartek: wspomnienie \u015bw. [&hellip;]<\/p>\n","protected":false},"author":1,"featured_media":6067,"comment_status":"closed","ping_status":"open","sticky":false,"template":"","format":"standard","meta":{"footnotes":""},"categories":[1],"tags":[],"class_list":["post-7852","post","type-post","status-publish","format-standard","has-post-thumbnail","hentry","category-bez-kategorii"],"_links":{"self":[{"href":"https:\/\/parafia.niepokalanow.pl\/index.php?rest_route=\/wp\/v2\/posts\/7852","targetHints":{"allow":["GET"]}}],"collection":[{"href":"https:\/\/parafia.niepokalanow.pl\/index.php?rest_route=\/wp\/v2\/posts"}],"about":[{"href":"https:\/\/parafia.niepokalanow.pl\/index.php?rest_route=\/wp\/v2\/types\/post"}],"author":[{"embeddable":true,"href":"https:\/\/parafia.niepokalanow.pl\/index.php?rest_route=\/wp\/v2\/users\/1"}],"replies":[{"embeddable":true,"href":"https:\/\/parafia.niepokalanow.pl\/index.php?rest_route=%2Fwp%2Fv2%2Fcomments&post=7852"}],"version-history":[{"count":0,"href":"https:\/\/parafia.niepokalanow.pl\/index.php?rest_route=\/wp\/v2\/posts\/7852\/revisions"}],"wp:featuredmedia":[{"embeddable":true,"href":"https:\/\/parafia.niepokalanow.pl\/index.php?rest_route=\/wp\/v2\/media\/6067"}],"wp:attachment":[{"href":"https:\/\/parafia.niepokalanow.pl\/index.php?rest_route=%2Fwp%2Fv2%2Fmedia&parent=7852"}],"wp:term":[{"taxonomy":"category","embeddable":true,"href":"https:\/\/parafia.niepokalanow.pl\/index.php?rest_route=%2Fwp%2Fv2%2Fcategories&post=7852"},{"taxonomy":"post_tag","embeddable":true,"href":"https:\/\/parafia.niepokalanow.pl\/index.php?rest_route=%2Fwp%2Fv2%2Ftags&post=7852"}],"curies":[{"name":"wp","href":"https:\/\/api.w.org\/{rel}","templated":true}]}}