{"id":7819,"date":"2017-05-20T16:34:22","date_gmt":"2017-05-20T14:34:22","guid":{"rendered":"http:\/\/parafia.niepokalanow.pl\/?p=7819"},"modified":"2017-05-20T16:34:35","modified_gmt":"2017-05-20T14:34:35","slug":"vi-niedziela-wielkanocy-2","status":"publish","type":"post","link":"https:\/\/parafia.niepokalanow.pl\/?p=7819","title":{"rendered":"VI Niedziela Wielkanocy &#8211; 21.05.2017"},"content":{"rendered":"<ol>\n<li>W tym tygodniu w liturgii Ko\u015bcio\u0142a b\u0119dziemy obchodzi\u0107:<\/li>\n<\/ol>\n<ul>\n<li>23 maja we wtorek: \u015awi\u0119to rocznicy po\u015bwi\u0119cenia Bazyliki \u015bw. Ojca Franciszka w Asy\u017cu;<\/li>\n<li>24 maja w \u015brod\u0119: Wspomnienie NMP Wspomo\u017cycielki Wiernych;<\/li>\n<li>26 maja w pi\u0105tek: Wspomnienie \u015bw. Filipa Nereusza, prezbitera.<\/li>\n<\/ul>\n<p><!--more--><\/p>\n<ol start=\"2\">\n<li>Nabo\u017ce\u0144stwa majowe w naszej bazylice odprawiamy w niedziele o godz. 17.00, w dni powszednie po Mszy \u015bwi\u0119tej wieczornej ok. godz. 18.30.<\/li>\n<li>Od jutra w naszej bazylice rozpoczynamy adoracj\u0119 Naj\u015bwi\u0119tszego Sakramentu od poniedzia\u0142ku do pi\u0105tku w godz.16.00 &#8211; 18.00.<\/li>\n<li>W pi\u0105tek przypada Dzie\u0144 Matki. Wszystkim mamom \u017cyczymy opieki Bo\u017cej i&nbsp;szczeg\u00f3lnej opieki najpi\u0119kniejszej z matek, naszej Niepokalanej Mamy.<\/li>\n<li>Zapraszamy wszystkich na&nbsp;nabo\u017ce\u0144stwo Apelu Maryjnego, kt\u00f3re sprawujemy w&nbsp;ka\u017cd\u0105 sobot\u0119 o godz. 21.00 przez ca\u0142y okres letni to jest do pa\u017adziernika w\u0142\u0105cznie.<\/li>\n<li>W sobot\u0119 27 maja odb\u0119dzie si\u0119 spotkanie Ko\u0142a Przyjaci\u00f3\u0142 Radia Maryja. Rozpocznie si\u0119 o&nbsp;godz. 9.00 w&nbsp;Sanktuarium \u015bw. Maksymiliana Msz\u0105 \u015bwi\u0119t\u0105 w intencji Radia Maryja, Telewizji Trwam i Ojczyzny.<\/li>\n<li>Za tydzie\u0144 przypada uroczysto\u015b\u0107 Wniebowst\u0105pienia Pa\u0144skiego.<\/li>\n<li>W najbli\u017csz\u0105&nbsp;sobot\u0119 o godz. 11.00 w naszej bazylice sakrament \u015bwi\u0119ce\u0144 kap\u0142a\u0144skich przyjmie nasz parafianin o. Daniel \u015aliwi\u0144ski. W niedziel\u0119 28 maja o godz. 12.30 wyruszy uroczysta procesja z domu prymicjanta do naszej bazyliki, gdzie o. Daniel b\u0119dzie sprawowa\u0142 swoj\u0105 Msz\u0119 \u015bw. prymicyjn\u0105. Po Eucharystii ojciec neoprezbiter udzieli b\u0142ogos\u0142awie\u0144stwa prymi\u00adcyjnego. Zapraszamy wszystkich do wzi\u0119cia udzia\u0142u w tym \u015bwi\u0119cie naszej parafii.<\/li>\n<li>Zapraszamy w przysz\u0142\u0105 niedziel\u0119, 28 maja na godz. 19.00 do Sali \u015bw. Bonawentury na pokaz filmu \u201e13. Dzie\u0144 \u2013 Fatima, przes\u0142anie nadziei\u201d. Film opowiada o tym jak trzydziestoletnia L\u00facia Santos wspomina czasy, gdy jako najstarsza z tr\u00f3jki dzieci by\u0142a \u015bwiadkiem objawie\u0144 maryjnych w Fatimie. Na spotkanie przyjedzie p. Benon Wylega\u0142a, kt\u00f3ry reprezentuje Filmowy Ruch Ewangelizacyjny. Wst\u0119p bezp\u0142atny. Pokaz odbywa si\u0119<br \/>\nw ramach kolejnej edycji Mi\u0119dzynarodowego Festiwalu Film\u00f3w Niepokalan\u00f3w,<br \/>\nkt\u00f3ry odbywa si\u0119 we Wroc\u0142awiu. Wi\u0119cej informacji na plakatach.<\/li>\n<li>So\u0142ectwo Granice Osiedle serdecznie zaprasza na Piknik Rodzinny z okazji Dnia Dziecka. Spotkanie odb\u0119dzie si\u0119 w najbli\u017csz\u0105 sobot\u0119, 27 maja, na boisku sportowym przy ul. Po\u0142udniowej obok placu zabaw. Pocz\u0105tek o godzinie 16.00. W programie du\u017co atrakcji dla dzieci i doros\u0142ych. Wst\u0119p wolny.<\/li>\n<li>W tym tygodniu z naszej wsp\u00f3lnoty parafialnej odeszli do wieczno\u015bci: \u015bp. Marianna Owczarek l. 99 z Teresina oraz \u015bp. Halina Trzos l. 86 z Serok Parceli. <em>Wieczny odpoczynek racz im da\u0107 Panie\u2026<\/em><\/li>\n<\/ol>\n","protected":false},"excerpt":{"rendered":"<p>W tym tygodniu w liturgii Ko\u015bcio\u0142a b\u0119dziemy obchodzi\u0107: 23 maja we wtorek: \u015awi\u0119to rocznicy po\u015bwi\u0119cenia Bazyliki \u015bw. Ojca Franciszka w Asy\u017cu; 24 maja w \u015brod\u0119: Wspomnienie NMP Wspomo\u017cycielki Wiernych; 26 [&hellip;]<\/p>\n","protected":false},"author":1,"featured_media":7820,"comment_status":"closed","ping_status":"open","sticky":false,"template":"","format":"standard","meta":{"footnotes":""},"categories":[1],"tags":[],"class_list":["post-7819","post","type-post","status-publish","format-standard","has-post-thumbnail","hentry","category-bez-kategorii"],"_links":{"self":[{"href":"https:\/\/parafia.niepokalanow.pl\/index.php?rest_route=\/wp\/v2\/posts\/7819","targetHints":{"allow":["GET"]}}],"collection":[{"href":"https:\/\/parafia.niepokalanow.pl\/index.php?rest_route=\/wp\/v2\/posts"}],"about":[{"href":"https:\/\/parafia.niepokalanow.pl\/index.php?rest_route=\/wp\/v2\/types\/post"}],"author":[{"embeddable":true,"href":"https:\/\/parafia.niepokalanow.pl\/index.php?rest_route=\/wp\/v2\/users\/1"}],"replies":[{"embeddable":true,"href":"https:\/\/parafia.niepokalanow.pl\/index.php?rest_route=%2Fwp%2Fv2%2Fcomments&post=7819"}],"version-history":[{"count":0,"href":"https:\/\/parafia.niepokalanow.pl\/index.php?rest_route=\/wp\/v2\/posts\/7819\/revisions"}],"wp:featuredmedia":[{"embeddable":true,"href":"https:\/\/parafia.niepokalanow.pl\/index.php?rest_route=\/wp\/v2\/media\/7820"}],"wp:attachment":[{"href":"https:\/\/parafia.niepokalanow.pl\/index.php?rest_route=%2Fwp%2Fv2%2Fmedia&parent=7819"}],"wp:term":[{"taxonomy":"category","embeddable":true,"href":"https:\/\/parafia.niepokalanow.pl\/index.php?rest_route=%2Fwp%2Fv2%2Fcategories&post=7819"},{"taxonomy":"post_tag","embeddable":true,"href":"https:\/\/parafia.niepokalanow.pl\/index.php?rest_route=%2Fwp%2Fv2%2Ftags&post=7819"}],"curies":[{"name":"wp","href":"https:\/\/api.w.org\/{rel}","templated":true}]}}