{"id":7783,"date":"2017-05-13T20:08:20","date_gmt":"2017-05-13T18:08:20","guid":{"rendered":"http:\/\/parafia.niepokalanow.pl\/?p=7783"},"modified":"2017-05-13T20:08:20","modified_gmt":"2017-05-13T18:08:20","slug":"v-niedziela-wielkanocy-2","status":"publish","type":"post","link":"https:\/\/parafia.niepokalanow.pl\/?p=7783","title":{"rendered":"V Niedziela Wielkanocy"},"content":{"rendered":"<ol>\n<li>W tym tygodniu w liturgii Ko\u015bcio\u0142a b\u0119dziemy obchodzi\u0107:<\/li>\n<\/ol>\n<ul>\n<li>15 maja w poniedzia\u0142ek: Wspomnienie \u015bw. Ma\u0142gorzaty z Kortony;<\/li>\n<li>16 maja we wtorek: Uroczysto\u015b\u0107 \u015bw. Andrzeja Boboli, prezbitera i m\u0119czennika, patrona Polski i metropolii warszawskiej;<\/li>\n<li>17 maja w \u015brod\u0119: Wspomnienie \u015bw. Paschalisa Baylon, zakonnika;<\/li>\n<li>18 maja w czwartek: Wspomnienie \u015bw. Feliksa z Cantalice, prezbitera;<\/li>\n<li>20 maja w sobot\u0119: Wspomnienie \u015bw. Bernardyna ze Sieny, prezbitera<\/li>\n<\/ul>\n<ol start=\"2\">\n<li>Nabo\u017ce\u0144stwa majowe w naszej bazylice odprawiamy w niedziele o godz. 17.00, w dni powszednie po Mszy \u015bwi\u0119tej wieczornej ok. godz. 18.30.<\/li>\n<\/ol>\n<p><!--more--><\/p>\n<ol start=\"4\">\n<li>Modlitwa o nawr\u00f3cenie nieprzyjaci\u00f3\u0142 Ko\u015bcio\u0142a \u015bwi\u0119tego, nawi\u0105zuj\u0105ca do setnej rocznicy za\u0142o\u017cenia Rycerstwa Niepokalanej,&nbsp;rozpocznie si\u0119 16 maja o godzinie 17.00 nabo\u017ce\u0144stwem r\u00f3\u017ca\u0144cowym&nbsp;w bazylice.&nbsp;Od godziny 20.00 b\u0119dzie kontynuowana w&nbsp;kaplicy \u015bw. Maksymiliana. Zako\u0144czenie Msz\u0105 \u015bwi\u0119t\u0105 o godzinie 5 rano 17 maja. Podczas ca\u0142onocnej adoracji modli\u0107 si\u0119 b\u0119dziemy o pok\u00f3j na \u015bwiecie i ustanie atak\u00f3w terrorystycznych.&nbsp;Szczeg\u00f3\u0142y na plakacie przed bazylik\u0105 i na folderach przy wyj\u015bciu z bazyliki. Serdecznie zapraszamy!<\/li>\n<li>Zapraszamy na apel maryjny w ka\u017cd\u0105 sobot\u0119 o godz. 21.00.<\/li>\n<li>Za tydzie\u0144 kolejna grupa dzieci klas trzecich podczas Mszy \u015bwi\u0119tej o godz. 10.00 b\u0119dzie prze\u017cywa\u0107 uroczysto\u015b\u0107 Pierwszej Komunii \u015awi\u0119tej. Pr\u00f3by przygotowuj\u0105ce do tej uroczysto\u015bci b\u0119d\u0105 od poniedzia\u0142ku do pi\u0105tku o godz. 16.00. Spowied\u017a \u015bwi\u0119ta dzieci i rodzic\u00f3w w sobot\u0119<br \/>\no godz. 14.00. W zwi\u0105zku z t\u0105 uroczysto\u015bci\u0105 w&nbsp;naszej parafii zwracamy si\u0119 z pro\u015bb\u0105 do wiernych, kt\u00f3rzy uczestnicz\u0105 we Mszy \u015bwi\u0119tej o&nbsp;godz. 10.00, a nie s\u0105 zwi\u0105zani z t\u0105 uroczysto\u015bci\u0105, aby uczestniczyli we Mszy \u015bwi\u0119tej o innej godzinie.<\/li>\n<li>Organizujemy pielgrzymk\u0119 na czuwanie modlitewne Odnowy w&nbsp;Duchu \u015awi\u0119tym w&nbsp;Cz\u0119stochowie w sobot\u0119 20 maja. Koszt ok. 50 z\u0142. Zapisy przyjmujemy w kancelarii parafialnej.<\/li>\n<\/ol>\n","protected":false},"excerpt":{"rendered":"<p>W tym tygodniu w liturgii Ko\u015bcio\u0142a b\u0119dziemy obchodzi\u0107: 15 maja w poniedzia\u0142ek: Wspomnienie \u015bw. Ma\u0142gorzaty z Kortony; 16 maja we wtorek: Uroczysto\u015b\u0107 \u015bw. Andrzeja Boboli, prezbitera i m\u0119czennika, patrona Polski [&hellip;]<\/p>\n","protected":false},"author":1,"featured_media":7784,"comment_status":"closed","ping_status":"open","sticky":false,"template":"","format":"standard","meta":{"footnotes":""},"categories":[1],"tags":[],"class_list":["post-7783","post","type-post","status-publish","format-standard","has-post-thumbnail","hentry","category-bez-kategorii"],"_links":{"self":[{"href":"https:\/\/parafia.niepokalanow.pl\/index.php?rest_route=\/wp\/v2\/posts\/7783","targetHints":{"allow":["GET"]}}],"collection":[{"href":"https:\/\/parafia.niepokalanow.pl\/index.php?rest_route=\/wp\/v2\/posts"}],"about":[{"href":"https:\/\/parafia.niepokalanow.pl\/index.php?rest_route=\/wp\/v2\/types\/post"}],"author":[{"embeddable":true,"href":"https:\/\/parafia.niepokalanow.pl\/index.php?rest_route=\/wp\/v2\/users\/1"}],"replies":[{"embeddable":true,"href":"https:\/\/parafia.niepokalanow.pl\/index.php?rest_route=%2Fwp%2Fv2%2Fcomments&post=7783"}],"version-history":[{"count":0,"href":"https:\/\/parafia.niepokalanow.pl\/index.php?rest_route=\/wp\/v2\/posts\/7783\/revisions"}],"wp:featuredmedia":[{"embeddable":true,"href":"https:\/\/parafia.niepokalanow.pl\/index.php?rest_route=\/wp\/v2\/media\/7784"}],"wp:attachment":[{"href":"https:\/\/parafia.niepokalanow.pl\/index.php?rest_route=%2Fwp%2Fv2%2Fmedia&parent=7783"}],"wp:term":[{"taxonomy":"category","embeddable":true,"href":"https:\/\/parafia.niepokalanow.pl\/index.php?rest_route=%2Fwp%2Fv2%2Fcategories&post=7783"},{"taxonomy":"post_tag","embeddable":true,"href":"https:\/\/parafia.niepokalanow.pl\/index.php?rest_route=%2Fwp%2Fv2%2Ftags&post=7783"}],"curies":[{"name":"wp","href":"https:\/\/api.w.org\/{rel}","templated":true}]}}