{"id":7758,"date":"2017-05-06T08:50:05","date_gmt":"2017-05-06T06:50:05","guid":{"rendered":"http:\/\/parafia.niepokalanow.pl\/?p=7758"},"modified":"2017-05-06T08:55:46","modified_gmt":"2017-05-06T06:55:46","slug":"iv-niedziela-wielkanocy-7-05-2017","status":"publish","type":"post","link":"https:\/\/parafia.niepokalanow.pl\/?p=7758","title":{"rendered":"IV Niedziela Wielkanocy &#8211; 7.05.2017"},"content":{"rendered":"<ol>\n<li>Dzi\u015b pierwsza niedziela maja, kt\u00f3r\u0105 obchodzimy jako Niedziel\u0119 Rycerstwa Niepokalanej. Z tej racji kazania g\u0142osi o. Robert Stachowiak \u2013 zast\u0119pca Prezesa Narodowego Rycerstwa Niepokalanej. Wszelkie informacje na temat Rycerstwa mo\u017cna uzyska\u0107 w O\u015brodku Rycerstwa Niepokalanej przy Informacji.<\/li>\n<\/ol>\n<p><!--more--><\/p>\n<ol start=\"2\">\n<li>W tym tygodniu w liturgii Ko\u015bcio\u0142a b\u0119dziemy obchodzi\u0107:<\/li>\n<\/ol>\n<ul>\n<li>8 maja, w poniedzia\u0142ek: Uroczysto\u015b\u0107 \u015bw. Stanis\u0142awa , biskupa i m\u0119czennika, g\u0142\u00f3wnego patrona Polski<\/li>\n<li>12 maja, w pi\u0105tek: \u015bw. Leopolda Mandicia z Hercegnovi, prezbitera;<\/li>\n<\/ul>\n<ol start=\"3\">\n<li>13 maja, w sobot\u0119: wspomnienie Naj\u015bwi\u0119tszej Maryi Panny z Fatimy; w tym dniu przypada dok\u0142adnie setna rocznica objawie\u0144 fatimskich. O godz. 11.00 w naszej bazylice \u015bluby wieczyste z\u0142o\u017cy o. Micha\u0142 Chaci\u0144ski. Tego dnia zapraszamy tak\u017ce na uroczyst\u0105 Msz\u0119 \u015awi\u0119t\u0105 do kaplicy pod wezwaniem NMP z Fatimy w Niepokalanowie &#8211; Lasku. Mszy \u015awi\u0119tej o godz. 18.00 b\u0119dzie przewodniczy\u0142 i homili\u0119 wyg\u0142osi o. Prowincja\u0142 Wies\u0142aw Pyzio. Tego dnia nie b\u0119dzie spotkania doros\u0142ych rycerzy Niepokalanej. Wszystkich zapraszamy na Msz\u0119 \u015bw. odpustow\u0105 do Niepokalanowa Lasku.<\/li>\n<li>W naszej bazylice nabo\u017ce\u0144stwa majowe odprawiane s\u0105: w niedziele o godz. 17.00, w dni powszednie po Mszy \u015bwi\u0119tej wieczornej ok. godz. 18.30, w sobot\u0119 Msza \u015bwi\u0119ta wieczorna i&nbsp;nabo\u017ce\u0144stwo majowe w&nbsp;Sanktuarium \u015aw. Maksymiliana.<\/li>\n<li>W sobot\u0119 odb\u0119dzie si\u0119 nocna pielgrzymka z Miedniewic do Niepokalanowa oraz nocne czuwanie. Msza \u015bwi\u0119ta poranna w niedziel\u0119 b\u0119dzie sprawowana o godz. 5.45.<\/li>\n<li>Za tydzie\u0144 dzieci klas trzecich podczas Mszy \u015bwi\u0119tej o godz. 10.00 b\u0119d\u0105 prze\u017cywa\u0107 uroczysto\u015b\u0107 Pierwszej Komunii \u015awi\u0119tej. Pr\u00f3by przygotowuj\u0105ce do tej uroczysto\u015bci b\u0119d\u0105 od poniedzia\u0142ku do pi\u0105tku o godz. 16.00. Spowied\u017a \u015bwi\u0119ta dzieci i rodzic\u00f3w w sobot\u0119 o godz. 14.00. W zwi\u0105zku z t\u0105 uroczysto\u015bci\u0105 w&nbsp;naszej parafii zwracamy si\u0119 z pro\u015bb\u0105 do wiernych, kt\u00f3rzy uczestnicz\u0105 we Mszy \u015bwi\u0119tej o&nbsp;godz. 10.00, a nie s\u0105 zwi\u0105zani z t\u0105 uroczysto\u015bci\u0105, aby uczestniczyli we Mszy \u015bwi\u0119tej<br \/>\no innej godzinie.<\/li>\n<li>Zapraszamy na apel maryjny w ka\u017cd\u0105 sobot\u0119 o godz. 21.00.<\/li>\n<li>Zach\u0119camy do lektury majowego numeru Rycerza Niepokalanej, jest on po\u015bwi\u0119cony 100. rocznicy objawie\u0144 Fatimskich. Autorzy artyku\u0142\u00f3w staraj\u0105 si\u0119 ukaza\u0107 aktualno\u015b\u0107 tych objawie\u0144 i ich rol\u0119 w \u017cyciu ka\u017cdego cz\u0142owieka. Ponadto polecamy artyku\u0142 o roli DZIADKA I BABCI<br \/>\nw \u017cyciu rodzinnym oraz wywiad z p. Halin\u0105 \u0141abonarsk\u0105. Ponadto wydarzenia z \u017cycia rycerstwa Niepokalanej, rozwa\u017cania S\u0142owa Bo\u017cego i podzi\u0119kowania z otrzymane \u0142aski od Matki Bo\u017cej.<\/li>\n<li>Organizujemy pielgrzymk\u0119 na czuwanie modlitewne Odnowy w&nbsp;Duchu \u015awi\u0119tym w&nbsp;Cz\u0119stochowie w sobot\u0119 20 maja. Koszt ok. 50 z\u0142. Zapisy przyjmujemy w kancelarii parafialnej.<\/li>\n<li>14 maja w Szymanowie o godz. 18.00, odb\u0119dzie si\u0119 Festiwal pie\u015bni Maryjnej. Zapraszamy wszystkich ch\u0119tnych do wsp\u00f3lnego \u015bpiewania.<\/li>\n<li>W tym tygodniu z naszej wsp\u00f3lnoty parafialnej odeszli do wieczno\u015bci: \u015bp. Irena G\u0142owacka<br \/>\n77 z Granic i \u015bp. Zenona P\u0105k l. 64 z Paprotni. <em>Wieczny odpoczynek racz im da\u0107 Panie\u2026<\/em><\/li>\n<\/ol>\n","protected":false},"excerpt":{"rendered":"<p>Dzi\u015b pierwsza niedziela maja, kt\u00f3r\u0105 obchodzimy jako Niedziel\u0119 Rycerstwa Niepokalanej. Z tej racji kazania g\u0142osi o. Robert Stachowiak \u2013 zast\u0119pca Prezesa Narodowego Rycerstwa Niepokalanej. Wszelkie informacje na temat Rycerstwa mo\u017cna [&hellip;]<\/p>\n","protected":false},"author":1,"featured_media":7761,"comment_status":"closed","ping_status":"open","sticky":false,"template":"","format":"standard","meta":{"footnotes":""},"categories":[1],"tags":[],"class_list":["post-7758","post","type-post","status-publish","format-standard","has-post-thumbnail","hentry","category-bez-kategorii"],"_links":{"self":[{"href":"https:\/\/parafia.niepokalanow.pl\/index.php?rest_route=\/wp\/v2\/posts\/7758","targetHints":{"allow":["GET"]}}],"collection":[{"href":"https:\/\/parafia.niepokalanow.pl\/index.php?rest_route=\/wp\/v2\/posts"}],"about":[{"href":"https:\/\/parafia.niepokalanow.pl\/index.php?rest_route=\/wp\/v2\/types\/post"}],"author":[{"embeddable":true,"href":"https:\/\/parafia.niepokalanow.pl\/index.php?rest_route=\/wp\/v2\/users\/1"}],"replies":[{"embeddable":true,"href":"https:\/\/parafia.niepokalanow.pl\/index.php?rest_route=%2Fwp%2Fv2%2Fcomments&post=7758"}],"version-history":[{"count":0,"href":"https:\/\/parafia.niepokalanow.pl\/index.php?rest_route=\/wp\/v2\/posts\/7758\/revisions"}],"wp:featuredmedia":[{"embeddable":true,"href":"https:\/\/parafia.niepokalanow.pl\/index.php?rest_route=\/wp\/v2\/media\/7761"}],"wp:attachment":[{"href":"https:\/\/parafia.niepokalanow.pl\/index.php?rest_route=%2Fwp%2Fv2%2Fmedia&parent=7758"}],"wp:term":[{"taxonomy":"category","embeddable":true,"href":"https:\/\/parafia.niepokalanow.pl\/index.php?rest_route=%2Fwp%2Fv2%2Fcategories&post=7758"},{"taxonomy":"post_tag","embeddable":true,"href":"https:\/\/parafia.niepokalanow.pl\/index.php?rest_route=%2Fwp%2Fv2%2Ftags&post=7758"}],"curies":[{"name":"wp","href":"https:\/\/api.w.org\/{rel}","templated":true}]}}