{"id":7716,"date":"2017-04-29T16:28:19","date_gmt":"2017-04-29T14:28:19","guid":{"rendered":"http:\/\/parafia.niepokalanow.pl\/?p=7716"},"modified":"2017-05-02T12:41:03","modified_gmt":"2017-05-02T10:41:03","slug":"iii-niedziela-wielkanocy-30-04-2017","status":"publish","type":"post","link":"https:\/\/parafia.niepokalanow.pl\/?p=7716","title":{"rendered":"III Niedziela Wielkanocy &#8211; 30.04.2017"},"content":{"rendered":"<ol>\n<li>Dzi\u015b prze\u017cywamy VIII Niedziel\u0119 Biblijn\u0105, rozpoczynaj\u0105c\u0105 obchody Tygodnia Biblijnego w&nbsp;Polsce. Chcemy zwr\u00f3ci\u0107 uwag\u0119 na Pismo \u015awi\u0119te, najwa\u017cniejsz\u0105 ksi\u0119g\u0119 dla ca\u0142ego Ko\u015bcio\u0142a i dla ka\u017cdego z nas. Niech w naszym \u017cyciu nie zabraknie czasu na jej czytanie.<\/li>\n<li>W tym tygodniu w liturgii Ko\u015bcio\u0142a b\u0119dziemy obchodzi\u0107:<\/li>\n<\/ol>\n<ul>\n<li>2 maja, we wtorek: wspomnienie \u015bw. Atanazego, biskupa i doktora Ko\u015bcio\u0142a;<\/li>\n<li>3 maja, w \u015brod\u0119: Uroczysto\u015b\u0107 NMP, Kr\u00f3lowej Polski;<\/li>\n<li>4 maja, w czwartek: wspomnienie \u015bw. Floriana, m\u0119czennika;<\/li>\n<li>6 maja, \u015bwi\u0119to \u015bwi\u0119tych Aposto\u0142\u00f3w Filipa i Jakuba;<\/li>\n<\/ul>\n<ol start=\"3\">\n<li>Dzi\u015b podczas Mszy \u015bw. o godz. 18.00 i na nabo\u017ce\u0144stwie po&nbsp;Mszy \u015bwi\u0119tej modli\u0107 si\u0119 b\u0119dziemy o&nbsp;\u0142ask\u0119 uzdro\u00adwienia duszy i cia\u0142a. Zapraszamy na&nbsp;wsp\u00f3ln\u0105 modlitw\u0119.<\/li>\n<li>Od jutra rozpoczynamy miesi\u0105c maj, po\u015bwi\u0119cony szczeg\u00f3lnej czci Matki Bo\u017cej. Nabo\u017ce\u0144stwa majowe w naszej bazylice b\u0119d\u0105 odprawiane w niedziele o godz. 17.00, w dni powszednie po Mszy \u015bwi\u0119tej wieczornej ok. godz. 18.30. W sobot\u0119 Msza \u015bwi\u0119ta wieczorna i&nbsp;nabo\u017ce\u0144stwo majowe odprawiane s\u0105 w&nbsp;Sanktuarium \u015aw. Maksymiliana. Pierwsza maj\u00f3wka b\u0119dzie po\u0142\u0105czona z procesj\u0105, dlatego zapraszamy asyst\u0119, biel i dziewczynki do sypania kwiatk\u00f3w. Prosimy tak\u017ce wiernych o&nbsp;przyozdobienie przydro\u017cnych krzy\u017cy i figur Matki Bo\u017cej oraz organizowanie \u015bpiewu litanii loreta\u0144skiej przy kapliczkach dla tych, kt\u00f3rzy nie mog\u0105 uczestniczy\u0107 w&nbsp;ko\u015bciele.<\/li>\n<\/ol>\n<p><!--more--><\/p>\n<ol start=\"5\">\n<li>3 maja Msze \u015bwi\u0119te b\u0119d\u0105 sprawowane w porz\u0105dku niedzielnym. Msza \u015bw. w int. Ojczyzny o godz. 11.30, po Mszy \u015bw. odb\u0119dzie si\u0119 koncert patriotyczny z racji rocznicy uchwalenia Konstytucji 3 maja. Zapraszamy r\u00f3wnie\u017c na apel maryjny na godz. 21.00. Tym samym wznawiamy to nabo\u017ce\u0144stwo, kt\u00f3re b\u0119dzie odprawiane w&nbsp;ka\u017cd\u0105 sobot\u0119 o godz. 21.00.<\/li>\n<li>W I czwartek zapraszamy na nabo\u017ce\u0144stwo godziny \u015bw. po Mszy \u015bw. wieczornej, szczeg\u00f3lnie b\u0119dziemy poleca\u0107 spraw\u0119 budowy kaplicy adoracji, jak r\u00f3wnie\u017c wszystkich darczy\u0144c\u00f3w. W I pi\u0105tek spowied\u017a dla dzieci o godz. 16.30 a o 17.00 Msza \u015bw. Tego dnia udamy si\u0119 pos\u0142ug\u0105 do chorych naszej parafii.<\/li>\n<li>W pi\u0105tek 5 maja o godz. 9.00 wraz z uczniami, nauczycielami i pracownikami Szko\u0142y Podstawowej w Teresinie im. \u015aw. Maksymiliana b\u0119dziemy modli\u0107 si\u0119 na Mszy \u015bwi\u0119tej o&nbsp;Bo\u017ce b\u0142ogos\u0142awie\u0144stwo dla nich w dniu patronalnego \u015bwi\u0119ta szko\u0142y.<\/li>\n<li>Zapraszamy w sobot\u0119 6 maja na spotkanie \u201eOddaj si\u0119 Maryi\u201d. O 10.00 \u2013 konferencja i \u015bwiadectwa w Sali \u015bw. Bonawentury, o 11.00 \u2013 w Bazylice Eucharystia z oddaniem siebie i wszystkich spraw Niepokalanej oraz nabo\u017ce\u0144stwo wynagradzaj\u0105ce Niepokalanemu Sercu Maryi. Po nabo\u017ce\u0144stwie mo\u017cliwo\u015b\u0107 skorzystania z posi\u0142ku klasztornego.&nbsp;W sobot\u0119 tak\u017ce &nbsp;b\u0119dziemy go\u015bci\u0107 Andrzeja Duffka, bohatera filmu \u201ePo tamtej stronie \u017cycia\u201d, m\u00f3wi\u0105cym o jego wypadku, pobycie w za\u015bwiatach, powrocie do \u017cycia i wielkiej mocy modlitwy. Pokaz filmu o 13.00 i 14.30, w przerwie mo\u017cliwo\u015b\u0107 zadawania pyta\u0144.<\/li>\n<li>\u017byczeniem \u015bw. Maksymiliana by\u0142o, aby pierwsza niedziela maja by\u0142a obchodzona jako Niedziela Rycerstwa Niepokalanej. Z tej okazji w przysz\u0142\u0105 niedziel\u0119 kazania b\u0119dzie g\u0142osi\u0142 o. Robert Stachowiak \u2013 zast\u0119pca Prezesa Narodowego Rycerstwa Niepokalanej. Wszelkie informacje na temat Rycerstwa w tym dniu b\u0119dzie mo\u017cna r\u00f3wnie\u017c uzyska\u0107 w O\u015brodku Rycerstwa Niepokalanej przy Informacji.<\/li>\n<li>Przypominamy parafianom i tym, kt\u00f3rzy uczestnicz\u0105 we Mszy \u015bwi\u0119tej w naszej bazylice, \u017ce od maja do wrze\u015bnia w\u0142\u0105cznie Msza \u015bwi\u0119ta wieczorna w niedziele i&nbsp;uroczysto\u015bci b\u0119dzie odprawiana o godz. 19.00.<\/li>\n<li>W przysz\u0142\u0105 niedziel\u0119 po Mszy \u015bwi\u0119tej o godz. 10.00 odb\u0119dzie si\u0119 spotkanie Wsp\u00f3lnoty \u017bywego R\u00f3\u017ca\u0144ca w&nbsp;\u015bwietlicy w domu parafialnym.<\/li>\n<li>Podczas zbi\u00f3rki do puszek, kt\u00f3r\u0105 przeprowadzili\u015bmy w ubieg\u0142\u0105 niedziel\u0119 jako wyraz naszej solidarno\u015bci z Syri\u0105 zebrano 7804 z\u0142.<\/li>\n<li>14 maja w Szymanowie o godz. 18.00, odb\u0119dzie si\u0119 Festiwal pie\u015bni Maryjnej. Zapraszamy wszystkich ch\u0119tnych do wsp\u00f3lnego \u015bpiewania.<\/li>\n<li>Maryja Niepokalana, jest pierwszym Tabernakulum Boskiego Syna \u2013 Jezusa. Nieustannie adoruje Syna i pragnie, aby by\u0142 adorowany przez szerokie rzesze ludzi, dlatego pragniemy utworzy\u0107 w naszej bazylice kaplic\u0119 adoracji Naj\u015bwi\u0119tszego Sakramentu. Nasi przodkowie uczestniczyli w wielkim dziele budowy tej \u015bwi\u0105tyni. Dzi\u015b do nas nale\u017cy zadbanie o to, co przekazali nam przodkowie, a czego tw\u00f3rc\u0105 duchowym by\u0142 \u015bw. Maksymilian Kolbe. Kaplica Adoracji Naj\u015bwi\u0119tszego Sakramentu b\u0119dzie w ca\u0142o\u015bci dzie\u0142em sfinansowanym w ramach sk\u0142adki spo\u0142ecznej. Przy wyj\u015bciu z bazyliki b\u0119d\u0105 rozdawane informacje dot. tego dzie\u0142a i mo\u017cliwo\u015bci wsparcia. Szczeg\u00f3\u0142owe informacje mo\u017cna znale\u017a\u0107 na stronie internetowej <a href=\"http:\/\/kaplica.niepokalanow.pl\">kaplica.niepokalanow.pl<\/a>.<\/li>\n<li>W tym tygodniu z naszej wsp\u00f3lnoty parafialnej odesz\u0142a do wieczno\u015bci: \u015bp. Marzena Kowalczyk l. 41 z Budek Piaseckich. <em>Wieczny odpoczynek racz jej da\u0107 Panie\u2026<\/em><\/li>\n<\/ol>\n","protected":false},"excerpt":{"rendered":"<p>Dzi\u015b prze\u017cywamy VIII Niedziel\u0119 Biblijn\u0105, rozpoczynaj\u0105c\u0105 obchody Tygodnia Biblijnego w&nbsp;Polsce. Chcemy zwr\u00f3ci\u0107 uwag\u0119 na Pismo \u015awi\u0119te, najwa\u017cniejsz\u0105 ksi\u0119g\u0119 dla ca\u0142ego Ko\u015bcio\u0142a i dla ka\u017cdego z nas. Niech w naszym \u017cyciu [&hellip;]<\/p>\n","protected":false},"author":1,"featured_media":7717,"comment_status":"closed","ping_status":"open","sticky":false,"template":"","format":"standard","meta":{"footnotes":""},"categories":[1],"tags":[],"class_list":["post-7716","post","type-post","status-publish","format-standard","has-post-thumbnail","hentry","category-bez-kategorii"],"_links":{"self":[{"href":"https:\/\/parafia.niepokalanow.pl\/index.php?rest_route=\/wp\/v2\/posts\/7716","targetHints":{"allow":["GET"]}}],"collection":[{"href":"https:\/\/parafia.niepokalanow.pl\/index.php?rest_route=\/wp\/v2\/posts"}],"about":[{"href":"https:\/\/parafia.niepokalanow.pl\/index.php?rest_route=\/wp\/v2\/types\/post"}],"author":[{"embeddable":true,"href":"https:\/\/parafia.niepokalanow.pl\/index.php?rest_route=\/wp\/v2\/users\/1"}],"replies":[{"embeddable":true,"href":"https:\/\/parafia.niepokalanow.pl\/index.php?rest_route=%2Fwp%2Fv2%2Fcomments&post=7716"}],"version-history":[{"count":0,"href":"https:\/\/parafia.niepokalanow.pl\/index.php?rest_route=\/wp\/v2\/posts\/7716\/revisions"}],"wp:featuredmedia":[{"embeddable":true,"href":"https:\/\/parafia.niepokalanow.pl\/index.php?rest_route=\/wp\/v2\/media\/7717"}],"wp:attachment":[{"href":"https:\/\/parafia.niepokalanow.pl\/index.php?rest_route=%2Fwp%2Fv2%2Fmedia&parent=7716"}],"wp:term":[{"taxonomy":"category","embeddable":true,"href":"https:\/\/parafia.niepokalanow.pl\/index.php?rest_route=%2Fwp%2Fv2%2Fcategories&post=7716"},{"taxonomy":"post_tag","embeddable":true,"href":"https:\/\/parafia.niepokalanow.pl\/index.php?rest_route=%2Fwp%2Fv2%2Ftags&post=7716"}],"curies":[{"name":"wp","href":"https:\/\/api.w.org\/{rel}","templated":true}]}}