{"id":7684,"date":"2017-04-22T17:40:46","date_gmt":"2017-04-22T15:40:46","guid":{"rendered":"http:\/\/parafia.niepokalanow.pl\/?p=7684"},"modified":"2017-04-22T17:40:46","modified_gmt":"2017-04-22T15:40:46","slug":"ii-niedziela-wielkanocy-biala-milosierdzia-bozego-23-04-2017","status":"publish","type":"post","link":"https:\/\/parafia.niepokalanow.pl\/?p=7684","title":{"rendered":"II Niedziela Wielkanocy (Bia\u0142a, Mi\u0142osierdzia Bo\u017cego) &#8211; 23.04.2017"},"content":{"rendered":"<ol>\n<li>Dzi\u015b II Niedziela Wielkanocna, ko\u0144cz\u0105ca oktaw\u0119 uroczysto\u015bci Zmartwychwstania Pa\u0144skiego, nazywana niedziel\u0105 bia\u0142\u0105 \u2013 od zwyczaju noszenia bia\u0142ych szat<br \/>\nw pierwszym tygodniu po Wielkanocy przez nowo ochrzczonych, lub niedziel\u0105 Mi\u0142osierdzia Bo\u017cego \u2013 ze wzgl\u0119du na obchodzone w t\u0119 niedziel\u0119 na \u017cyczenie Chrystusa, \u015awi\u0119to Mi\u0142osierdzia Bo\u017cego. Koronka i nabo\u017ce\u0144stwo b\u0119d\u0105 odprawione<br \/>\nw bazylice o godz. 15.00. Z tej racji nie b\u0119dzie nabo\u017ce\u0144stwa o godz. 17.00.<\/li>\n<li>Dzi\u015b Mszy \u015bw. o godz. 16.00 b\u0119dzie przewodniczy\u0142 kard. Leo Burke ze Stan\u00f3w Zjednoczonych. Msza \u015bw. b\u0119dzie sprawowana po \u0142acinie w rycie nadzwyczajnym.<\/li>\n<\/ol>\n<p><!--more--><\/p>\n<ol start=\"3\">\n<li>15 marca min\u0119\u0142o 6 lat od rozpocz\u0119cia wojny w Syrii. Sytuacja wci\u0105\u017c jest dramatyczna, pomocy humanitarnej potrzebuje ponad 13 milion\u00f3w ludzi, w tym 6 mln dzieci.<br \/>\nW odpowiedzi na wezwanie Ojca \u015awi\u0119tego Franciszka, decyzj\u0105 Konferencji Episkopatu Polski dzi\u015b jest przeprowadzona zbi\u00f3rka do puszek jako wyraz naszej solidarno\u015bci z narodem Syryjskim, przede wszystkim ze zrujnowanym Aleppo.<\/li>\n<li>W tym tygodniu w liturgii Ko\u015bcio\u0142a b\u0119dziemy obchodzi\u0107:<\/li>\n<\/ol>\n<ul>\n<li>24 kwietnia, w poniedzia\u0142ek: Uroczysto\u015b\u0107 \u015bw. Wojciecha, biskupa i m\u0119czennika;<\/li>\n<li>25 kwietnia, we wtorek: \u015awi\u0119to \u015bw. Marka, ewangelisty;<\/li>\n<li>28 kwietnia, w pi\u0105tek: wspomnienie \u015bw. Ludwika Marii Grignion de Montfort, prezbitera;<\/li>\n<li>29 kwietnia, w sobot\u0119: \u015awi\u0119to \u015bw. Katarzyny ze Sieny, dziewicy i doktora Ko\u015bcio\u0142a, wsp\u00f3\u0142patronki Europy.<\/li>\n<\/ul>\n<ol start=\"5\">\n<li>Za tydzie\u0144 \u2013 trzecia niedziela Wielkanocna a zarazem IX Niedziela Biblijna, rozpoczynaj\u0105ca obchody Tygodnia Biblijnego w Polsce. Przypominamy, \u017ce w domu parafialnym w ka\u017cdy czwartek o godz. 19.00 odbywa si\u0119 spotkanie Wieczernika biblijnego. Serdecznie zapraszamy.<\/li>\n<li>W minionym tygodniu odeszli do Pana: \u015bp. Henryk Konecki, l. 87 z Teresina oraz<br \/>\n\u015bp. Andrzej Dylik, l. 72 z Nowej Piasecznicy. <em>Wieczny odpoczynek racz im da\u0107 Panie\u2026<\/em><\/li>\n<\/ol>\n","protected":false},"excerpt":{"rendered":"<p>Dzi\u015b II Niedziela Wielkanocna, ko\u0144cz\u0105ca oktaw\u0119 uroczysto\u015bci Zmartwychwstania Pa\u0144skiego, nazywana niedziel\u0105 bia\u0142\u0105 \u2013 od zwyczaju noszenia bia\u0142ych szat w pierwszym tygodniu po Wielkanocy przez nowo ochrzczonych, lub niedziel\u0105 Mi\u0142osierdzia Bo\u017cego [&hellip;]<\/p>\n","protected":false},"author":1,"featured_media":5642,"comment_status":"closed","ping_status":"open","sticky":false,"template":"","format":"standard","meta":{"footnotes":""},"categories":[1],"tags":[],"class_list":["post-7684","post","type-post","status-publish","format-standard","has-post-thumbnail","hentry","category-bez-kategorii"],"_links":{"self":[{"href":"https:\/\/parafia.niepokalanow.pl\/index.php?rest_route=\/wp\/v2\/posts\/7684","targetHints":{"allow":["GET"]}}],"collection":[{"href":"https:\/\/parafia.niepokalanow.pl\/index.php?rest_route=\/wp\/v2\/posts"}],"about":[{"href":"https:\/\/parafia.niepokalanow.pl\/index.php?rest_route=\/wp\/v2\/types\/post"}],"author":[{"embeddable":true,"href":"https:\/\/parafia.niepokalanow.pl\/index.php?rest_route=\/wp\/v2\/users\/1"}],"replies":[{"embeddable":true,"href":"https:\/\/parafia.niepokalanow.pl\/index.php?rest_route=%2Fwp%2Fv2%2Fcomments&post=7684"}],"version-history":[{"count":0,"href":"https:\/\/parafia.niepokalanow.pl\/index.php?rest_route=\/wp\/v2\/posts\/7684\/revisions"}],"wp:featuredmedia":[{"embeddable":true,"href":"https:\/\/parafia.niepokalanow.pl\/index.php?rest_route=\/wp\/v2\/media\/5642"}],"wp:attachment":[{"href":"https:\/\/parafia.niepokalanow.pl\/index.php?rest_route=%2Fwp%2Fv2%2Fmedia&parent=7684"}],"wp:term":[{"taxonomy":"category","embeddable":true,"href":"https:\/\/parafia.niepokalanow.pl\/index.php?rest_route=%2Fwp%2Fv2%2Fcategories&post=7684"},{"taxonomy":"post_tag","embeddable":true,"href":"https:\/\/parafia.niepokalanow.pl\/index.php?rest_route=%2Fwp%2Fv2%2Ftags&post=7684"}],"curies":[{"name":"wp","href":"https:\/\/api.w.org\/{rel}","templated":true}]}}