{"id":7663,"date":"2017-04-16T03:10:08","date_gmt":"2017-04-16T01:10:08","guid":{"rendered":"http:\/\/parafia.niepokalanow.pl\/?p=7663"},"modified":"2017-04-16T03:10:08","modified_gmt":"2017-04-16T01:10:08","slug":"niedziela-zmartwychwstania-panskiego-2","status":"publish","type":"post","link":"https:\/\/parafia.niepokalanow.pl\/?p=7663","title":{"rendered":"Niedziela Zmartwychwstania Pa\u0144skiego"},"content":{"rendered":"<ol>\n<li><strong>\u201eDlaczego szukacie \u017cyj\u0105cego w\u015br\u00f3d umar\u0142ych?\u201d <\/strong>\u2013 z takim pytaniem anio\u0142owie zwr\u00f3cili si\u0119 do niewiast i zaraz dodali:<strong> \u201eNie ma Go tutaj; zmartwychwsta\u0142\u201d. <\/strong>Drodzy Parafianie i wszyscy przybyli Go\u015bcie. Jezus \u017cyje! Naprawd\u0119 \u017cyje!!! Dzi\u0119ki zmartwychwstaniu, jak naucza Papie\u017c Franciszek, \u201eJezus nie nale\u017cy ju\u017c do przesz\u0142o\u015bci, ale \u017cyje w tera\u017aniejszo\u015bci i jest ukierunkowany ku przysz\u0142o\u015bci, jest wiecznym \u201edzisiaj\u201d Boga\u201d. Prze\u017cywaj\u0105c t\u0119 wielk\u0105 Tajemnic\u0119 naszej wiary pragniemy \u017cyczy\u0107 wszystkim niezachwianej, mocnej wiary w Syna Bo\u017cego, kt\u00f3ry dla naszego zbawienia sta\u0142 si\u0119 Cz\u0142owiekiem, zosta\u0142 ukrzy\u017cowany i trzeciego dnia Zmartwychwsta\u0142. \u017byczymy Wam osobistego do\u015bwiadczenia prawdy, \u017ce Jezus zmartwychwsta\u0142, \u017cyje, jest blisko nas i&nbsp;pragnie naszego zbawienia.<\/li>\n<\/ol>\n<ol start=\"2\">\n<li>Dzi\u015b niedziela wielkanocna Zmartwychwstania Pa\u0144skiego rozpoczynaj\u0105ca okres wielkanocny w liturgii. Pi\u0119\u0107dziesi\u0105t dni od niedzieli Zmartwychwstania do niedzieli Zes\u0142ania Ducha \u015awi\u0119tego obchodzi si\u0119 z wielk\u0105 rado\u015bci\u0105 jako jeden dzie\u0144 \u015bwi\u0105teczny, co wi\u0119cej, jako \u201ewielk\u0105 niedziel\u0119\u201d. Osiem pierwszych dni okresu wielkanocnego stanowi oktaw\u0119 Wielkanocy i obchodzi si\u0119 je jako uroczysto\u015bci Pa\u0144skie. Z tego powodu w pi\u0105tek w oktawie Wielkanocy nie obowi\u0105zuje wstrzemi\u0119\u017aliwo\u015b\u0107 od spo\u017cywania mi\u0119sa.<\/li>\n<\/ol>\n<ol start=\"3\">\n<li>Wszystkim Drogim Parafianom i Sympatykom Niepokalanowa wyra\u017camy nasz\u0105 wdzi\u0119czno\u015b\u0107 za z\u0142o\u017cone ofiary na wystr\u00f3j bazyliki na okres paschalny, za dary materialne dla potrzebuj\u0105cych oraz za wszelk\u0105 pomoc w przygotowaniu dekoracji i&nbsp;wystroju naszej \u015bwi\u0105tyni.<\/li>\n<\/ol>\n<p><!--more--><\/p>\n<ol start=\"4\">\n<li>Jutro \u2013 poniedzia\u0142ek w oktawie Wielkanocy. Msze \u015awi\u0119te w naszej bazylice zostan\u0105 odprawione w&nbsp;porz\u0105dku niedzielnym. Tradycj\u0105 lat ubieg\u0142ych w dniu jutrzejszym ofiarami z\u0142o\u017conymi do puszek wesprzemy katolickie uczelnie w naszej Ojczy\u017anie. Za z\u0142o\u017cone ofiary m\u00f3wimy: B\u00f3g zap\u0142a\u0107!<\/li>\n<\/ol>\n<ol start=\"5\">\n<li>W tym tygodniu o godz. 15.00 odprawiamy w naszej bazylice Nowenn\u0119 przed \u015awi\u0119tem Bo\u017cego Mi\u0142osierdzia. Zach\u0119camy do licznego udzia\u0142u w tym nabo\u017ce\u0144stwie.<\/li>\n<\/ol>\n<ol start=\"6\">\n<li>Za tydzie\u0144 Mszy \u015bw. o godz. 16.00 b\u0119dzie przewodniczy\u0142 kard. Leo Burke ze Stan\u00f3w Zjednoczonych. Msza \u015bw. b\u0119dzie sprawowana po \u0142acinie w rycie nadzwyczajnym.<\/li>\n<\/ol>\n","protected":false},"excerpt":{"rendered":"<p>\u201eDlaczego szukacie \u017cyj\u0105cego w\u015br\u00f3d umar\u0142ych?\u201d \u2013 z takim pytaniem anio\u0142owie zwr\u00f3cili si\u0119 do niewiast i zaraz dodali: \u201eNie ma Go tutaj; zmartwychwsta\u0142\u201d. Drodzy Parafianie i wszyscy przybyli Go\u015bcie. Jezus \u017cyje! [&hellip;]<\/p>\n","protected":false},"author":1,"featured_media":7664,"comment_status":"closed","ping_status":"open","sticky":false,"template":"","format":"standard","meta":{"footnotes":""},"categories":[1],"tags":[],"class_list":["post-7663","post","type-post","status-publish","format-standard","has-post-thumbnail","hentry","category-bez-kategorii"],"_links":{"self":[{"href":"https:\/\/parafia.niepokalanow.pl\/index.php?rest_route=\/wp\/v2\/posts\/7663","targetHints":{"allow":["GET"]}}],"collection":[{"href":"https:\/\/parafia.niepokalanow.pl\/index.php?rest_route=\/wp\/v2\/posts"}],"about":[{"href":"https:\/\/parafia.niepokalanow.pl\/index.php?rest_route=\/wp\/v2\/types\/post"}],"author":[{"embeddable":true,"href":"https:\/\/parafia.niepokalanow.pl\/index.php?rest_route=\/wp\/v2\/users\/1"}],"replies":[{"embeddable":true,"href":"https:\/\/parafia.niepokalanow.pl\/index.php?rest_route=%2Fwp%2Fv2%2Fcomments&post=7663"}],"version-history":[{"count":0,"href":"https:\/\/parafia.niepokalanow.pl\/index.php?rest_route=\/wp\/v2\/posts\/7663\/revisions"}],"wp:featuredmedia":[{"embeddable":true,"href":"https:\/\/parafia.niepokalanow.pl\/index.php?rest_route=\/wp\/v2\/media\/7664"}],"wp:attachment":[{"href":"https:\/\/parafia.niepokalanow.pl\/index.php?rest_route=%2Fwp%2Fv2%2Fmedia&parent=7663"}],"wp:term":[{"taxonomy":"category","embeddable":true,"href":"https:\/\/parafia.niepokalanow.pl\/index.php?rest_route=%2Fwp%2Fv2%2Fcategories&post=7663"},{"taxonomy":"post_tag","embeddable":true,"href":"https:\/\/parafia.niepokalanow.pl\/index.php?rest_route=%2Fwp%2Fv2%2Ftags&post=7663"}],"curies":[{"name":"wp","href":"https:\/\/api.w.org\/{rel}","templated":true}]}}