{"id":7420,"date":"2017-02-11T23:43:52","date_gmt":"2017-02-11T22:43:52","guid":{"rendered":"http:\/\/parafia.niepokalanow.pl\/?p=7420"},"modified":"2017-02-11T23:43:52","modified_gmt":"2017-02-11T22:43:52","slug":"vi-niedziela-w-ciagu-roku","status":"publish","type":"post","link":"https:\/\/parafia.niepokalanow.pl\/?p=7420","title":{"rendered":"VI Niedziela w ci\u0105gu roku"},"content":{"rendered":"<ol>\n<li>W tym tygodniu w liturgii Ko\u015bcio\u0142a b\u0119dziemy obchodzi\u0107:<\/li>\n<\/ol>\n<ul>\n<li>14 lutego, we wtorek: \u015bwi\u0119tych Cyryla, mnicha i Metodego, biskupa, patron\u00f3w Europy<\/li>\n<\/ul>\n<ol start=\"2\">\n<li>Dzisiaj po Mszach \u015bwi\u0119tej nasi niepokalanowscy bracia rozprowadzaj\u0105 Rycerza Niepokalanej. Tak\u017ce jeszcze dzisiaj na godz. 15.30 zapraszamy do sali \u015bw. Bonawentury do naszego \u201eDobrego kina\u201d na projekcj\u0119 filmu pt. \u201eJak B\u00f3g da\u201d. Wst\u0119p wolny.<\/li>\n<\/ol>\n<p><!--more--><\/p>\n<ol start=\"3\">\n<li>We wtorek, 14 lutego, w czasie wieczornej Mszy \u015bwi\u0119tej o&nbsp;godz.&nbsp;18.00 za przyczyn\u0105 \u015bw.&nbsp;Maksymiliana modli\u0107 si\u0119 b\u0119dziemy w intencji rodzic\u00f3w i&nbsp;ma\u0142\u017conk\u00f3w naszej parafii, zw\u0142aszcza tych, kt\u00f3rzy zawarli sakrament ma\u0142\u017ce\u0144stwa w&nbsp;miesi\u0105cu lutym.<\/li>\n<\/ol>\n<ol start=\"4\">\n<li>W czwartek 16 lutego o godz. 17.00 w bazylice modlitw\u0105 r\u00f3\u017ca\u0144cow\u0105 rozpocznie si\u0119 czuwanie modlitewne w intencji nawr\u00f3cenia nieprzyjaci\u00f3\u0142 Ko\u015bcio\u0142a. Nocna adoracja odb\u0119dzie si\u0119 w kaplicy \u015bw. Maksymiliana od g. 20.00 \u2013 wej\u015bcie od ulicy Ojca Kolbego. Czuwanie zako\u0144czy si\u0119 Msz\u0105 \u015bwi\u0119t\u0105 o g. 5 rano 17 lutego. Szczeg\u00f3\u0142y na plakacie przed bazylik\u0105 i na ulotkach przy wyj\u015bciu z bazyliki.<\/li>\n<\/ol>\n<ol start=\"5\">\n<li>17 lutego wspominamy 76. rocznic\u0119 aresztowania i osadzenia \u015bw. Maksymiliana Kolbego na Pawiaku. Tego dnia odb\u0119dzie si\u0119 w Niepokalanowie XIV Zjazd Gmin Kolbia\u0144skich. Podczas Mszy \u015bw. o godz. 11.00 modli\u0107 si\u0119 b\u0119dziemy w intencji tych gmin z przyby\u0142ymi samorz\u0105dowcami. Po Mszy \u015bw. b\u0119dzie mia\u0142o miejsce nabo\u017ce\u0144stwo upami\u0119tniaj\u0105ce wydarzenia zwi\u0105zane z o. Maksymilianem, z\u0142o\u017cenie kwiat\u00f3w przy pomniku i nawiedzenie jego celi. Serdecznie wszystkich zapraszamy.<\/li>\n<\/ol>\n<ol start=\"6\">\n<li>Nasz parafialny cmentarz zosta\u0142 obj\u0119ty systemem Grobonet, kt\u00f3ry umo\u017cliwia wyszukanie zmar\u0142ych pochowanych na cmentarzu. Dost\u0119pna jest r\u00f3wnie\u017c szczeg\u00f3\u0142owa mapa. Ka\u017cdy gr\u00f3b jest opisany i sfotografowany. System umo\u017cliwia szybkie wyszukanie zmar\u0142ego, jak r\u00f3wnie\u017c podanie dok\u0142adnego miejsca spoczynku. Aby wej\u015b\u0107 do systemu Grobonet, nale\u017cy klikn\u0105\u0107 banner znajduj\u0105cy si\u0119 na naszej parafialnej stronie..<\/li>\n<\/ol>\n<ol start=\"7\">\n<li>W minionym tygodniu odeszli do Pana: \u015bp. Czes\u0142aw Kucharski l. 73 z Kask, Jadwiga Witkowska l. 72 z Serok Parceli, Irena Reszczy\u0144ska l. 95 z Teresina Gaju. <em>Wieczny odpoczynek racz im da\u0107 Panie\u2026<\/em><\/li>\n<\/ol>\n","protected":false},"excerpt":{"rendered":"<p>W tym tygodniu w liturgii Ko\u015bcio\u0142a b\u0119dziemy obchodzi\u0107: 14 lutego, we wtorek: \u015bwi\u0119tych Cyryla, mnicha i Metodego, biskupa, patron\u00f3w Europy Dzisiaj po Mszach \u015bwi\u0119tej nasi niepokalanowscy bracia rozprowadzaj\u0105 Rycerza Niepokalanej. [&hellip;]<\/p>\n","protected":false},"author":1,"featured_media":7421,"comment_status":"closed","ping_status":"open","sticky":false,"template":"","format":"standard","meta":{"footnotes":""},"categories":[1],"tags":[],"class_list":["post-7420","post","type-post","status-publish","format-standard","has-post-thumbnail","hentry","category-bez-kategorii"],"_links":{"self":[{"href":"https:\/\/parafia.niepokalanow.pl\/index.php?rest_route=\/wp\/v2\/posts\/7420","targetHints":{"allow":["GET"]}}],"collection":[{"href":"https:\/\/parafia.niepokalanow.pl\/index.php?rest_route=\/wp\/v2\/posts"}],"about":[{"href":"https:\/\/parafia.niepokalanow.pl\/index.php?rest_route=\/wp\/v2\/types\/post"}],"author":[{"embeddable":true,"href":"https:\/\/parafia.niepokalanow.pl\/index.php?rest_route=\/wp\/v2\/users\/1"}],"replies":[{"embeddable":true,"href":"https:\/\/parafia.niepokalanow.pl\/index.php?rest_route=%2Fwp%2Fv2%2Fcomments&post=7420"}],"version-history":[{"count":0,"href":"https:\/\/parafia.niepokalanow.pl\/index.php?rest_route=\/wp\/v2\/posts\/7420\/revisions"}],"wp:featuredmedia":[{"embeddable":true,"href":"https:\/\/parafia.niepokalanow.pl\/index.php?rest_route=\/wp\/v2\/media\/7421"}],"wp:attachment":[{"href":"https:\/\/parafia.niepokalanow.pl\/index.php?rest_route=%2Fwp%2Fv2%2Fmedia&parent=7420"}],"wp:term":[{"taxonomy":"category","embeddable":true,"href":"https:\/\/parafia.niepokalanow.pl\/index.php?rest_route=%2Fwp%2Fv2%2Fcategories&post=7420"},{"taxonomy":"post_tag","embeddable":true,"href":"https:\/\/parafia.niepokalanow.pl\/index.php?rest_route=%2Fwp%2Fv2%2Ftags&post=7420"}],"curies":[{"name":"wp","href":"https:\/\/api.w.org\/{rel}","templated":true}]}}