{"id":7399,"date":"2017-02-04T18:12:07","date_gmt":"2017-02-04T17:12:07","guid":{"rendered":"http:\/\/parafia.niepokalanow.pl\/?p=7399"},"modified":"2017-02-04T18:12:07","modified_gmt":"2017-02-04T17:12:07","slug":"v-niedziela-w-ciagu-roku-5-02-2017","status":"publish","type":"post","link":"https:\/\/parafia.niepokalanow.pl\/?p=7399","title":{"rendered":"V Niedziela w ci\u0105gu roku &#8211; 5.02.2017"},"content":{"rendered":"<ol>\n<li>W tym tygodniu w liturgii Ko\u015bcio\u0142a b\u0119dziemy obchodzi\u0107:<\/li>\n<\/ol>\n<ul>\n<li>6 lutego w poniedzia\u0142ek: Wspomnienie \u015bw. m\u0119czennik\u00f3w Piotra Chrzciciela i Towarzyszy;<\/li>\n<li>7 lutego we wtorek: Wspomnienie \u015bw. Kolety z Corbie, dziewicy;<\/li>\n<li>10 lutego w pi\u0105tek: Wspomnienie \u015bw. Scholastyki, dziewicy.<\/li>\n<\/ul>\n<ol start=\"2\">\n<li>W sobot\u0119 zako\u0144czyli\u015bmy wizyt\u0119 duszpastersk\u0105. Odwiedzili\u015bmy 2505 dom\u00f3w (88,48%), za\u015b 304 zastali\u015bmy zamkni\u0119te (10,7%), 22 nie \u017cyczy\u0142y sobie obecno\u015bci kap\u0142ana (0,7%). Bardzo serdecznie dzi\u0119kujemy za ten wsp\u00f3lny czas i mo\u017cliwo\u015b\u0107 spotkania w waszych domach. Dzi\u0119kujemy za \u017cyczliwo\u015b\u0107 i cenne uwagi. Gor\u0105ce wyrazy wdzi\u0119czno\u015bci kierujemy te\u017c do wszystkich kierowc\u00f3w, kt\u00f3rzy przybyli by zawie\u017a\u0107 nas na wizyt\u0119 duszpastersk\u0105. Rodziny, kt\u00f3re z r\u00f3\u017cnych przyczyn nie mog\u0142y go\u015bci\u0107 kap\u0142ana w swoim domu, b\u0119dziemy odwiedza\u0107 w poniedzia\u0142ek 6 lutego od godz. 15.00.<\/li>\n<\/ol>\n<p><!--more--><\/p>\n<ol start=\"3\">\n<li>Dzi\u015b po wszystkich Mszach \u015bw. bracia klerycy z naszego franciszka\u0144skiego seminarium rozprowadzaj\u0105 za dobrowoln\u0105 ofiar\u0119 czasopismo \u201eNasze \u017cycie\u201d.<\/li>\n<\/ol>\n<ol start=\"4\">\n<li>W liturgii Ko\u015bcio\u0142a w sobot\u0119 11 lutego obchodzone jest wspomnienie Naj\u015bwi\u0119tszej Maryi Panny z Lourdes i \u015awiatowy Dzie\u0144 Chorego. Tego dnia na Mszy \u015bw. o&nbsp;godz. 11.00 udzielimy Sakramentu Chorych, a na zako\u0144czenie b\u0142ogos\u0142awie\u0144stwa Naj\u015bwi\u0119tszym Sakramentem. Zwracamy si\u0119 z pro\u015bb\u0105 do rodzin, w&nbsp;kt\u00f3rych jest osoba starsza, chora, pozostaj\u0105ca w domu o umo\u017cliwienie jej przybycia do bazyliki. Po Mszy \u015bw. wszystkich chorych, starszych zapraszamy na spotkanie przy stole w&nbsp;Domu Rekolekcyjnym.<\/li>\n<\/ol>\n<ol start=\"5\">\n<li>R\u00f3wnie\u017c w sobot\u0119 odb\u0119dzie si\u0119 Nocna pielgrzymka z Miedniewic do Niepokalanowa. Osoby, kt\u00f3ry chcia\u0142by si\u0119 uda\u0107 do Miedniewic autokarem proszone s\u0105 o kontakt z p. Ann\u0105 W\u0142odarczyk (Tel. 889 590&nbsp;461). Wyjazd sprzed bazyliki o godz. 20.00. Msza \u015bw. poranna w niedziel\u0119 b\u0119dzie sprawowana o godz. 5.45.<\/li>\n<\/ol>\n<ol start=\"6\">\n<li>Zapraszamy do naszego \u201eDobrego kina\u201d na projekcj\u0119 filmu pt. \u201eJak B\u00f3g da\u201d do&nbsp;sali \u015bw.&nbsp;Bonawentury. Seanse odb\u0119d\u0105 si\u0119 dzi\u015b o godz. 15.30, w sobot\u0119 11 lutego o godz. 18.00 oraz w nast\u0119pn\u0105 niedziel\u0119 o godz. 15.30. Wst\u0119p wolny.<\/li>\n<\/ol>\n<ol start=\"7\">\n<li>Zapraszamy na spotkanie doros\u0142ych rycerzy Niepokalanej, kt\u00f3re odb\u0119dzie si\u0119 w sobot\u0119, 11 lutego w Domu Parafialnym o g. 19.00.<\/li>\n<\/ol>\n<ol start=\"8\">\n<li>Z naszym Franciszka\u0144skim Biurem Podr\u00f3\u017cy \u201ePatron Travel\u201d organizujemy pielgrzymk\u0119 autokarow\u0105 do Litwy, \u0141otwy i Estonii w dniach 17-23.07.2017 roku. Koszt 1850 z\u0142. Zapisy przyjmujemy do ko\u0144ca lutego w kancelarii parafialnej.<\/li>\n<\/ol>\n","protected":false},"excerpt":{"rendered":"<p>W tym tygodniu w liturgii Ko\u015bcio\u0142a b\u0119dziemy obchodzi\u0107: 6 lutego w poniedzia\u0142ek: Wspomnienie \u015bw. m\u0119czennik\u00f3w Piotra Chrzciciela i Towarzyszy; 7 lutego we wtorek: Wspomnienie \u015bw. Kolety z Corbie, dziewicy; 10 [&hellip;]<\/p>\n","protected":false},"author":1,"featured_media":7400,"comment_status":"closed","ping_status":"open","sticky":false,"template":"","format":"standard","meta":{"footnotes":""},"categories":[1],"tags":[],"class_list":["post-7399","post","type-post","status-publish","format-standard","has-post-thumbnail","hentry","category-bez-kategorii"],"_links":{"self":[{"href":"https:\/\/parafia.niepokalanow.pl\/index.php?rest_route=\/wp\/v2\/posts\/7399","targetHints":{"allow":["GET"]}}],"collection":[{"href":"https:\/\/parafia.niepokalanow.pl\/index.php?rest_route=\/wp\/v2\/posts"}],"about":[{"href":"https:\/\/parafia.niepokalanow.pl\/index.php?rest_route=\/wp\/v2\/types\/post"}],"author":[{"embeddable":true,"href":"https:\/\/parafia.niepokalanow.pl\/index.php?rest_route=\/wp\/v2\/users\/1"}],"replies":[{"embeddable":true,"href":"https:\/\/parafia.niepokalanow.pl\/index.php?rest_route=%2Fwp%2Fv2%2Fcomments&post=7399"}],"version-history":[{"count":0,"href":"https:\/\/parafia.niepokalanow.pl\/index.php?rest_route=\/wp\/v2\/posts\/7399\/revisions"}],"wp:featuredmedia":[{"embeddable":true,"href":"https:\/\/parafia.niepokalanow.pl\/index.php?rest_route=\/wp\/v2\/media\/7400"}],"wp:attachment":[{"href":"https:\/\/parafia.niepokalanow.pl\/index.php?rest_route=%2Fwp%2Fv2%2Fmedia&parent=7399"}],"wp:term":[{"taxonomy":"category","embeddable":true,"href":"https:\/\/parafia.niepokalanow.pl\/index.php?rest_route=%2Fwp%2Fv2%2Fcategories&post=7399"},{"taxonomy":"post_tag","embeddable":true,"href":"https:\/\/parafia.niepokalanow.pl\/index.php?rest_route=%2Fwp%2Fv2%2Ftags&post=7399"}],"curies":[{"name":"wp","href":"https:\/\/api.w.org\/{rel}","templated":true}]}}