{"id":7372,"date":"2017-01-28T17:31:30","date_gmt":"2017-01-28T16:31:30","guid":{"rendered":"http:\/\/parafia.niepokalanow.pl\/?p=7372"},"modified":"2017-01-28T17:38:32","modified_gmt":"2017-01-28T16:38:32","slug":"iv-niedziela-w-ciagu-roku-29-01-2017","status":"publish","type":"post","link":"https:\/\/parafia.niepokalanow.pl\/?p=7372","title":{"rendered":"IV Niedziela w ci\u0105gu roku &#8211; 29.01.2017"},"content":{"rendered":"<ol>\n<li>W tym tygodniu w liturgii Ko\u015bcio\u0142a b\u0119dziemy obchodzi\u0107:<\/li>\n<\/ol>\n<ul>\n<li>30 stycznia w poniedzia\u0142ek: Wspomnienie \u015bw. Hiacynty Mariscotti, dziewicy;<\/li>\n<li>31 stycznia we wtorek: Wspomnienie: \u015bw. Jana Bosko, prezbitera;<\/li>\n<li>2 lutego w czwartek: \u015awi\u0119to Ofiarowania Pa\u0144skiego;<\/li>\n<\/ul>\n<ol start=\"2\">\n<li>Dzi\u015b w Sali \u015bw. Bonawentury o godzinie od 14.30 odb\u0119dzie si\u0119 Wielki Fina\u0142 XVII Og\u00f3lnopolskiego Festiwalu Kol\u0119d i&nbsp;Pastora\u0142ek \u201eNasze Wieczne Kol\u0119dowanie\u201d: werdykt jury, wr\u0119czenie nagr\u00f3d i koncert laureat\u00f3w. Serdecznie zapraszamy.<em>&nbsp;<\/em><\/li>\n<\/ol>\n<ol start=\"3\">\n<li>Dzi\u015b po Mszach \u015bwi\u0119tych, b\u0119dzie mo\u017cna otrzyma\u0107 ulotk\u0119 z informacjami o mo\u017cliwo\u015bci przekazania 1% z rozliczenia podatkowego na Parafialny Zesp\u00f3\u0142 Caritas. Ju\u017c teraz za wsparcie tej inicjatywy z serca dzi\u0119kujemy<em>.<\/em><\/li>\n<\/ol>\n<p><!--more--><\/p>\n<ol start=\"4\">\n<li>Dzi\u015b podczas Mszy \u015bw. o godz. 18.00 i na nabo\u017ce\u0144stwie po&nbsp;Mszy \u015bwi\u0119tej modli\u0107 si\u0119 b\u0119dziemy o \u0142ask\u0119 uzdrowienia duszy i cia\u0142a. Zapraszamy na&nbsp;wsp\u00f3ln\u0105 modlitw\u0119.<\/li>\n<\/ol>\n<ol start=\"5\">\n<li>W czwartek 2 lutego obchodzimy \u015awi\u0119to Ofiarowania Pa\u0144skiego, zwane \u015bwi\u0119tem Matki Bo\u017cej Gromnicznej, a&nbsp;zarazem w ca\u0142ym Ko\u015bciele jest to 21 \u015awiatowy Dzie\u0144 \u017bycia Konsekrowanego. Porz\u0105dek Mszy \u015bw. jak w dzie\u0144 powszedni. B\u0142ogos\u0142awie\u0144stwo gromnic na ka\u017cdej Mszy \u015bw. Ofiary na tac\u0119 b\u0119d\u0105 przeznaczone na potrzeby zakon\u00f3w klauzurowych.<\/li>\n<\/ol>\n<ol start=\"6\">\n<li>W tym tygodniu przypadaj\u0105 dni odnowy wewn\u0119trznej. W <strong>I czwartek<\/strong> po&nbsp;Mszy \u015bw. wieczornej nabo\u017ce\u0144stwo Godziny \u015awi\u0119tej. W&nbsp;<strong>I&nbsp;pi\u0105tek<\/strong> zach\u0119camy do spowiedzi i Komunii \u015bw. Spowied\u017a dla dzieci i m\u0142odzie\u017cy od&nbsp;godz.&nbsp;17.30, a&nbsp;o&nbsp;godz. 18.00 Msza \u015bw.; w Budkach Piaseckich spowied\u017a o&nbsp;godz. 16.30, a&nbsp;o&nbsp;godz. 17.00 Msza \u015bw. W I pi\u0105tek udamy si\u0119 z pos\u0142ug\u0105 sakramentaln\u0105 do wszystkich chorych w naszej parafii.<\/li>\n<\/ol>\n<ol start=\"7\">\n<li>W najbli\u017csz\u0105 sobot\u0119 4 lutego odb\u0119dzie si\u0119 kolejne spotkanie \u201eOddaj si\u0119 Maryi\u201d, o 10.00 \u2013 konferencja i \u015bwiadectwa w Sali \u015bw. Bonawentury, o 11.00 \u2013 w Bazylice Eucharystia z oddaniem siebie i wszystkich spraw Niepokalanej oraznabo\u017ce\u0144stwo wynagradzaj\u0105ce Niepokalanemu Sercu Maryi. W zwi\u0105zku z powy\u017cszym nie b\u0119dzie Mszy \u015bw. o godz. 9.00 w kaplicy \u015bw. Maksymiliana.<\/li>\n<\/ol>\n<ol start=\"8\">\n<li>W najbli\u017csz\u0105 sobot\u0119 zako\u0144czymy wizyt\u0119 duszpastersk\u0105. Wszystkie rodziny, kt\u00f3re z r\u00f3\u017cnych przyczyn nie mog\u0142y go\u015bci\u0107 kap\u0142ana w swoim domu prosimy o zg\u0142oszenie adresu w zakrystii b\u0105d\u017a w&nbsp;kancelarii parafialnej. Udamy si\u0119 do nich w poniedzia\u0142ek 6 lutego od godz. 15.00.<\/li>\n<\/ol>\n<ol start=\"9\">\n<li>Zapraszamy do naszego \u201eDobrego kina\u201d na projekcj\u0119 filmu pt. \u201eJak B\u00f3g da\u201d do&nbsp;sali \u015bw.&nbsp;Bonawentury. Seanse odb\u0119d\u0105 si\u0119 w sobot\u0119 4 i 11 lutego o godz. 18.00 i w niedziel\u0119 5 i 12 lutego o godz. 15.30. Wst\u0119p wolny.<\/li>\n<\/ol>\n<ol start=\"10\">\n<li>Z naszym Franciszka\u0144skim Biurem Podr\u00f3\u017cy \u201ePatron Travel\u201d organizujemy pielgrzymk\u0119 autokarow\u0105 do Litwy, \u0141otwy i Estonii w dniach 17-23.07.2017 roku. Koszt 1850 z\u0142. Zapisy przyjmujemy do ko\u0144ca lutego w kancelarii parafialnej.<\/li>\n<\/ol>\n<ol start=\"11\">\n<li>W tym tygodniu z naszej wsp\u00f3lnoty parafialnej odszed\u0142 do wieczno\u015bci: \u015bp. J\u00f3zef Wi\u015bniewski l.&nbsp;87 z Paprotni. <em>Wieczny odpoczynek racz mu da\u0107 Panie\u2026<\/em><\/li>\n<\/ol>\n","protected":false},"excerpt":{"rendered":"<p>W tym tygodniu w liturgii Ko\u015bcio\u0142a b\u0119dziemy obchodzi\u0107: 30 stycznia w poniedzia\u0142ek: Wspomnienie \u015bw. Hiacynty Mariscotti, dziewicy; 31 stycznia we wtorek: Wspomnienie: \u015bw. Jana Bosko, prezbitera; 2 lutego w czwartek: [&hellip;]<\/p>\n","protected":false},"author":1,"featured_media":7373,"comment_status":"closed","ping_status":"open","sticky":false,"template":"","format":"standard","meta":{"footnotes":""},"categories":[1],"tags":[],"class_list":["post-7372","post","type-post","status-publish","format-standard","has-post-thumbnail","hentry","category-bez-kategorii"],"_links":{"self":[{"href":"https:\/\/parafia.niepokalanow.pl\/index.php?rest_route=\/wp\/v2\/posts\/7372","targetHints":{"allow":["GET"]}}],"collection":[{"href":"https:\/\/parafia.niepokalanow.pl\/index.php?rest_route=\/wp\/v2\/posts"}],"about":[{"href":"https:\/\/parafia.niepokalanow.pl\/index.php?rest_route=\/wp\/v2\/types\/post"}],"author":[{"embeddable":true,"href":"https:\/\/parafia.niepokalanow.pl\/index.php?rest_route=\/wp\/v2\/users\/1"}],"replies":[{"embeddable":true,"href":"https:\/\/parafia.niepokalanow.pl\/index.php?rest_route=%2Fwp%2Fv2%2Fcomments&post=7372"}],"version-history":[{"count":0,"href":"https:\/\/parafia.niepokalanow.pl\/index.php?rest_route=\/wp\/v2\/posts\/7372\/revisions"}],"wp:featuredmedia":[{"embeddable":true,"href":"https:\/\/parafia.niepokalanow.pl\/index.php?rest_route=\/wp\/v2\/media\/7373"}],"wp:attachment":[{"href":"https:\/\/parafia.niepokalanow.pl\/index.php?rest_route=%2Fwp%2Fv2%2Fmedia&parent=7372"}],"wp:term":[{"taxonomy":"category","embeddable":true,"href":"https:\/\/parafia.niepokalanow.pl\/index.php?rest_route=%2Fwp%2Fv2%2Fcategories&post=7372"},{"taxonomy":"post_tag","embeddable":true,"href":"https:\/\/parafia.niepokalanow.pl\/index.php?rest_route=%2Fwp%2Fv2%2Ftags&post=7372"}],"curies":[{"name":"wp","href":"https:\/\/api.w.org\/{rel}","templated":true}]}}