{"id":7349,"date":"2017-01-21T17:38:57","date_gmt":"2017-01-21T16:38:57","guid":{"rendered":"http:\/\/parafia.niepokalanow.pl\/?p=7349"},"modified":"2017-01-21T17:38:57","modified_gmt":"2017-01-21T16:38:57","slug":"iii-niedziela-w-ciagu-roku-22-01-2017","status":"publish","type":"post","link":"https:\/\/parafia.niepokalanow.pl\/?p=7349","title":{"rendered":"III Niedziela w ci\u0105gu roku &#8211; 22.01.2017"},"content":{"rendered":"<ol>\n<li>W tym tygodniu w liturgii Ko\u015bcio\u0142a b\u0119dziemy obchodzi\u0107:<\/li>\n<\/ol>\n<ul>\n<li>24 stycznia we wtorek: Wspomnienie \u015bw. Franciszka Salezego, biskupa i doktora Ko\u015bcio\u0142a;<\/li>\n<li>25 stycznia w \u015brod\u0119: \u015awi\u0119to Nawr\u00f3cenia \u015bw. Paw\u0142a, Aposto\u0142a;<\/li>\n<li>26 stycznia w czwartek: Wspomnienie \u015bwi\u0119tych biskup\u00f3w Tymoteusza i Tytusa;<\/li>\n<li>27 stycznia w pi\u0105tek: Wspomnienie b\u0142. Jerzego Matulewicza, biskupa ;<\/li>\n<li>28 stycznia w sobot\u0119: Wspomnienie \u015bw. Tomasza z Akwinu, prezbitera i doktora Ko\u015bcio\u0142a;<\/li>\n<\/ul>\n<ol start=\"2\">\n<li>28&nbsp;stycznia w sobot\u0119 o 9.00<strong>, <\/strong>w kaplicy \u015bw. Maksymiliana na Mszy \u015bwi\u0119tej gromadzi si\u0119 Ko\u0142o Radia Maryja. Tak\u017ce w tym dniu o godz. 18.00 zapraszamy ponownie do kaplicy \u015bw. Maksymiliana na Msz\u0119 \u015bwi\u0119t\u0105 o beatyfikacj\u0119 S\u0142ugi Bo\u017cego Stefana Kardyna\u0142a Wyszy\u0144skiego.<\/li>\n<\/ol>\n<p><!--more--><\/p>\n<ol start=\"3\">\n<li>W dniach 28 i 29 stycznia t.j. w sobot\u0119 i niedziel\u0119, w Sali \u015bw. Bonawentury odbywa\u0107 si\u0119 b\u0119dzie XVII Og\u00f3lnopolski Festiwal Kol\u0119d i&nbsp;Pastora\u0142ek \u201eNasze Wieczne Kol\u0119dowanie\u201d organizowany przez Teresi\u0144ski O\u015brodek Kultury. W sobot\u0119 od godz. 11.00 do 18.00, zaplanowane s\u0105 przes\u0142uchania konkursowe solist\u00f3w, zespo\u0142\u00f3w i kapel ludowych z ca\u0142ej Polski. W niedziel\u0119 od godz. 7.00 do 13.00 w bazylice w czasie Mszy \u015bwi\u0119tych b\u0119d\u0105 \u015bpiewa\u0107 uczestnicy Festiwalu. O godz. 14.30 Wielki Fina\u0142: werdykt jury, wr\u0119czenie nagr\u00f3d i&nbsp;koncert laureat\u00f3w. Serdecznie zapraszamy w imieniu Organizator\u00f3w. Wst\u0119p wolny<\/li>\n<\/ol>\n<ol start=\"4\">\n<li>W przysz\u0142\u0105 niedziel\u0119 podczas Mszy \u015bw. o godz. 18.00 i na nabo\u017ce\u0144stwie po&nbsp;Mszy \u015bwi\u0119tej modli\u0107 si\u0119 b\u0119dziemy o \u0142ask\u0119 uzdro\u00adwienia duszy i cia\u0142a. Zapraszamy na&nbsp;wsp\u00f3ln\u0105 modlitw\u0119.<\/li>\n<\/ol>\n<ol start=\"5\">\n<li>Z naszym Franciszka\u0144skim Biurem Podr\u00f3\u017cy \u201ePatron Travel\u201d organizujemy pielgrzymk\u0119 autokarow\u0105 do Litwy, \u0141otwy i Estonii w dniach 17-23.07.2017 roku. Koszt 1850 z\u0142. Zapisy przyjmujemy do ko\u0144ca lutego w kancelarii parafialnej.<\/li>\n<\/ol>\n<ol start=\"6\">\n<li>W tym tygodniu z naszej wsp\u00f3lnoty klasztornej odszed\u0142 do wieczno\u015bci: \u015bp. br. J\u00f3zef Maria Twardowski, l. 95. <em>Wieczny odpoczynek racz mu da\u0107 Panie\u2026<\/em><\/li>\n<\/ol>\n<p><em>&nbsp;<\/em><\/p>\n","protected":false},"excerpt":{"rendered":"<p>W tym tygodniu w liturgii Ko\u015bcio\u0142a b\u0119dziemy obchodzi\u0107: 24 stycznia we wtorek: Wspomnienie \u015bw. Franciszka Salezego, biskupa i doktora Ko\u015bcio\u0142a; 25 stycznia w \u015brod\u0119: \u015awi\u0119to Nawr\u00f3cenia \u015bw. Paw\u0142a, Aposto\u0142a; 26 [&hellip;]<\/p>\n","protected":false},"author":1,"featured_media":7350,"comment_status":"closed","ping_status":"open","sticky":false,"template":"","format":"standard","meta":{"footnotes":""},"categories":[1],"tags":[],"class_list":["post-7349","post","type-post","status-publish","format-standard","has-post-thumbnail","hentry","category-bez-kategorii"],"_links":{"self":[{"href":"https:\/\/parafia.niepokalanow.pl\/index.php?rest_route=\/wp\/v2\/posts\/7349","targetHints":{"allow":["GET"]}}],"collection":[{"href":"https:\/\/parafia.niepokalanow.pl\/index.php?rest_route=\/wp\/v2\/posts"}],"about":[{"href":"https:\/\/parafia.niepokalanow.pl\/index.php?rest_route=\/wp\/v2\/types\/post"}],"author":[{"embeddable":true,"href":"https:\/\/parafia.niepokalanow.pl\/index.php?rest_route=\/wp\/v2\/users\/1"}],"replies":[{"embeddable":true,"href":"https:\/\/parafia.niepokalanow.pl\/index.php?rest_route=%2Fwp%2Fv2%2Fcomments&post=7349"}],"version-history":[{"count":0,"href":"https:\/\/parafia.niepokalanow.pl\/index.php?rest_route=\/wp\/v2\/posts\/7349\/revisions"}],"wp:featuredmedia":[{"embeddable":true,"href":"https:\/\/parafia.niepokalanow.pl\/index.php?rest_route=\/wp\/v2\/media\/7350"}],"wp:attachment":[{"href":"https:\/\/parafia.niepokalanow.pl\/index.php?rest_route=%2Fwp%2Fv2%2Fmedia&parent=7349"}],"wp:term":[{"taxonomy":"category","embeddable":true,"href":"https:\/\/parafia.niepokalanow.pl\/index.php?rest_route=%2Fwp%2Fv2%2Fcategories&post=7349"},{"taxonomy":"post_tag","embeddable":true,"href":"https:\/\/parafia.niepokalanow.pl\/index.php?rest_route=%2Fwp%2Fv2%2Ftags&post=7349"}],"curies":[{"name":"wp","href":"https:\/\/api.w.org\/{rel}","templated":true}]}}