{"id":7339,"date":"2017-01-14T09:28:44","date_gmt":"2017-01-14T08:28:44","guid":{"rendered":"http:\/\/parafia.niepokalanow.pl\/?p=7339"},"modified":"2017-01-14T09:28:44","modified_gmt":"2017-01-14T08:28:44","slug":"ii-niedziela-w-ciagu-roku-15-01-2017","status":"publish","type":"post","link":"https:\/\/parafia.niepokalanow.pl\/?p=7339","title":{"rendered":"II Niedziela w ci\u0105gu roku &#8211; 15.01.2017"},"content":{"rendered":"<ol>\n<li>W tym tygodniu w liturgii Ko\u015bcio\u0142a b\u0119dziemy obchodzi\u0107:<\/li>\n<\/ol>\n<ul>\n<li>16 stycznia w poniedzia\u0142ek: Wspomnienie \u015bw. Bernarda i Towarzyszy, pierwszych m\u0119czennik\u00f3w franciszka\u0144skich;<\/li>\n<li>17 stycznia we wtorek: Wspomnienie \u015bw. Antoniego, opata;<\/li>\n<li>19 stycznia we czwartek: Wspomnienie \u015bw. J\u00f3zefa Sebastiana Pelczara, biskupa;<\/li>\n<li>21 stycznia w sobot\u0119: Wspomnienie \u015bw. Agnieszki, dziewicy i m\u0119czennicy.<\/li>\n<\/ul>\n<ol start=\"2\">\n<li>Dzi\u015b po wszystkich Mszach \u015bw. bracia stra\u017cacy rozprowadzaj\u0105 za dobrowoln\u0105 ofiar\u0119 kalendarze na 2017 r.<\/li>\n<\/ol>\n<p><!--more--><\/p>\n<ol start=\"3\">\n<li>W \u015brod\u0119 rozpoczyna si\u0119 trwaj\u0105cy do 25 stycznia <a href=\"http:\/\/brewiarz.pl\/czytelnia\/ekumenizm.php3\">Tydzie\u0144 Modlitw o Jedno\u015b\u0107 Chrze\u015bcijan pod has\u0142em: Pojednanie \u2013 mi\u0142o\u015b\u0107 Chrystusa przynagla nas<\/a><\/li>\n<\/ol>\n<ol start=\"4\">\n<li>W poniedzia\u0142ek 16 stycznia o godzinie 17.00 w bazylice, modlitw\u0105 r\u00f3\u017ca\u0144cow\u0105 rozpocznie si\u0119 nocne czuwanie w intencji nawr\u00f3cenia nieprzyjaci\u00f3\u0142 Ko\u015bcio\u0142a. Zapraszamy do ca\u0142onocnej adoracji z 16 na 17 stycznia od. g. 20.00 do kaplicy \u015bw. Maksymiliana, wej\u015bcie od ulicy. Szczeg\u00f3\u0142y na plakacie przed bazylik\u0105 i na folderach.<\/li>\n<\/ol>\n<ol start=\"5\">\n<li>W przysz\u0142\u0105 niedziel\u0119 podczas Mszy \u015bw. o godz. 13.00 b\u0119dzie \u015bpiewa\u0142 ch\u00f3r z par. Matki Bo\u017cej Zwyci\u0119skiej w Rembertowie, a po Mszy odb\u0119dzie si\u0119 koncert.<\/li>\n<\/ol>\n<ol start=\"6\">\n<li>W tym tygodniu z naszej wsp\u00f3lnoty parafialnej odesz\u0142a do wieczno\u015bci: \u015bp. Hanna Baczy\u0144ska l. 67 z Paprotni i \u015bp. Jadwiga Magierska \u2013 Sado\u015b l. 82 z Granic.<em> Wieczny odpoczynek racz im da\u0107 Panie\u2026<\/em><\/li>\n<\/ol>\n","protected":false},"excerpt":{"rendered":"<p>W tym tygodniu w liturgii Ko\u015bcio\u0142a b\u0119dziemy obchodzi\u0107: 16 stycznia w poniedzia\u0142ek: Wspomnienie \u015bw. Bernarda i Towarzyszy, pierwszych m\u0119czennik\u00f3w franciszka\u0144skich; 17 stycznia we wtorek: Wspomnienie \u015bw. Antoniego, opata; 19 stycznia [&hellip;]<\/p>\n","protected":false},"author":1,"featured_media":7340,"comment_status":"closed","ping_status":"open","sticky":false,"template":"","format":"standard","meta":{"footnotes":""},"categories":[1],"tags":[],"class_list":["post-7339","post","type-post","status-publish","format-standard","has-post-thumbnail","hentry","category-bez-kategorii"],"_links":{"self":[{"href":"https:\/\/parafia.niepokalanow.pl\/index.php?rest_route=\/wp\/v2\/posts\/7339","targetHints":{"allow":["GET"]}}],"collection":[{"href":"https:\/\/parafia.niepokalanow.pl\/index.php?rest_route=\/wp\/v2\/posts"}],"about":[{"href":"https:\/\/parafia.niepokalanow.pl\/index.php?rest_route=\/wp\/v2\/types\/post"}],"author":[{"embeddable":true,"href":"https:\/\/parafia.niepokalanow.pl\/index.php?rest_route=\/wp\/v2\/users\/1"}],"replies":[{"embeddable":true,"href":"https:\/\/parafia.niepokalanow.pl\/index.php?rest_route=%2Fwp%2Fv2%2Fcomments&post=7339"}],"version-history":[{"count":0,"href":"https:\/\/parafia.niepokalanow.pl\/index.php?rest_route=\/wp\/v2\/posts\/7339\/revisions"}],"wp:featuredmedia":[{"embeddable":true,"href":"https:\/\/parafia.niepokalanow.pl\/index.php?rest_route=\/wp\/v2\/media\/7340"}],"wp:attachment":[{"href":"https:\/\/parafia.niepokalanow.pl\/index.php?rest_route=%2Fwp%2Fv2%2Fmedia&parent=7339"}],"wp:term":[{"taxonomy":"category","embeddable":true,"href":"https:\/\/parafia.niepokalanow.pl\/index.php?rest_route=%2Fwp%2Fv2%2Fcategories&post=7339"},{"taxonomy":"post_tag","embeddable":true,"href":"https:\/\/parafia.niepokalanow.pl\/index.php?rest_route=%2Fwp%2Fv2%2Ftags&post=7339"}],"curies":[{"name":"wp","href":"https:\/\/api.w.org\/{rel}","templated":true}]}}