{"id":7323,"date":"2017-01-07T21:11:31","date_gmt":"2017-01-07T20:11:31","guid":{"rendered":"http:\/\/parafia.niepokalanow.pl\/?p=7323"},"modified":"2017-01-07T21:11:31","modified_gmt":"2017-01-07T20:11:31","slug":"niedziela-chrztu-panskiego-8-01-2017","status":"publish","type":"post","link":"https:\/\/parafia.niepokalanow.pl\/?p=7323","title":{"rendered":"Niedziela Chrztu Pa\u0144skiego &#8211; 8.01.2017"},"content":{"rendered":"<ol>\n<li>Dzisiaj, 8 stycznia, wspominamy 123. rocznic\u0119 urodzin i chrztu \u015bwi\u0119tego, za\u0142o\u017cyciela Niepokalanowa, Rycerstwa Niepokalanej, misjonarza Japonii i wielkiego czciciela Matki Bo\u017cej Niepokalanej, \u015bw. o. Maksymiliana Marii Kolbego<\/li>\n<\/ol>\n<ol start=\"2\">\n<li style=\"text-align: left;\">Dzisiejsz\u0105 niedziel\u0105 Chrztu Pa\u0144skiego ko\u0144czymy liturgiczny okres Narodzenia Pa\u0144skiego. Wed\u0142ug zwyczaju w Polsce, kol\u0119dy \u015bpiewamy do \u015awi\u0119ta Ofiarowania Pa\u0144skiego czyli Matki Bo\u017cej Gromnicznej obchodzonego 2 lutego .<\/li>\n<\/ol>\n<p><!--more--><\/p>\n<ol start=\"3\">\n<li>Dzi\u0119kujemy o. Piotrowi Socha za wyg\u0142oszone S\u0142owo Bo\u017ce. Nowy numer \u201eRycerza Niepokalanej\u201d mo\u017cna otrzyma\u0107 po wszystkich Mszach \u015bw. przed bazylik\u0105.<\/li>\n<\/ol>\n<ol start=\"4\">\n<li>14 stycznia w sobot\u0119 w czasie wieczornej Mszy \u015bwi\u0119tej za przyczyn\u0105 \u015bw.&nbsp;Maksymiliana modli\u0107 si\u0119 b\u0119dziemy w intencji rodzic\u00f3w i ma\u0142\u017conk\u00f3w naszej parafii oraz pielgrzymuj\u0105cych do naszego Sanktuarium, zw\u0142aszcza tych, kt\u00f3rzy zawarli sakrament ma\u0142\u017ce\u0144stwa w miesi\u0105cu styczniu.<\/li>\n<\/ol>\n<ol start=\"5\">\n<li>Zapraszamy na spotkanie doros\u0142ych rycerzy Niepokalanej, kt\u00f3re odb\u0119dzie si\u0119 w sobot\u0119, 14 stycznia w Domu Parafialnym o g. 19.00.<\/li>\n<\/ol>\n<ol start=\"6\">\n<li>W sobot\u0119 odb\u0119dzie si\u0119 Nocna pielgrzymka z Miedniewic do Niepokalanowa oraz nocne czuwanie w kaplicy \u015bw. Maksymiliana. Msza \u015bwi\u0119ta poranna w niedziel\u0119 b\u0119dzie sprawowana w bazylice o godz. 5.45.<\/li>\n<\/ol>\n<ol start=\"7\">\n<li>W przysz\u0142\u0105 niedziel\u0119 15 stycznia po Mszach \u015bwi\u0119tych, bracia stra\u017cacy b\u0119d\u0105 rozprowadza\u0107 za dobrowoln\u0105 ofiar\u0119 kalendarze na 2017 r.<\/li>\n<\/ol>\n<ol start=\"8\">\n<li>W tym tygodniu z naszej wsp\u00f3lnoty parafialnej odeszli do wieczno\u015bci: \u015bp. Maria Rowicka,<br \/>\n69 z Nowej Piasecznicy, \u015bp. Stanis\u0142aw Janaszek, l. 81 z Teresina, \u015bp. br. Apolinary Tomasz Morka, l. 90 z naszego klasztoru i \u015bp. Tadeusz Bartosik, l. 97 z Teresina. <em>Wieczny odpoczynek racz im da\u0107 Panie\u2026<\/em><\/li>\n<\/ol>\n","protected":false},"excerpt":{"rendered":"<p>Dzisiaj, 8 stycznia, wspominamy 123. rocznic\u0119 urodzin i chrztu \u015bwi\u0119tego, za\u0142o\u017cyciela Niepokalanowa, Rycerstwa Niepokalanej, misjonarza Japonii i wielkiego czciciela Matki Bo\u017cej Niepokalanej, \u015bw. o. Maksymiliana Marii Kolbego Dzisiejsz\u0105 niedziel\u0105 Chrztu [&hellip;]<\/p>\n","protected":false},"author":1,"featured_media":5286,"comment_status":"closed","ping_status":"open","sticky":false,"template":"","format":"standard","meta":{"footnotes":""},"categories":[1],"tags":[],"class_list":["post-7323","post","type-post","status-publish","format-standard","has-post-thumbnail","hentry","category-bez-kategorii"],"_links":{"self":[{"href":"https:\/\/parafia.niepokalanow.pl\/index.php?rest_route=\/wp\/v2\/posts\/7323","targetHints":{"allow":["GET"]}}],"collection":[{"href":"https:\/\/parafia.niepokalanow.pl\/index.php?rest_route=\/wp\/v2\/posts"}],"about":[{"href":"https:\/\/parafia.niepokalanow.pl\/index.php?rest_route=\/wp\/v2\/types\/post"}],"author":[{"embeddable":true,"href":"https:\/\/parafia.niepokalanow.pl\/index.php?rest_route=\/wp\/v2\/users\/1"}],"replies":[{"embeddable":true,"href":"https:\/\/parafia.niepokalanow.pl\/index.php?rest_route=%2Fwp%2Fv2%2Fcomments&post=7323"}],"version-history":[{"count":0,"href":"https:\/\/parafia.niepokalanow.pl\/index.php?rest_route=\/wp\/v2\/posts\/7323\/revisions"}],"wp:featuredmedia":[{"embeddable":true,"href":"https:\/\/parafia.niepokalanow.pl\/index.php?rest_route=\/wp\/v2\/media\/5286"}],"wp:attachment":[{"href":"https:\/\/parafia.niepokalanow.pl\/index.php?rest_route=%2Fwp%2Fv2%2Fmedia&parent=7323"}],"wp:term":[{"taxonomy":"category","embeddable":true,"href":"https:\/\/parafia.niepokalanow.pl\/index.php?rest_route=%2Fwp%2Fv2%2Fcategories&post=7323"},{"taxonomy":"post_tag","embeddable":true,"href":"https:\/\/parafia.niepokalanow.pl\/index.php?rest_route=%2Fwp%2Fv2%2Ftags&post=7323"}],"curies":[{"name":"wp","href":"https:\/\/api.w.org\/{rel}","templated":true}]}}