{"id":7311,"date":"2016-12-31T19:13:12","date_gmt":"2016-12-31T18:13:12","guid":{"rendered":"http:\/\/parafia.niepokalanow.pl\/?p=7311"},"modified":"2016-12-31T19:13:12","modified_gmt":"2016-12-31T18:13:12","slug":"ur-bozej-rodzicielki-maryi-nowy-rok","status":"publish","type":"post","link":"https:\/\/parafia.niepokalanow.pl\/?p=7311","title":{"rendered":"Ur. Bo\u017cej Rodzicielki Maryi &#8211; Nowy Rok"},"content":{"rendered":"<p>1. W tym tygodniu w liturgii Ko\u015bcio\u0142a b\u0119dziemy obchodzi\u0107:<br \/>\n\u2022 2 stycznia w poniedzia\u0142ek: \u015awi\u0119tych Bazylego i Grzegorza z Nazjanzu, biskup\u00f3w i doktor\u00f3w Ko\u015bcio\u0142a;<br \/>\n\u2022 3 stycznia we wtorek: wspomnienie Naj\u015bwi\u0119tszego Imienia Jezus;<br \/>\n\u2022 6 stycznia w pi\u0105tek: Uroczysto\u015b\u0107 Objawienia Pa\u0144skiego;<br \/>\n\u2022 8 stycznia w przysz\u0142\u0105 niedziel\u0119: \u015awi\u0119to Chrztu Pa\u0144skiego.<\/p>\n<p>2. Dzi\u015b obchodzimy 50. \u015awiatowy Dzie\u0144 Pokoju pod has\u0142em: \u201eWyrzeczenie si\u0119 przemocy: styl polityki na rzecz pokoju\u201d. Wypraszajmy u Boga za po\u015brednictwem Kr\u00f3lowej Pokoju pok\u00f3j dla ludzkich serc, rodzin i ca\u0142ego \u015bwiata.<\/p>\n<p><!--more-->3. W pi\u0105tek 6 stycznia Uroczysto\u015b\u0107 Objawienia Pa\u0144skiego, tradycyjnie zwana Uroczysto\u015bci\u0105 Trzech Kr\u00f3li. Msze \u015bwi\u0119te odprawimy w porz\u0105dku niedzielnym. Przypominamy wszystkim wiernym, \u017ce tym dniu mamy obowi\u0105zek uczestnictwa w Eucharystii. Po ka\u017cdej Mszy \u015bwi\u0119tej po\u015bwi\u0119cenie kredy i kadzid\u0142a. Tego dnia w parafii Szyman\u00f3w odb\u0119dzie si\u0119 V Orszak Trzech Kr\u00f3li, kt\u00f3ry rozpocznie si\u0119 Msz\u0105 \u015bwi\u0119t\u0105 w ko\u015bciele w Szymanowie o godz. 11.30.<\/p>\n<p>4. W tym tygodniu przypadaj\u0105 dni odnowy wewn\u0119trznej. W I czwartek po Mszy wieczornej zapraszamy na nabo\u017ce\u0144stwo Godziny \u015awi\u0119tej. Z racji Uroczysto\u015bci Objawienia Pa\u0144skiego, kt\u00f3ra przypada w I pi\u0105tek, z pos\u0142ug\u0105 sakramentaln\u0105 do wszystkich chorych naszej parafii udamy si\u0119 w czwartek 5 stycznia.<\/p>\n<p>5. W I sobot\u0119 w kaplicy \u015bw. Maksymiliana o godz. 9.00 b\u0119dzie sprawowana Msza \u015bw. o Niepokalanym Sercu NMP i R\u00f3\u017caniec. Zapraszamy wszystkich rycerzy Niepokalanej. W tym dniu r\u00f3wnie\u017c odb\u0119dzie si\u0119 kolejne spotkanie \u201eOddaj si\u0119 Maryi\u201d, o 10.00 \u2013 konferencja i \u015bwiadectwa w Sali \u015bw. Bonawentury, o 11.00 \u2013 w Bazylice Eucharystia z oddaniem siebie i wszystkich spraw Niepokalanej i nabo\u017ce\u0144stwo wynagradzaj\u0105ce Niepokalanemu Sercu Maryi.<\/p>\n<p>6. W najbli\u017csz\u0105 sobot\u0119 7 stycznia zapraszamy na koncert kol\u0119d w wykonaniu zespo\u0142u \u201eMiriam\u201d i zaprzyja\u017anionych muzyk\u00f3w. Koncert odb\u0119dzie si\u0119 w bazylice o godz. 19.00. Zapraszamy serdecznie do wsp\u00f3lnego kol\u0119dowania.<\/p>\n<p>7. W niedziel\u0119 8 stycznia odb\u0119dzie si\u0119 promocja \u201eRycerza Niepokalanej\u201d. W tym dniu S\u0142owo Bo\u017ce na wszystkich Mszach \u015bw. b\u0119dzie g\u0142osi\u0142 o. Piotr Socha \u2013 redaktor naczelny \u201eRycerza Niepokalanej\u201d.<\/p>\n<p>8. W przysz\u0142\u0105 niedziel\u0119 po Mszy \u015bw. o godz. 10.00 zapraszamy wszystkie wsp\u00f3lnoty \u017bywego R\u00f3\u017ca\u0144ca na spotkanie op\u0142atkowe w domu rekolekcyjnym, za\u015b spotkanie op\u0142atkowe dla ma\u0142ych rycerzy Niepokalanej i rycerzy doros\u0142y odb\u0119dzie si\u0119 po Mszy \u015bwi\u0119tej dla dzieci ok. godziny 12.40 w kawiarence \u201eZau\u0142ek Anio\u0142\u00f3w\u201d.<\/p>\n<p>9. W tym tygodniu z naszej wsp\u00f3lnoty parafialnej odeszli do wieczno\u015bci: \u015bp. Regina Polak l. 90 z Paprotni, \u015bp. Cecylia \u015awiat, l. 74 z Serok Parceli, \u015bp. Stanis\u0142aw W\u00f3jcik l. 74 z Paprotni oraz Wies\u0142aw Wi\u0119ckowski l. 79 z Paprotni. Wieczny odpoczynek racz im da\u0107 Panie\u2026<\/p>\n<p>10. W atmosferze \u015awi\u0105t Bo\u017cego Narodzenia, w pierwszym dniu Nowego Roku, kierujemy do wszystkich naszych parafian i go\u015bci najserdeczniejsze \u017cyczenia:<\/p>\n<p>Niech ten Nowy Rok 2017, b\u0119dzie przepe\u0142niony Bo\u017cym b\u0142ogos\u0142awie\u0144stwem, \u017cyw\u0105 wiar\u0105 w Syna Bo\u017cego, nadziej\u0105, \u017ce B\u00f3g jest z nami, mi\u0142o\u015bci\u0105 do Boga i bli\u017aniego oraz szcz\u0119\u015bciem z realizowania swego powo\u0142ania.<br \/>\nNiepokalana nasza Matka niech otacza ka\u017cd\u0105 rodzin\u0119 i ka\u017cdego swoim macierzy\u0144skim p\u0142aszczem mi\u0142o\u015bci.<\/p>\n","protected":false},"excerpt":{"rendered":"<p>1. W tym tygodniu w liturgii Ko\u015bcio\u0142a b\u0119dziemy obchodzi\u0107: \u2022 2 stycznia w poniedzia\u0142ek: \u015awi\u0119tych Bazylego i Grzegorza z Nazjanzu, biskup\u00f3w i doktor\u00f3w Ko\u015bcio\u0142a; \u2022 3 stycznia we wtorek: wspomnienie [&hellip;]<\/p>\n","protected":false},"author":1,"featured_media":4997,"comment_status":"closed","ping_status":"open","sticky":false,"template":"","format":"standard","meta":{"footnotes":""},"categories":[1],"tags":[],"class_list":["post-7311","post","type-post","status-publish","format-standard","has-post-thumbnail","hentry","category-bez-kategorii"],"_links":{"self":[{"href":"https:\/\/parafia.niepokalanow.pl\/index.php?rest_route=\/wp\/v2\/posts\/7311","targetHints":{"allow":["GET"]}}],"collection":[{"href":"https:\/\/parafia.niepokalanow.pl\/index.php?rest_route=\/wp\/v2\/posts"}],"about":[{"href":"https:\/\/parafia.niepokalanow.pl\/index.php?rest_route=\/wp\/v2\/types\/post"}],"author":[{"embeddable":true,"href":"https:\/\/parafia.niepokalanow.pl\/index.php?rest_route=\/wp\/v2\/users\/1"}],"replies":[{"embeddable":true,"href":"https:\/\/parafia.niepokalanow.pl\/index.php?rest_route=%2Fwp%2Fv2%2Fcomments&post=7311"}],"version-history":[{"count":0,"href":"https:\/\/parafia.niepokalanow.pl\/index.php?rest_route=\/wp\/v2\/posts\/7311\/revisions"}],"wp:featuredmedia":[{"embeddable":true,"href":"https:\/\/parafia.niepokalanow.pl\/index.php?rest_route=\/wp\/v2\/media\/4997"}],"wp:attachment":[{"href":"https:\/\/parafia.niepokalanow.pl\/index.php?rest_route=%2Fwp%2Fv2%2Fmedia&parent=7311"}],"wp:term":[{"taxonomy":"category","embeddable":true,"href":"https:\/\/parafia.niepokalanow.pl\/index.php?rest_route=%2Fwp%2Fv2%2Fcategories&post=7311"},{"taxonomy":"post_tag","embeddable":true,"href":"https:\/\/parafia.niepokalanow.pl\/index.php?rest_route=%2Fwp%2Fv2%2Ftags&post=7311"}],"curies":[{"name":"wp","href":"https:\/\/api.w.org\/{rel}","templated":true}]}}