{"id":7308,"date":"2016-12-23T22:56:46","date_gmt":"2016-12-23T21:56:46","guid":{"rendered":"http:\/\/parafia.niepokalanow.pl\/?p=7308"},"modified":"2016-12-23T22:59:57","modified_gmt":"2016-12-23T21:59:57","slug":"narodzenie-panskie-25-12-2016","status":"publish","type":"post","link":"https:\/\/parafia.niepokalanow.pl\/?p=7308","title":{"rendered":"Narodzenie Pa\u0144skie &#8211; 25.12.2016"},"content":{"rendered":"<ol>\n<li>W tym tygodniu w liturgii Ko\u015bcio\u0142a b\u0119dziemy obchodzi\u0107:<\/li>\n<\/ol>\n<ul>\n<li>26 grudnia w poniedzia\u0142ek: \u015awi\u0119to \u015bw. Szczepana, pierwszego m\u0119czennika;<\/li>\n<li>27 grudnia we wtorek: \u015awi\u0119to \u015bw. Jana Aposto\u0142a i Ewangelisty;<\/li>\n<li>28 grudnia w \u015brod\u0119: \u015awi\u0119to \u015awi\u0119tych M\u0142odziank\u00f3w, m\u0119czennik\u00f3w;<\/li>\n<li>30 grudnia w pi\u0105tek: \u015awi\u0119to \u015awi\u0119tej Rodziny: Jezusa, Maryi i J\u00f3zefa;<\/li>\n<\/ul>\n<ol start=\"2\">\n<li>Jutro Msze \u015bwi\u0119te b\u0119d\u0105 odprawiane w porz\u0105dku niedzielnym. Tradycj\u0105 lat ubieg\u0142ych w tym dniu wspomagamy modlitw\u0105 i ofiarami z\u0142o\u017conymi na tac\u0119 katolickie uczelnie w&nbsp;naszej Ojczy\u017anie.<\/li>\n<\/ol>\n<ol start=\"3\">\n<li>W tym radosnym dniu jeszcze raz wyra\u017camy nasz\u0105 wdzi\u0119czno\u015b\u0107 wszyst\u00adkim, kt\u00f3rzy pomogli w przygotowaniu \u017cywej szopki oraz wspomogli dzie\u0142a charytatywne prowadzone przez nasz\u0105 parafi\u0119. Dzi\u0119kujemy bardzo r\u00f3wnie\u017c naszym braciom zakrystianom za przygotowanie szopki i wystroju Bazyliki.<\/li>\n<\/ol>\n<p><!--more--><\/p>\n<ol start=\"4\">\n<li>\u201e\u017byw\u0105 szopk\u0119\u201d ze zwierz\u0119tami b\u0119dzie mo\u017cna ogl\u0105da\u0107 do 30 grudnia do pi\u0105tku, za\u015b szopka tradycyjnie b\u0119dzie dost\u0119pna do 2 lutego. Serdecznie zapraszamy.<\/li>\n<\/ol>\n<ol start=\"5\">\n<li>Informujemy parafian, \u017ce kol\u0119d\u0119 \u2013 wizyt\u0119 duszpastersk\u0105 rodzin naszej parafii rozpoczniemy 28 grudnia w \u015brod\u0119. Plan kol\u0119dy jest umieszczony na stronie internetowej naszej parafii, wy\u0142o\u017cony na stoiku pod ch\u00f3rem i wywieszony w gablocie. Zwracamy si\u0119 z pro\u015bb\u0105 do parafian o pomoc w&nbsp;przeprowadzeniu kol\u0119dy, jak to by\u0142o w latach ubieg\u0142ych. Za przyj\u0119cie nas, Waszych duszpasterzy, w swoich rodzinach ju\u017c dzi\u015b sk\u0142adamy serdeczne: B\u00f3g zap\u0142a\u0107!<\/li>\n<\/ol>\n<ol start=\"6\">\n<li>W sobot\u0119 \u2013 31 grudnia Msz\u0105 \u015bwi\u0119t\u0105 w bazylice o godz. 18.00 zako\u0144czymy Rok Pa\u0144ski 2016. Po Mszy \u015bwi\u0119tej zostanie odprawione nabo\u017ce\u0144stwo dzi\u0119kczynno-b\u0142agalne i od\u015bpiewamy \u201eCiebie Boga wys\u0142awiamy\u201d. W&nbsp;godzinach od 22.00 do 24.00 b\u0119dzie wystawienie Naj\u015bwi\u0119tszego Sakramentu i mo\u017cliwo\u015b\u0107 osobistej modlitwy. Zapraszamy na adoracj\u0119 i do udzia\u0142u we wsp\u00f3lnym dzi\u0119kczynieniu za otrzymane \u0142aski w minionym roku. O&nbsp;p\u00f3\u0142nocy \u2013 o&nbsp;godz. 24.00 \u2013 Msz\u0105 \u015bwi\u0119t\u0105 rozpoczniemy Nowy Rok 2017.<\/li>\n<\/ol>\n<ol start=\"7\">\n<li>W tym tygodniu z naszej wsp\u00f3lnoty parafialnej odeszli do wieczno\u015bci: \u015bp. Stanis\u0142aw Bartosiak, l. 75 z Paprotni i \u015bp. Hubert St\u0119pniewski, l. 24 z Teresina. <em>Wieczny odpoczynek racz im da\u0107 Panie\u2026<\/em><\/li>\n<\/ol>\n<ol start=\"8\">\n<li>Wszystkim naszym Parafianom i go\u015bciom Niepokalanowa sk\u0142adamy najlepsze \u017cyczenia:<\/li>\n<\/ol>\n<p><em>Niech \u015awi\u0119ta Narodzenia Pa\u0144skiego b\u0119d\u0105 szczeg\u00f3lnym czasem, w kt\u00f3rym B\u00f3g obdarza Was:<\/em><\/p>\n<p><em>&#8211; <strong>Rado\u015bci\u0105<\/strong> A<strong>nio\u0142\u00f3w<\/strong> zwiastuj\u0105cych narodzenie Zbawiciela,<\/em><\/p>\n<p><em>&#8211; <strong>Zdolno\u015bci\u0105 rozpoznawania znak\u00f3w obecno\u015bci Jezusa<\/strong>, dzi\u0119ki kt\u00f3rym znale\u017ali Go&nbsp;<\/em><em>pasterze,<\/em><\/p>\n<p><em>&#8211; <strong>Wytrwa\u0142o\u015bci\u0105 M\u0119drc\u00f3w<\/strong> podr\u00f3\u017cuj\u0105cych za gwiazd\u0105 do Betlejem,<\/em><\/p>\n<p><em>&#8211; <strong>Sprawiedliwo\u015bci\u0105<\/strong> <strong>J\u00f3zefa<\/strong> pe\u0142ni\u0105cego wol\u0119 Boga,<\/em><\/p>\n<p><em>&#8211; <strong>Otwarto\u015bci\u0105 Maryi<\/strong>, kt\u00f3ra przyjmuje Emmanuela i oddaje Go \u015bwiatu.<\/em><\/p>\n<p><em>Niech Nowy 2017 Rok obfituje w Bo\u017ce b\u0142ogos\u0142awie\u0144stwo i opiek\u0119 Niepokalanej.<\/em><\/p>\n","protected":false},"excerpt":{"rendered":"<p>W tym tygodniu w liturgii Ko\u015bcio\u0142a b\u0119dziemy obchodzi\u0107: 26 grudnia w poniedzia\u0142ek: \u015awi\u0119to \u015bw. Szczepana, pierwszego m\u0119czennika; 27 grudnia we wtorek: \u015awi\u0119to \u015bw. Jana Aposto\u0142a i Ewangelisty; 28 grudnia w [&hellip;]<\/p>\n","protected":false},"author":1,"featured_media":7310,"comment_status":"closed","ping_status":"open","sticky":false,"template":"","format":"standard","meta":{"footnotes":""},"categories":[1],"tags":[],"class_list":["post-7308","post","type-post","status-publish","format-standard","has-post-thumbnail","hentry","category-bez-kategorii"],"_links":{"self":[{"href":"https:\/\/parafia.niepokalanow.pl\/index.php?rest_route=\/wp\/v2\/posts\/7308","targetHints":{"allow":["GET"]}}],"collection":[{"href":"https:\/\/parafia.niepokalanow.pl\/index.php?rest_route=\/wp\/v2\/posts"}],"about":[{"href":"https:\/\/parafia.niepokalanow.pl\/index.php?rest_route=\/wp\/v2\/types\/post"}],"author":[{"embeddable":true,"href":"https:\/\/parafia.niepokalanow.pl\/index.php?rest_route=\/wp\/v2\/users\/1"}],"replies":[{"embeddable":true,"href":"https:\/\/parafia.niepokalanow.pl\/index.php?rest_route=%2Fwp%2Fv2%2Fcomments&post=7308"}],"version-history":[{"count":0,"href":"https:\/\/parafia.niepokalanow.pl\/index.php?rest_route=\/wp\/v2\/posts\/7308\/revisions"}],"wp:featuredmedia":[{"embeddable":true,"href":"https:\/\/parafia.niepokalanow.pl\/index.php?rest_route=\/wp\/v2\/media\/7310"}],"wp:attachment":[{"href":"https:\/\/parafia.niepokalanow.pl\/index.php?rest_route=%2Fwp%2Fv2%2Fmedia&parent=7308"}],"wp:term":[{"taxonomy":"category","embeddable":true,"href":"https:\/\/parafia.niepokalanow.pl\/index.php?rest_route=%2Fwp%2Fv2%2Fcategories&post=7308"},{"taxonomy":"post_tag","embeddable":true,"href":"https:\/\/parafia.niepokalanow.pl\/index.php?rest_route=%2Fwp%2Fv2%2Ftags&post=7308"}],"curies":[{"name":"wp","href":"https:\/\/api.w.org\/{rel}","templated":true}]}}