{"id":7284,"date":"2016-12-18T00:30:29","date_gmt":"2016-12-17T23:30:29","guid":{"rendered":"http:\/\/parafia.niepokalanow.pl\/?p=7284"},"modified":"2016-12-18T00:30:29","modified_gmt":"2016-12-17T23:30:29","slug":"iv-niedziela-adwentu-18-12-2016","status":"publish","type":"post","link":"https:\/\/parafia.niepokalanow.pl\/?p=7284","title":{"rendered":"IV Niedziela Adwentu &#8211; 18.12.2016"},"content":{"rendered":"<ol>\n<li>W przysz\u0142\u0105 niedziel\u0119 w liturgii Ko\u015bcio\u0142a b\u0119dziemy obchodzi\u0107 uroczysto\u015b\u0107 Narodzenia Pa\u0144skiego.<\/li>\n<\/ol>\n<ol start=\"2\">\n<li>Dzi\u015b zapraszamy na koncert z udzia\u0142em Orkiestry Reprezentacyjnej Policji w zwi\u0105zku z prowadzon\u0105 na terenie gminy akcj\u0105 charytatywn\u0105 \u201eNiebieska Gwiazdka\u201d. Koncert odb\u0119dzie si\u0119 po Mszy \u015bw. o godz. 10.00 w Sali \u015bw. Bonawentury, wst\u0119p wolny. Osoby kt\u00f3re chcia\u0142yby przy\u0142\u0105czy\u0107 si\u0119 do akcji mog\u0105 przynie\u015b\u0107 ze sob\u0105 drobne podarunki, np. s\u0142odycze, zabawki, \u017cywno\u015b\u0107 czy artyku\u0142y szkolne.<\/li>\n<\/ol>\n<ol start=\"3\">\n<li>Dzi\u015b na Mszy \u015bw. o godz. 11.30 dzieci, kt\u00f3re przygotowuj\u0105 si\u0119 do I spowiedzi i Komunii \u015bwi\u0119tej otrzymaj\u0105 medaliki Matki Bo\u017cej, a po Mszy \u015bw. w sali domu parafialnego, odb\u0119dzie si\u0119 spotkanie z\u00a0ich rodzicami. Natomiast po ka\u017cdej Mszy \u015bw. dzieci ze \u015bwietlicy parafialnej wraz z opiekunem rozprowadzaj\u0105 w\u0142asnor\u0119cznie wykonane ozdoby Bo\u017conarodzeniowe. Z\u0142o\u017cone na ten cel ofiary b\u0119d\u0105 przeznaczone na dalsze funkcjonowanie \u015bwietlicy.<\/li>\n<\/ol>\n<p><!--more--><\/p>\n<ol start=\"4\">\n<li>Msze \u015bwi\u0119te o Matce Bo\u017cej, zwane roratami, b\u0119d\u0105 jeszcze przez 6 dni do Wigilii w\u0142\u0105cznie o godz. 7.00.<\/li>\n<\/ol>\n<ol start=\"5\">\n<li>Mo\u017cna jeszcze otrzyma\u0107 op\u0142atek na st\u00f3\u0142 wigilijny w zakrystii lub kancelarii parafialnej.<\/li>\n<\/ol>\n<ol start=\"6\">\n<li>W sobot\u0119 Wigilia \u015awi\u0105t Bo\u017cego Narodzeni Ostatnia Msza \u015bwi\u0119ta w Bazylice zostanie odprawiona o godz. 11.00. Nie b\u0119dzie Mszy \u015bw. o godz. 18.00. W Wigili\u0119 zach\u0119camy do\u00a0tradycyjnego postu. Prze\u017cyjmy ten dzie\u0144 w duchu wiary i chrze\u015bcija\u0144skiego oczekiwania na przyj\u015bcie Boga na \u015bwiat. Kolacja wigilijna niech b\u0119dzie w naszych domach przepe\u0142niona wiar\u0105 i\u00a0mi\u0142o\u015bci\u0105 do Boga oraz przebaczeniem i \u017cyczli\u00adwo\u015bci\u0105 do siebie nawzajem. Po kolacji czas oczekiwania na Pasterk\u0119 niech up\u0142ynie na \u015bpiewaniu lub s\u0142uchaniu kol\u0119d. Pasterka o godz. 24.00. Wprowadzeniem do niej b\u0119dzie modlitwa bre\u00adwiarzowa, kt\u00f3ra rozpocznie si\u0119 o godz. 23.15. Po Pasterce zapraszamy do wsp\u00f3lnego kol\u0119dowania przy \u017bywej Szopce.<\/li>\n<\/ol>\n<ol start=\"7\">\n<li>W przysz\u0142\u0105 niedziel\u0119 nie b\u0119dzie Mszy \u015bw. o godz. 6.00 rano. Pozosta\u0142e Msze \u015bwi\u0119te w porz\u0105dku niedzielnym.<\/li>\n<\/ol>\n<ol start=\"8\">\n<li>W ostatni\u0105 niedziel\u0119 Adwentu kierujemy s\u0142owa podzi\u0119\u00adkowania do wszystkich, kt\u00f3rzy podali pomocn\u0105 d\u0142o\u0144 potrzebuj\u0105cym poprzez z\u0142o\u017cenie ofiary do puszek lub dar\u00f3w do kosza oraz pomagali przy budowie \u201e\u017cywej szopki\u201d. Wszystkim m\u00f3wimy z serca p\u0142yn\u0105ce: B\u00f3g zap\u0142a\u0107. Informujemy, \u017ce za wszystkich dobrodziej\u00f3w modli\u0107 si\u0119 b\u0119dziemy podczas Mszy \u015bw. o p\u00f3\u0142nocy, czyli Pasterki.<\/li>\n<\/ol>\n<ol start=\"9\">\n<li>Program wizyty duszpasterskiej zwanej kol\u0119d\u0105 jest umieszczony na stoliku pod ch\u00f3rem, w gablocie oraz na stronie internetowej naszej parafii.<\/li>\n<\/ol>\n","protected":false},"excerpt":{"rendered":"<p>W przysz\u0142\u0105 niedziel\u0119 w liturgii Ko\u015bcio\u0142a b\u0119dziemy obchodzi\u0107 uroczysto\u015b\u0107 Narodzenia Pa\u0144skiego. Dzi\u015b zapraszamy na koncert z udzia\u0142em Orkiestry Reprezentacyjnej Policji w zwi\u0105zku z prowadzon\u0105 na terenie gminy akcj\u0105 charytatywn\u0105 \u201eNiebieska [&hellip;]<\/p>\n","protected":false},"author":1,"featured_media":4736,"comment_status":"closed","ping_status":"open","sticky":false,"template":"","format":"standard","meta":{"footnotes":""},"categories":[1],"tags":[],"class_list":["post-7284","post","type-post","status-publish","format-standard","has-post-thumbnail","hentry","category-bez-kategorii"],"_links":{"self":[{"href":"https:\/\/parafia.niepokalanow.pl\/index.php?rest_route=\/wp\/v2\/posts\/7284","targetHints":{"allow":["GET"]}}],"collection":[{"href":"https:\/\/parafia.niepokalanow.pl\/index.php?rest_route=\/wp\/v2\/posts"}],"about":[{"href":"https:\/\/parafia.niepokalanow.pl\/index.php?rest_route=\/wp\/v2\/types\/post"}],"author":[{"embeddable":true,"href":"https:\/\/parafia.niepokalanow.pl\/index.php?rest_route=\/wp\/v2\/users\/1"}],"replies":[{"embeddable":true,"href":"https:\/\/parafia.niepokalanow.pl\/index.php?rest_route=%2Fwp%2Fv2%2Fcomments&post=7284"}],"version-history":[{"count":0,"href":"https:\/\/parafia.niepokalanow.pl\/index.php?rest_route=\/wp\/v2\/posts\/7284\/revisions"}],"wp:featuredmedia":[{"embeddable":true,"href":"https:\/\/parafia.niepokalanow.pl\/index.php?rest_route=\/wp\/v2\/media\/4736"}],"wp:attachment":[{"href":"https:\/\/parafia.niepokalanow.pl\/index.php?rest_route=%2Fwp%2Fv2%2Fmedia&parent=7284"}],"wp:term":[{"taxonomy":"category","embeddable":true,"href":"https:\/\/parafia.niepokalanow.pl\/index.php?rest_route=%2Fwp%2Fv2%2Fcategories&post=7284"},{"taxonomy":"post_tag","embeddable":true,"href":"https:\/\/parafia.niepokalanow.pl\/index.php?rest_route=%2Fwp%2Fv2%2Ftags&post=7284"}],"curies":[{"name":"wp","href":"https:\/\/api.w.org\/{rel}","templated":true}]}}