{"id":7282,"date":"2016-12-11T01:51:47","date_gmt":"2016-12-11T00:51:47","guid":{"rendered":"http:\/\/parafia.niepokalanow.pl\/?p=7282"},"modified":"2016-12-11T01:51:47","modified_gmt":"2016-12-11T00:51:47","slug":"iii-niedziela-adwentu-11-12-2016","status":"publish","type":"post","link":"https:\/\/parafia.niepokalanow.pl\/?p=7282","title":{"rendered":"III Niedziela Adwentu &#8211; 11.12.2016"},"content":{"rendered":"<p>1. W tym tygodniu w liturgii Ko\u015bcio\u0142a b\u0119dziemy obchodzi\u0107:<br \/>\n\u2022 13 grudnia we wtorek: Wspomnienie \u015bw. \u0141ucji, dziewicy i m\u0119czennicy.<br \/>\n\u2022 14 grudnia w \u015brod\u0119: Wspomnienie \u015bw. Jana od Krzy\u017ca, prezbitera i doktora Ko\u015bcio\u0142a.<\/p>\n<p>2. W poprzedni\u0105 niedziel\u0119 zbierali\u015bmy do puszek ofiary na pomoc Ko\u015bcio\u0142owi na Wschodzie. Zebrali\u015bmy 1655 z\u0142. Dzi\u0119kujemy wszystkim ofiarodawcom.<\/p>\n<p><!--more--><\/p>\n<p>3. Dzi\u015b rozpoczynamy rekolekcje adwentowe w naszej parafii, kt\u00f3re prowadzi o. Grzegorz Kwiecie\u0144. Nauki rekolekcyjne b\u0119d\u0105 w poniedzia\u0142ek i wtorek na Mszach \u015bw. o godz. 11.00\u00a0i 18.00 oraz dodatkowa nauka o godz. 20.00. Od godz. 19.00 w poniedzia\u0142ek i wtorek b\u0119dzie adoracja Naj\u015bwi\u0119tszego Sakramentu. Msza \u015bw. z nauk\u0105 w kaplicy w Budkach Piaseckich b\u0119dzie w poniedzia\u0142ek i wtorek o godz. 16.00.<\/p>\n<p>4. Przypominamy, \u017ce Msze \u015bwi\u0119te o Matce Bo\u017cej, zwane roratami, odprawiane s\u0105 w dni powszednie o godz. 7.00 rano.<\/p>\n<p>5. W \u015brod\u0119 14 listopada w czasie wieczornej Mszy \u015bwi\u0119tej za przyczyn\u0105 \u015bw. Maksymiliana modli\u0107 si\u0119 b\u0119dziemy w intencji rodzic\u00f3w i ma\u0142\u017conk\u00f3w naszej parafii, zw\u0142aszcza tych, kt\u00f3rzy zawarli sakrament ma\u0142\u017ce\u0144stwa w miesi\u0105cu grudniu.<\/p>\n<p>6. Zach\u0119camy do wspierania dzie\u0142 charytatywnych prowadzonych przez nasz\u0105 parafi\u0119. Dary \u017cywno\u015bciowe dla ubogich mo\u017cna sk\u0142ada\u0107 do kosza umieszczonego w bazylice, natomiast ofiary na \u201eU\u015bmiech pod choink\u0119\u201d na wigili\u0119 dla dzieci z ubogich rodzin naszej gminy i ofiary na pokrycie koszt\u00f3w budowy i utrzymanie \u201e\u017bywej szopki\u201d mo\u017cna sk\u0142ada\u0107 do oznaczonych puszek w bazylice. Wszystkich ch\u0119tnych m\u0119\u017cczyzn do uko\u0144czenia \u201e\u017cywej szopki\u201d zapraszamy jeszcze w najbli\u017csz\u0105 sobot\u0119 na godz. 8.00.<\/p>\n<p>7. Ma\u0142ych Rycerzyk\u00f3w Niepokalanej informujemy, \u017ce w najbli\u017cszy pi\u0105tek, w zwi\u0105zku z akcj\u0105 &#8222;U\u015bmiech pod choink\u0119&#8221;, spotkanie nie odb\u0119dzie si\u0119. Zapraszamy na nie za dwa tygodnie to jest 23 grudnia, na godzin\u0119 16:oo.<\/p>\n<p>8. Dzi\u015b od godz. 8.30 do 13.00 dzieci ze \u015bwietlicy parafialnej wraz z opiekunem rozprowadzaj\u0105 w\u0142asnor\u0119cznie wykonane ozdoby Bo\u017conarodzeniowe. Z\u0142o\u017cone na ten cel ofiary b\u0119d\u0105 przeznaczone na dalsze funkcjonowanie \u015bwietlicy.<\/p>\n<p>9. W pi\u0105tek 16 grudnia o godzinie 17.00 rozpocznie si\u0119 kolejne nocne czuwanie w intencji nawr\u00f3cenia nieprzyjaci\u00f3\u0142 Ko\u015bcio\u0142a. Zapraszamy do ca\u0142onocnej adoracji z 16 na 17 grudnia do kaplicy \u015bw. Maksymiliana, wej\u015bcie od ulicy. Szczeg\u00f3\u0142y na plakacie przed bazylik\u0105 i na folderach.<\/p>\n<p>10. W sobot\u0119 17 grudnia o godz. 9.00 w kaplicy \u015bw. Maksymiliana b\u0119dzie sprawowana Msza \u015bw. w intencji naszej Ojczyzny, TV Trwam i Radia Maryja.<\/p>\n<p>11. Za tydzie\u0144 18 grudnia na Mszy \u015bw. o godz. 11.30 dzieci, kt\u00f3re przygotowuj\u0105 si\u0119 do<br \/>\nI spowiedzi i Komunii \u015bwi\u0119tej otrzymaj\u0105 medaliki Matki Bo\u017cej, a po Mszy \u015bw. w sali domu parafialnego, odb\u0119dzie si\u0119 spotkanie z ich rodzicami.<\/p>\n<p>12. Stowarzyszenie IMPULS wraz z policjantami z Posterunku Policji w Teresinie zapraszaj\u0105 na koncert z udzia\u0142em Orkiestry Reprezentacyjnej Policji w zwi\u0105zku z prowadzon\u0105 na terenie gminy akcj\u0105 charytatywn\u0105 \u201eNiebieska Gwiazdka\u201d. Koncert odb\u0119dzie si\u0119 18 grudnia po Mszy \u015bw. o godz. 10.00 w Sali \u015bw. Bonawentury, wst\u0119p wolny. Osoby kt\u00f3re chcia\u0142yby przy\u0142\u0105czy\u0107 si\u0119 do akcji mog\u0105 tego dnia przynie\u015b\u0107 ze sob\u0105 drobne podarunki, np. s\u0142odycze, zabawki, \u017cywno\u015b\u0107 czy artyku\u0142y szkolne. Serdecznie zapraszamy.<\/p>\n<p>13. Wszyscy, kt\u00f3rzy z r\u00f3\u017cnych przyczyn nie otrzymali op\u0142atk\u00f3w wigilijnych, prosimy o zg\u0142aszanie si\u0119 do zakrystii lub kancelarii parafialnej.<\/p>\n<p>14. W tym tygodniu z naszej wsp\u00f3lnoty parafialnej odeszli do wieczno\u015bci: \u015bp. Marcin Szefler, l. 68 z Teresina, \u015bp. Wac\u0142awa Sieczka, l. 94 z Teresina, \u015bp. Czes\u0142awa Matysiak, l. 87<br \/>\nz Teresina, \u015bp. Danuta Ko\u017alicka, l. 59 z Nowej Piasecznicy i \u015bp. Krzysztof Maci\u0105g, l. 49<br \/>\nz Paprotni . Wieczny odpoczynek racz im da\u0107 Panie\u2026<\/p>\n","protected":false},"excerpt":{"rendered":"<p>1. W tym tygodniu w liturgii Ko\u015bcio\u0142a b\u0119dziemy obchodzi\u0107: \u2022 13 grudnia we wtorek: Wspomnienie \u015bw. \u0141ucji, dziewicy i m\u0119czennicy. \u2022 14 grudnia w \u015brod\u0119: Wspomnienie \u015bw. Jana od Krzy\u017ca, [&hellip;]<\/p>\n","protected":false},"author":1,"featured_media":4736,"comment_status":"closed","ping_status":"open","sticky":false,"template":"","format":"standard","meta":{"footnotes":""},"categories":[1],"tags":[],"class_list":["post-7282","post","type-post","status-publish","format-standard","has-post-thumbnail","hentry","category-bez-kategorii"],"_links":{"self":[{"href":"https:\/\/parafia.niepokalanow.pl\/index.php?rest_route=\/wp\/v2\/posts\/7282","targetHints":{"allow":["GET"]}}],"collection":[{"href":"https:\/\/parafia.niepokalanow.pl\/index.php?rest_route=\/wp\/v2\/posts"}],"about":[{"href":"https:\/\/parafia.niepokalanow.pl\/index.php?rest_route=\/wp\/v2\/types\/post"}],"author":[{"embeddable":true,"href":"https:\/\/parafia.niepokalanow.pl\/index.php?rest_route=\/wp\/v2\/users\/1"}],"replies":[{"embeddable":true,"href":"https:\/\/parafia.niepokalanow.pl\/index.php?rest_route=%2Fwp%2Fv2%2Fcomments&post=7282"}],"version-history":[{"count":0,"href":"https:\/\/parafia.niepokalanow.pl\/index.php?rest_route=\/wp\/v2\/posts\/7282\/revisions"}],"wp:featuredmedia":[{"embeddable":true,"href":"https:\/\/parafia.niepokalanow.pl\/index.php?rest_route=\/wp\/v2\/media\/4736"}],"wp:attachment":[{"href":"https:\/\/parafia.niepokalanow.pl\/index.php?rest_route=%2Fwp%2Fv2%2Fmedia&parent=7282"}],"wp:term":[{"taxonomy":"category","embeddable":true,"href":"https:\/\/parafia.niepokalanow.pl\/index.php?rest_route=%2Fwp%2Fv2%2Fcategories&post=7282"},{"taxonomy":"post_tag","embeddable":true,"href":"https:\/\/parafia.niepokalanow.pl\/index.php?rest_route=%2Fwp%2Fv2%2Ftags&post=7282"}],"curies":[{"name":"wp","href":"https:\/\/api.w.org\/{rel}","templated":true}]}}