{"id":7247,"date":"2016-11-26T23:14:20","date_gmt":"2016-11-26T22:14:20","guid":{"rendered":"http:\/\/parafia.niepokalanow.pl\/?p=7247"},"modified":"2016-11-26T23:14:20","modified_gmt":"2016-11-26T22:14:20","slug":"i-niedziela-adwentu-27-11-2016","status":"publish","type":"post","link":"https:\/\/parafia.niepokalanow.pl\/?p=7247","title":{"rendered":"I Niedziela Adwentu &#8211; 27.11.2016"},"content":{"rendered":"<ol>\n<li>W tym tygodniu w liturgii Ko\u015bcio\u0142a b\u0119dziemy obchodzi\u0107:<\/li>\n<\/ol>\n<ul>\n<li>30 listopada w \u015brod\u0119: \u015bwi\u0119to \u015bw. Andrzeja, aposto\u0142a;<\/li>\n<li>2 grudnia w pi\u0105tek: wspomnienie b\u0142. Rafa\u0142a Chyli\u0144skiego, prezbitera, patrona kaplicy w\u00a0Budkach Piaseckich; z tej racji Msza \u015bw. odpustowa w przysz\u0142\u0105 niedziel\u0119, 4\u00a0grudnia, o godz. 10.00;<\/li>\n<li>3 grudnia w sobot\u0119: <a href=\"http:\/\/brewiarz.pl\/xi_14\/2611w2\/index.php3?l=i\">Wspomnienie<\/a> \u015bw. Franciszka Ksawerego, prezbitera.<\/li>\n<\/ul>\n<ol start=\"2\">\n<li>W poprzedni\u0105 niedziel\u0119 zbierali\u015bmy ofiary do puszek dla si\u00f3str klarysek. Zebrali\u015bmy 3735\u00a0z\u0142. Dzi\u0119kujemy wszystkim ofiarodawcom.<\/li>\n<\/ol>\n<p><!--more--><\/p>\n<ol start=\"3\">\n<li>Zapraszamy na Msz\u0119 \u015bw. i modlitw\u0119 o uzdrowienie przed Naj\u015bwi\u0119tszym Sakramentem dzi\u015b o godz. 18.00.<\/li>\n<\/ol>\n<ol start=\"4\">\n<li>Dzi\u015b przed bazylik\u0105 s\u0105 zbierane podpisy pod Europejsk\u0105 Inicjatyw\u0105 Obywatelsk\u0105 \u201eMama, Tata i Dzieci\u201d. Celem inicjatywy jest zebranie podpis\u00f3w popieraj\u0105cych projekt prawa gwarantuj\u0105cego, \u017ce w prawie UE \u201ema\u0142\u017ce\u0144stwo\u201d b\u0119dzie rozumiane jako zwi\u0105zek m\u0119\u017cczyzny i kobiety i odpowiednio do tego rozumiane b\u0119dzie poj\u0119cie \u201erodziny\u201d.<\/li>\n<\/ol>\n<ol start=\"5\">\n<li>We wtorek, rozpoczynamy przygotowanie do uroczysto\u015bci odpustowej naszej parafii przez 9-dniow\u0105 nowenn\u0119 przed Niepokalanym Pocz\u0119ciem NMP. Msze \u015bwi\u0119te z rozwa\u017caniami nowennowymi b\u0119d\u0105 o godz. 11.00 i 18.00.<\/li>\n<\/ol>\n<ol start=\"6\">\n<li>Dzisiejsz\u0105 I niedziel\u0105 Adwentu rozpoczynamy nowy rok liturgiczny w Ko\u015bciele pod has\u0142em \u201eId\u017acie i\u00a0g\u0142o\u015bcie\u201d. Msze \u015bw. o Matce Bo\u017cej, zwane roratami, odprawiane b\u0119d\u0105 w dni powszednie o godz. 7.00 rano. Przychodzimy na t\u0119 Msz\u0119 \u015bwi\u0119t\u0105 z lampionami. Do udzia\u0142u w roratach zapraszamy wszystkich, a w spos\u00f3b szczeg\u00f3lny dzieci.<\/li>\n<\/ol>\n<ol start=\"7\">\n<li>W czwartek 1 grudnia Msz\u0105 \u015bwi\u0119t\u0105 o godzinie 11.00 w bazylice w Niepokalanowie rozpoczn\u0105 si\u0119 uroczysto\u015bci zwi\u0105zane z\u00a0 rocznic\u0105 rozstrzelania 20 wi\u0119\u017ani\u00f3w z Pawiaka obok stacji PKP.<\/li>\n<\/ol>\n<ol start=\"8\">\n<li>W tym tygodniu przypadaj\u0105 dni odnowy wewn\u0119trznej. W <strong>I czwartek<\/strong> z racji nowenny nie b\u0119dzie nabo\u017ce\u0144stwa Godziny \u015awi\u0119tej. W <strong>I pi\u0105tek<\/strong> zach\u0119camy do adoracji Naj\u015bwi\u0119tszego Sakramentu od 8.30 do 17.45, jak\u00a0r\u00f3wnie\u017c do spowiedzi i Komunii \u015bw. Spowied\u017a dla dzieci i m\u0142odzie\u017cy od\u00a0godz.\u00a06.30, a o godz. 7.00 Msza \u015bw. roratnia. W Budkach Piaseckich spowied\u017a o\u00a0godz. 16.30, a o godz. 17.00 Msza \u015bw.<\/li>\n<\/ol>\n<p>W I pi\u0105tek udamy si\u0119 z pos\u0142ug\u0105 sakramentaln\u0105 do wszystkich chorych w naszej parafii.<\/p>\n<p>W <strong>I sobot\u0119<\/strong> w kaplicy \u015bw. Maksymiliana o godz. 9.00 b\u0119dzie Msza \u015bw. o\u00a0Niepokalanym Sercu NMP, potem konferencja i R\u00f3\u017caniec. Zapraszamy wszystkich rycerzy Niepokalanej. W tym dniu r\u00f3wnie\u017c odb\u0119dzie si\u0119 kolejne spotkanie \u201eOddaj si\u0119 Maryi\u201d, o\u00a010.00 \u2013 konferencja i \u015bwiadectwa w Sali \u015bw. Bonawentury, o\u00a011.00 \u2013 w Bazylice Eucharystia z oddaniem siebie i wszystkich spraw Niepokalanej i\u00a0nabo\u017ce\u0144stwo wynagradzaj\u0105ce Niepokalanemu Sercu Maryi. Zapraszamy.<\/p>\n<ol start=\"9\">\n<li>W przysz\u0142\u0105 niedziel\u0119 w przedsionku bazyliki b\u0119dzie mo\u017cna nabywa\u0107 \u015bwiece Caritas na st\u00f3\u0142 wigilijny. Uzyskane 2 z\u0142 od ka\u017cdej \u015bwiecy b\u0119d\u0105 przeznaczone na potrzeby naszego parafialnego Zespo\u0142u Caritas.<\/li>\n<\/ol>\n<ol start=\"10\">\n<li>Za tydzie\u0144 po Mszy \u015bw. o godz. 10.00 zapraszamy na spotkanie do domu parafialnego wsp\u00f3lnoty \u017bywego R\u00f3\u017ca\u0144ca.<\/li>\n<\/ol>\n<ol start=\"11\">\n<li>Zapraszamy do naszego \u201eDobrego kina\u201d na projekcj\u0119 filmu pt.\u00a0\u201eM\u0142ody Mesjasz\u201d do sali \u015bw.\u00a0Bonawentury. Seanse b\u0119d\u0105 3 grudnia o godz. 18.00, 4 grudnia o godz. 15.30, jak r\u00f3wnie\u017c w kolejny weekend 10 i 11 grudnia w tych samych godzinach. Wst\u0119p wolny.<\/li>\n<\/ol>\n<ol start=\"12\">\n<li>Od dzisiaj, tradycj\u0105 lat ubieg\u0142ych, do oznakowanej puszki przy wyj\u015bciu z bazyliki mo\u017cna sk\u0142ada\u0107 dobrowolne ofiary na spotkanie \u201eU\u015bmiech pod choink\u0119\u201d dla dzieci z ubogich rodzin naszej parafii i gminy Teresin. Za ka\u017cd\u0105 z\u0142o\u017con\u0105 ofiar\u0119, w imieniu dzieci i naszym, wszystkim ofiarodawcom m\u00f3wimy z serca p\u0142yn\u0105ce B\u00f3g zap\u0142a\u0107.<\/li>\n<\/ol>\n<ol start=\"13\">\n<li>W naszej parafii od jutra b\u0119d\u0105 roznoszone op\u0142atki na st\u00f3\u0142 wigilijny. Bardzo prosimy przedstawicieli wiosek o zg\u0142aszanie si\u0119 po op\u0142atki do kancelarii parafialnej.<\/li>\n<\/ol>\n<ol start=\"14\">\n<li>Przez ca\u0142y okres Adwentu przy o\u0142tarzu \u015bw. Antoniego b\u0119dzie ustawiony kosz na dary \u015bwi\u0105teczne dla ubogich. Ponadto do skarbonki przy o\u0142tarzu \u015bw.\u00a0Franciszka zbieramy ofiary na pokrycie koszt\u00f3w budowy i utrzymanie \u201e\u017bywej szopki\u201d. Zapraszamy ch\u0119tnych m\u0119\u017cczyzn i m\u0142odzie\u017c m\u0119sk\u0105 w sobot\u0119 3 grudnia na godz. 9.00 do\u00a0pomocy przy jej budowaniu.<\/li>\n<\/ol>\n<ol start=\"15\">\n<li>W tym tygodniu z naszej wsp\u00f3lnoty parafialnej odszed\u0142 do wieczno\u015bci: \u015bp. Lucjan Falicki, l. 89 z Paprotni. <em>Wieczny odpoczynek racz mu da\u0107 Panie\u2026 <\/em><\/li>\n<\/ol>\n","protected":false},"excerpt":{"rendered":"<p>W tym tygodniu w liturgii Ko\u015bcio\u0142a b\u0119dziemy obchodzi\u0107: 30 listopada w \u015brod\u0119: \u015bwi\u0119to \u015bw. Andrzeja, aposto\u0142a; 2 grudnia w pi\u0105tek: wspomnienie b\u0142. Rafa\u0142a Chyli\u0144skiego, prezbitera, patrona kaplicy w\u00a0Budkach Piaseckich; z [&hellip;]<\/p>\n","protected":false},"author":1,"featured_media":7248,"comment_status":"closed","ping_status":"open","sticky":false,"template":"","format":"standard","meta":{"footnotes":""},"categories":[1],"tags":[],"class_list":["post-7247","post","type-post","status-publish","format-standard","has-post-thumbnail","hentry","category-bez-kategorii"],"_links":{"self":[{"href":"https:\/\/parafia.niepokalanow.pl\/index.php?rest_route=\/wp\/v2\/posts\/7247","targetHints":{"allow":["GET"]}}],"collection":[{"href":"https:\/\/parafia.niepokalanow.pl\/index.php?rest_route=\/wp\/v2\/posts"}],"about":[{"href":"https:\/\/parafia.niepokalanow.pl\/index.php?rest_route=\/wp\/v2\/types\/post"}],"author":[{"embeddable":true,"href":"https:\/\/parafia.niepokalanow.pl\/index.php?rest_route=\/wp\/v2\/users\/1"}],"replies":[{"embeddable":true,"href":"https:\/\/parafia.niepokalanow.pl\/index.php?rest_route=%2Fwp%2Fv2%2Fcomments&post=7247"}],"version-history":[{"count":0,"href":"https:\/\/parafia.niepokalanow.pl\/index.php?rest_route=\/wp\/v2\/posts\/7247\/revisions"}],"wp:featuredmedia":[{"embeddable":true,"href":"https:\/\/parafia.niepokalanow.pl\/index.php?rest_route=\/wp\/v2\/media\/7248"}],"wp:attachment":[{"href":"https:\/\/parafia.niepokalanow.pl\/index.php?rest_route=%2Fwp%2Fv2%2Fmedia&parent=7247"}],"wp:term":[{"taxonomy":"category","embeddable":true,"href":"https:\/\/parafia.niepokalanow.pl\/index.php?rest_route=%2Fwp%2Fv2%2Fcategories&post=7247"},{"taxonomy":"post_tag","embeddable":true,"href":"https:\/\/parafia.niepokalanow.pl\/index.php?rest_route=%2Fwp%2Fv2%2Ftags&post=7247"}],"curies":[{"name":"wp","href":"https:\/\/api.w.org\/{rel}","templated":true}]}}