{"id":7231,"date":"2016-11-19T23:49:05","date_gmt":"2016-11-19T22:49:05","guid":{"rendered":"http:\/\/parafia.niepokalanow.pl\/?p=7231"},"modified":"2016-11-19T23:54:50","modified_gmt":"2016-11-19T22:54:50","slug":"uroczystosc-jezusa-chrystusa-krola-wszechswiata","status":"publish","type":"post","link":"https:\/\/parafia.niepokalanow.pl\/?p=7231","title":{"rendered":"Uroczysto\u015b\u0107 Jezusa Chrystusa Kr\u00f3la Wszech\u015bwiata"},"content":{"rendered":"<ol>\n<li>W tym tygodniu w liturgii Ko\u015bcio\u0142a b\u0119dziemy obchodzi\u0107:<\/li>\n<\/ol>\n<ul>\n<li>21 listopada w poniedzia\u0142ek: Wspomnienie Ofiarowania NMP;<\/li>\n<li>22 listopada we wtorek: Wspomnienie \u015bw. Cecylii, dziewicy i m\u0119czennicy;<\/li>\n<li>24 listopada w czwartek: <a href=\"http:\/\/brewiarz.pl\/xi_14\/2411p\/index.php3?l=i\">Wspomnienie \u015bwi\u0119tych m\u0119czennik\u00f3w Andrzeja Dung-Lac, prezbitera, i Towarzyszy<\/a>;<\/li>\n<li>26 listopada w sobot\u0119: <a href=\"http:\/\/brewiarz.pl\/xi_14\/2611w2\/index.php3?l=i\">Wspomnienie \u015bw. Leonarda z Porto Maurizio, prezbitera<\/a>;<\/li>\n<\/ul>\n<ol start=\"2\">\n<li>Tydzie\u0144 temu przeprowadzili\u015bmy zbi\u00f3rk\u0119 do puszek na pomoc chrze\u015bcijanom mieszkaj\u0105cym w Iraku. Zebrali\u015bmy 2894 z\u0142. Sk\u0142adamy serdeczne podzi\u0119kowanie wszystkim ofiarodawcom.<\/li>\n<\/ol>\n<ol start=\"3\">\n<li>Za zmar\u0142ych polecanych w wypominkach modlimy si\u0119 w dni powszednie przez ca\u0142y miesi\u0105c listopad podczas nabo\u017ce\u0144stwa o godz. 17.30 oraz w ich intencji odprawiane s\u0105 Msze \u015bwi\u0119te o godz. 18.00. Zapraszamy do wsp\u00f3lnej modlitwy.<\/li>\n<\/ol>\n<p><!--more--><\/p>\n<ol start=\"4\">\n<li>Dzi\u015b przed bazylik\u0105 po wszystkich Mszach \u015bwi\u0119tych, s\u0105 zbierane dobrowolne ofiary do puszek na pomoc Siostrom Klaryskom.<\/li>\n<\/ol>\n<ol start=\"5\">\n<li>Dzi\u015b ostatnia niedziela roku liturgicznego, a zarazem uroczysto\u015b\u0107 Jezusa Chrystusa, Kr\u00f3la Wszech\u015bwiata. Zapraszamy na nabo\u017ce\u0144stwo o godz. 17.00, gdzie odb\u0119dzie si\u0119 uroczyste zako\u0144czenie Roku Mi\u0142osierdzia i dokonamy aktu intronizacji Jezusa Chrystusa jako Kr\u00f3la i Pana w naszej parafii.<\/li>\n<\/ol>\n<ol start=\"6\">\n<li>Za tydzie\u0144 na sumie o godz. 10.00 zostan\u0105 pob\u0142ogos\u0142awione op\u0142atki wigilijne, kt\u00f3re tradycj\u0105 lat ubieg\u0142ych od 28.11. b\u0119d\u0105 roznoszone rodzinom naszej parafii. Przedstawicieli wiosek prosimy o zg\u0142aszanie si\u0119 po op\u0142atki do kancelarii parafialnej. Ofiary sk\u0142adane przy tej okazji b\u0119d\u0105 przeznaczone na potrzeby parafii.<\/li>\n<\/ol>\n<ol start=\"7\">\n<li>Pragniemy poinformowa\u0107, \u017ce dzi\u015b rozpocznie si\u0119 Kurs nauk przedma\u0142\u017ce\u0144skich. Spotkania odbywa\u0107 si\u0119 b\u0119d\u0105 w\u00a0niedziel\u0119 o godz. 15.00 w sali Domu Parafialnego. Zapisy na pierwszym spotkaniu.<\/li>\n<\/ol>\n<ol start=\"8\">\n<li>W sobot\u0119 26 listopada o godz. 9.00 w kaplicy \u015bw. Maksymiliana b\u0119dzie sprawowana Msza \u015bw. w intencji Radia Maryja, telewizji Trwam i naszej Ojczyzny<\/li>\n<\/ol>\n<ol start=\"9\">\n<li>Zapraszamy na Msz\u0119 \u015bwi\u0119t\u0105 i modlitw\u0119 o uzdrowienie przed Naj\u015bwi\u0119tszym Sakramentem w przysz\u0142\u0105 niedziel\u0119 27 listopada o godz. 18.00.<\/li>\n<\/ol>\n<ol start=\"10\">\n<li>3 grudnia organizowana jest z naszej parafii pielgrzymka do Torunia na uroczysto\u015bci rocznicy powstania Radia Maryja. Szczeg\u00f3\u0142owe informacje oraz zapisy u p.\u00a0Danuty\u00a0Dmoch (numer telefonu znajduje si\u0119 w\u00a0gablocie: Danuta Dmoch 728\u00a0464 508).\u00a0Koszt wyjazdu \u2013 45 z\u0142. Wyjazd o godz. 6.30 z parkingu dla autokar\u00f3w.<\/li>\n<\/ol>\n<ol start=\"11\">\n<li>W tym tygodniu z naszej wsp\u00f3lnoty parafialnej odeszli do wieczno\u015bci: \u015bp. Marek Piotrowski, l. 63 z Granic, \u015bp. br. Ryszard Grodzki l. 96 z naszego klasztoru i \u015bp. Mariusz Malicki l. 35 z Teresina. <em>Wieczny odpoczynek racz im da\u0107 Panie\u2026 <\/em><\/li>\n<\/ol>\n","protected":false},"excerpt":{"rendered":"<p>W tym tygodniu w liturgii Ko\u015bcio\u0142a b\u0119dziemy obchodzi\u0107: 21 listopada w poniedzia\u0142ek: Wspomnienie Ofiarowania NMP; 22 listopada we wtorek: Wspomnienie \u015bw. Cecylii, dziewicy i m\u0119czennicy; 24 listopada w czwartek: Wspomnienie [&hellip;]<\/p>\n","protected":false},"author":1,"featured_media":7242,"comment_status":"closed","ping_status":"open","sticky":false,"template":"","format":"standard","meta":{"footnotes":""},"categories":[1],"tags":[],"class_list":["post-7231","post","type-post","status-publish","format-standard","has-post-thumbnail","hentry","category-bez-kategorii"],"_links":{"self":[{"href":"https:\/\/parafia.niepokalanow.pl\/index.php?rest_route=\/wp\/v2\/posts\/7231","targetHints":{"allow":["GET"]}}],"collection":[{"href":"https:\/\/parafia.niepokalanow.pl\/index.php?rest_route=\/wp\/v2\/posts"}],"about":[{"href":"https:\/\/parafia.niepokalanow.pl\/index.php?rest_route=\/wp\/v2\/types\/post"}],"author":[{"embeddable":true,"href":"https:\/\/parafia.niepokalanow.pl\/index.php?rest_route=\/wp\/v2\/users\/1"}],"replies":[{"embeddable":true,"href":"https:\/\/parafia.niepokalanow.pl\/index.php?rest_route=%2Fwp%2Fv2%2Fcomments&post=7231"}],"version-history":[{"count":0,"href":"https:\/\/parafia.niepokalanow.pl\/index.php?rest_route=\/wp\/v2\/posts\/7231\/revisions"}],"wp:featuredmedia":[{"embeddable":true,"href":"https:\/\/parafia.niepokalanow.pl\/index.php?rest_route=\/wp\/v2\/media\/7242"}],"wp:attachment":[{"href":"https:\/\/parafia.niepokalanow.pl\/index.php?rest_route=%2Fwp%2Fv2%2Fmedia&parent=7231"}],"wp:term":[{"taxonomy":"category","embeddable":true,"href":"https:\/\/parafia.niepokalanow.pl\/index.php?rest_route=%2Fwp%2Fv2%2Fcategories&post=7231"},{"taxonomy":"post_tag","embeddable":true,"href":"https:\/\/parafia.niepokalanow.pl\/index.php?rest_route=%2Fwp%2Fv2%2Ftags&post=7231"}],"curies":[{"name":"wp","href":"https:\/\/api.w.org\/{rel}","templated":true}]}}