{"id":6441,"date":"2016-09-12T18:24:45","date_gmt":"2016-09-12T16:24:45","guid":{"rendered":"http:\/\/parafia.niepokalanow.pl\/?p=6441"},"modified":"2016-09-12T18:25:25","modified_gmt":"2016-09-12T16:25:25","slug":"6441","status":"publish","type":"post","link":"https:\/\/parafia.niepokalanow.pl\/?p=6441","title":{"rendered":"XXIV Niedziela w ci\u0105gu roku"},"content":{"rendered":"<ol>\n<li>W tym tygodniu w liturgii Ko\u015bcio\u0142a b\u0119dziemy obchodzi\u0107:<\/li>\n<\/ol>\n<ul>\n<li>12 wrze\u015bnia w poniedzia\u0142ek: Wspomnienie Naj\u015bwi\u0119tszego Imienia Maryi;<\/li>\n<li>13 wrze\u015bnia we wtorek: Wspomnienie \u015bw. Jana Chryzostoma, biskupa i doktora Ko\u015bcio\u0142a;<\/li>\n<li>14 wrze\u015bnia w \u015brod\u0119: \u015awi\u0119to Podwy\u017cszenia Krzy\u017ca \u015awi\u0119tego;<\/li>\n<li>15 wrze\u015bnia w czwartek: Wspomnienie NMP Bolesnej;<\/li>\n<li>16 wrze\u015bnia w pi\u0105tek: Wspomnienie \u015bwi\u0119tych m\u0119czennik\u00f3w Korneliusza, papie\u017ca, i\u00a0Cypriana, biskupa;<\/li>\n<li>17 wrze\u015bnia w sobot\u0119: \u015awi\u0119to stygmat\u00f3w \u015bw. Franciszka z Asy\u017cu.<\/li>\n<\/ul>\n<ol start=\"2\">\n<li>Dzi\u015b przyb\u0119d\u0105 do nas relikwie \u015bw. Charbela Makhlouf. Powitamy je podczas Eucharystii o\u00a0godz. 16.00, natomiast o 17.00 b\u0119dzie nabo\u017ce\u0144stwo z namaszczeniem olejem \u015bw.\u00a0Charbela.<\/li>\n<\/ol>\n<ol start=\"3\">\n<li>W \u015brod\u0119 14 wrze\u015bnia w czasie wieczornej Mszy \u015bwi\u0119tej za\u00a0 przyczyn\u0105 \u015bw.\u00a0Maksymiliana modli\u0107 si\u0119 b\u0119dziemy w intencji rodzic\u00f3w i ma\u0142\u017conk\u00f3w naszej parafii i\u00a0pielgrzymuj\u0105cych do\u00a0naszego Sanktuarium, szczeg\u00f3lnie tych, kt\u00f3re zawar\u0142y sakrament ma\u0142\u017ce\u0144stwa w miesi\u0105cu wrze\u015bniu.<\/li>\n<\/ol>\n<p><!--more--><\/p>\n<ol start=\"4\">\n<li>We wrze\u015bniu rozpocz\u0119li\u015bmy nowy rok pracy duszpasterskiej. Spotkanie kandydat\u00f3w na ministrant\u00f3w i dla ministrant\u00f3w m\u0142odszych odb\u0119dzie si\u0119 w sobot\u0119 wyj\u0105tkowo o godz. 9.00, za\u015b dla lektor\u00f3w o godz. 9.45. Spotkania wsp\u00f3lnoty Odnowy w\u00a0Duchu \u015awi\u0119tym odbywaj\u0105 si\u0119 we wtorki o godz. 19.00. W czwartek o godz. 19.00 zapraszamy na spotkania biblijne. W pi\u0105tek o godz. 16.00 odb\u0119dzie si\u0119 spotkanie ma\u0142ych Rycerzy Niepokalanej, za\u015b dziewcz\u0119ta, kt\u00f3re chcia\u0142yby \u015bpiewa\u0107 w zespole Miriam zapraszamy r\u00f3wnie\u017c w pi\u0105tek na pr\u00f3b\u0119 o godz. 19.00.<\/li>\n<\/ol>\n<ol start=\"5\">\n<li>\u015awietlica w domu parafialnym rozpocznie swoj\u0105 dzia\u0142alno\u015b\u0107 od 12 wrze\u015bnia w poniedzia\u0142ek. Zaj\u0119cia w poniedzia\u0142ki i \u015brody od godz. 15.00 \u2013 17.30. W ramach \u015bwietlicy odbywaj\u0105 si\u0119 bezp\u0142atne zaj\u0119cia z ceramiki w poniedzia\u0142ki o godz. 16.15 i trzy razy w miesi\u0105cu warsztaty kulinarne. Na powy\u017csze zaj\u0119cia zapraszamy wszystkie dzieci z naszej parafii, jak r\u00f3wnie\u017c osoby, kt\u00f3re chcia\u0142by si\u0119 w\u0142\u0105czy\u0107 w prac\u0119 \u015bwietlicy jako wolontariusze.<\/li>\n<\/ol>\n<ol start=\"6\">\n<li>W przysz\u0142\u0105 niedziel\u0119 po Mszy \u015bw. o godz. 10.00 odb\u0119dzie si\u0119 spotkanie wsp\u00f3lnoty \u017bywego R\u00f3\u017ca\u0144ca w domu parafialnym.<\/li>\n<\/ol>\n<ol start=\"7\">\n<li>Do ko\u0144ca wrze\u015bnia przyjmujemy zapisy os\u00f3b z parafii, kt\u00f3re z\u00a0r\u00f3\u017cnych powod\u00f3w nie przyst\u0105pi\u0142y do sakramentu bierzmowania, a chcia\u0142yby przyj\u0105\u0107 ten sakrament w roku 2017. Zapisy w\u00a0kancelarii parafialnej.<\/li>\n<\/ol>\n<ol start=\"8\">\n<li>W minionym tygodniu odesz\u0142a do wieczno\u015bci: \u015bp. Renata Owczarek l. 56 z\u00a0Teresina. <em>Wieczny odpoczynek racz jej da\u0107 Panie\u2026<\/em><\/li>\n<\/ol>\n","protected":false},"excerpt":{"rendered":"<p>W tym tygodniu w liturgii Ko\u015bcio\u0142a b\u0119dziemy obchodzi\u0107: 12 wrze\u015bnia w poniedzia\u0142ek: Wspomnienie Naj\u015bwi\u0119tszego Imienia Maryi; 13 wrze\u015bnia we wtorek: Wspomnienie \u015bw. Jana Chryzostoma, biskupa i doktora Ko\u015bcio\u0142a; 14 wrze\u015bnia [&hellip;]<\/p>\n","protected":false},"author":1,"featured_media":6442,"comment_status":"closed","ping_status":"open","sticky":false,"template":"","format":"standard","meta":{"footnotes":""},"categories":[1],"tags":[],"class_list":["post-6441","post","type-post","status-publish","format-standard","has-post-thumbnail","hentry","category-bez-kategorii"],"_links":{"self":[{"href":"https:\/\/parafia.niepokalanow.pl\/index.php?rest_route=\/wp\/v2\/posts\/6441","targetHints":{"allow":["GET"]}}],"collection":[{"href":"https:\/\/parafia.niepokalanow.pl\/index.php?rest_route=\/wp\/v2\/posts"}],"about":[{"href":"https:\/\/parafia.niepokalanow.pl\/index.php?rest_route=\/wp\/v2\/types\/post"}],"author":[{"embeddable":true,"href":"https:\/\/parafia.niepokalanow.pl\/index.php?rest_route=\/wp\/v2\/users\/1"}],"replies":[{"embeddable":true,"href":"https:\/\/parafia.niepokalanow.pl\/index.php?rest_route=%2Fwp%2Fv2%2Fcomments&post=6441"}],"version-history":[{"count":0,"href":"https:\/\/parafia.niepokalanow.pl\/index.php?rest_route=\/wp\/v2\/posts\/6441\/revisions"}],"wp:featuredmedia":[{"embeddable":true,"href":"https:\/\/parafia.niepokalanow.pl\/index.php?rest_route=\/wp\/v2\/media\/6442"}],"wp:attachment":[{"href":"https:\/\/parafia.niepokalanow.pl\/index.php?rest_route=%2Fwp%2Fv2%2Fmedia&parent=6441"}],"wp:term":[{"taxonomy":"category","embeddable":true,"href":"https:\/\/parafia.niepokalanow.pl\/index.php?rest_route=%2Fwp%2Fv2%2Fcategories&post=6441"},{"taxonomy":"post_tag","embeddable":true,"href":"https:\/\/parafia.niepokalanow.pl\/index.php?rest_route=%2Fwp%2Fv2%2Ftags&post=6441"}],"curies":[{"name":"wp","href":"https:\/\/api.w.org\/{rel}","templated":true}]}}