{"id":6273,"date":"2016-06-25T17:09:35","date_gmt":"2016-06-25T15:09:35","guid":{"rendered":"http:\/\/parafia.niepokalanow.pl\/?p=6273"},"modified":"2016-06-25T17:10:04","modified_gmt":"2016-06-25T15:10:04","slug":"xiii-niedziela-w-ciagu-roku","status":"publish","type":"post","link":"https:\/\/parafia.niepokalanow.pl\/?p=6273","title":{"rendered":"XIII niedziela w ci\u0105gu roku"},"content":{"rendered":"<ol>\n<li>W tym tygodniu w liturgii Ko\u015bcio\u0142a b\u0119dziemy:<\/li>\n<\/ol>\n<ul>\n<li>27 czerwca w poniedzia\u0142ek: Wspomnienie NMP Nieustaj\u0105cej Pomocy;<\/li>\n<li>28 czerwca we wtorek: Wspomnienie \u015bw. Ireneusza, biskupa i m\u0119czennika;<\/li>\n<li>29 czerwca w \u015brod\u0119: Uroczysto\u015b\u0107 \u015awi\u0119tych Aposto\u0142\u00f3w Piotra i Paw\u0142a.<\/li>\n<\/ul>\n<ol start=\"2\">\n<li>Dzi\u0119kujemy wszystkim tym, kt\u00f3rzy w niedziel\u0119 12 czerwca wsparli swoj\u0105 ofiar\u0105 budow\u0119 ko\u015bcio\u0142a \u015bw. Andrzeja Boboli w Rajszewie. Zebrali\u015bmy 12.900 z\u0142. W imieniu ks. Stanis\u0142awa Kanii, proboszcza parafii, w diecezji warszawsko-praskiej, wszystkim ofiarodawcom sk\u0142adamy serdeczne: B\u00f3g zap\u0142a\u0107!<\/li>\n<\/ol>\n<p><!--more--><\/p>\n<ol start=\"3\">\n<li>Dzi\u015b XIII niedziela w ci\u0105gu roku. Dla wielu z nas tu obecnych jest to pierwsza niedziela w\u00a0czasie ich tegorocznych wakacji. Udaj\u0105cym si\u0119 na wakacje i urlopy przypominamy o\u00a0obowi\u0105zku niedzielnej Eucharystii i codziennej modlitwie. Dzieciom, m\u0142odzie\u017cy, nauczycielom, katechetom, wychowawcom oraz pracownikom szk\u00f3\u0142 na terenie naszej parafii z okazji rozpocz\u0119tych wakacji, urlopu \u017cyczymy wielu \u0142ask Bo\u017cych, opieki Niepokalanej, Bo\u017cego b\u0142ogos\u0142awie\u0144stwa na ka\u017cdy dzie\u0144, dobrej pogody i\u00a0wspania\u0142ego wypoczynku. Wszystkim m\u00f3wimy: Szcz\u0119\u015b\u0107 Bo\u017ce.<\/li>\n<\/ol>\n<ol start=\"4\">\n<li>W okresie wakacyjnym do naszego Sanktuarium przybywa kilka pielgrzymek pieszych. W\u00a0poniedzia\u0142ek przyb\u0119dzie do nas pielgrzymka z Zakroczymia, za\u015b w czwartek nawiedz\u0105 nas pielgrzymi z Radomia.<\/li>\n<\/ol>\n<ol start=\"5\">\n<li>Zapraszamy dzi\u015b na Msz\u0119 \u015bw. z modlitw\u0105 o uzdrowienie o godz. 19.00.<\/li>\n<\/ol>\n<ol start=\"6\">\n<li>W tym tygodniu przypadaj\u0105 dni odnowy wewn\u0119trznej: pierwszy pi\u0105tek i pierwsza sobota miesi\u0105ca. Okazja do spowiedzi w bazylice przez ca\u0142y dzie\u0144. W Budkach Piaseckich spowied\u017a i Msza \u015bwi\u0119ta o sta\u0142ej porze. W I sobot\u0119 zapraszamy na Msz\u0119 \u015bw. o\u00a0Niepokalanym Sercu Maryi na godz. 9.00 do kaplicy-Sanktuarium \u015bw. Maksymiliana. Po Mszy \u015bw. r\u00f3\u017caniec. R\u00f3wnie\u017c w tym dniu w bazylice po Mszy \u015bwi\u0119tej o\u00a0godz. 11.00 b\u0119dzie wystawienie Naj\u015bwi\u0119tszego Sakramentu i r\u00f3\u017caniec wynagradzaj\u0105cy Niepokalanemu Sercu Maryi.<\/li>\n<\/ol>\n<ol start=\"7\">\n<li>W sobot\u0119 zapraszamy wiernych na Apel Maryjny, kt\u00f3ry odprawiamy o godz. 21.00.<\/li>\n<\/ol>\n<ol start=\"8\">\n<li>Za tydzie\u0144 w niedziel\u0119 o godz. 16.00 b\u0119dziemy modli\u0107 si\u0119 w intencji naszej Ojczyzny.<\/li>\n<\/ol>\n<ol start=\"9\">\n<li>Od pi\u0105tku 1 lipca w godzinach urz\u0119dowania kancelarii parafialnej od 9.00 do 10.00 i od 17.00 do\u00a018.00 b\u0119dziemy przyjmowa\u0107 rezerwacje daty i godziny \u015blub\u00f3w na rok 2017 narzeczonych mieszkaj\u0105cych na terenie naszej parafii. Dla narzeczonych mieszkaj\u0105cych poza nasz\u0105 parafi\u0105 rezerwacji \u015blubu b\u0119dzie mo\u017cna dokona\u0107 od 1 sierpnia.<\/li>\n<\/ol>\n<ol start=\"10\">\n<li>Wszystkie dzieci z naszej parafii zapraszamy na rekolekcje Rycerstwa Niepokalanej kt\u00f3re odb\u0119d\u0105 si\u0119 w terminach od 26 do 31 lipca oraz od 1 do 6 sierpnia w Niepokalanowie \u2013 Lasku. W\u00a0programie rekolekcji codzienna Msza \u015bw., spotkania w grupach, du\u017co wsp\u00f3lnej zabawy. Koszt rekolekcji wynosi 240 z\u0142. Karty zg\u0142oszeniowe i dodatkowe informacje w\u00a0kancelarii parafialnej, u o. Piotra Sochy oraz na stronie <a href=\"http:\/\/www.lasek.niepokalanow.pl\">lasek.niepokalanow.pl<\/a>.<\/li>\n<\/ol>\n<ol start=\"11\">\n<li>Ko\u0142o Rodziny Radia Maryja zaprasza w dniu 10 lipca na Pielgrzymk\u0119 Rodziny Radia Maryja na Jasn\u0105 G\u00f3r\u0119 z okazji 25. rocznicy powstania Radia Maryja. Informacje i zapisy u\u00a0p.\u00a0Danuty Dmoch (tel. 728\u00a0464\u00a0508) lub w kancelarii parafialnej.<\/li>\n<\/ol>\n<ol start=\"12\">\n<li>Informujemy parafian, \u017ce w czasie wakacji nast\u0105pi\u0105 zmiany duszpasterzy w\u00a0naszej parafii. Decyzj\u0105 prze\u0142o\u017conych o. Piotr Socha zostanie przeniesiony do\u00a0Niepokalanowa-Lasku, natomiast o. Jaros\u0142aw Paku\u0142a do klasztoru w \u0141odzi-D\u0105browie. O.\u00a0Piotrowi i\u00a0o.\u00a0Jaros\u0142awowi dzi\u0119kujemy za prac\u0119 w\u015br\u00f3d nas. \u017byczymy wielu \u0142ask Bo\u017cych, b\u0142ogos\u0142awie\u0144stwa, opieki Niepokalanej w nowych obowi\u0105zkach. Obydwu naszych wsp\u00f3\u0142braci obejmujemy modlitw\u0105 wdzi\u0119czno\u015bci i ufnej pro\u015bby.<\/li>\n<\/ol>\n<ol start=\"13\">\n<li>W najbli\u017cszych tygodniach zostanie poddane renowacji i z\u0142oceniu tabernakulum z\u00a0g\u0142\u00f3wnego o\u0142tarza naszej Bazyliki. Zach\u0119camy wszystkich pielgrzym\u00f3w, sympatyk\u00f3w i\u00a0parafian do wsparcia materialnego tej inwestycji. Ofiary mo\u017cna sk\u0142ada\u0107 do skarbony znajduj\u0105cej si\u0119 pomi\u0119dzy o\u0142tarzem \u015bw. Franciszka a balaskami.<\/li>\n<\/ol>\n<ol start=\"14\">\n<li>W minionym tygodniu odszed\u0142 do wieczno\u015bci: \u015bp. o. Zygmunt B\u0142ocisz l. 61 z \u0141odzi, by\u0142y proboszcz Niepokalanowa. <em>Wieczny odpoczynek racz jej da\u0107 Panie\u2026<\/em><\/li>\n<li>W dniu dzisiejszym przed Bazylika b\u0119dzie mo\u017cna w godz. 9.00-14.00 odda\u0107 krew.<\/li>\n<\/ol>\n","protected":false},"excerpt":{"rendered":"<p>W tym tygodniu w liturgii Ko\u015bcio\u0142a b\u0119dziemy: 27 czerwca w poniedzia\u0142ek: Wspomnienie NMP Nieustaj\u0105cej Pomocy; 28 czerwca we wtorek: Wspomnienie \u015bw. Ireneusza, biskupa i m\u0119czennika; 29 czerwca w \u015brod\u0119: Uroczysto\u015b\u0107 [&hellip;]<\/p>\n","protected":false},"author":1,"featured_media":6275,"comment_status":"closed","ping_status":"open","sticky":false,"template":"","format":"standard","meta":{"footnotes":""},"categories":[1],"tags":[],"class_list":["post-6273","post","type-post","status-publish","format-standard","has-post-thumbnail","hentry","category-bez-kategorii"],"_links":{"self":[{"href":"https:\/\/parafia.niepokalanow.pl\/index.php?rest_route=\/wp\/v2\/posts\/6273","targetHints":{"allow":["GET"]}}],"collection":[{"href":"https:\/\/parafia.niepokalanow.pl\/index.php?rest_route=\/wp\/v2\/posts"}],"about":[{"href":"https:\/\/parafia.niepokalanow.pl\/index.php?rest_route=\/wp\/v2\/types\/post"}],"author":[{"embeddable":true,"href":"https:\/\/parafia.niepokalanow.pl\/index.php?rest_route=\/wp\/v2\/users\/1"}],"replies":[{"embeddable":true,"href":"https:\/\/parafia.niepokalanow.pl\/index.php?rest_route=%2Fwp%2Fv2%2Fcomments&post=6273"}],"version-history":[{"count":0,"href":"https:\/\/parafia.niepokalanow.pl\/index.php?rest_route=\/wp\/v2\/posts\/6273\/revisions"}],"wp:featuredmedia":[{"embeddable":true,"href":"https:\/\/parafia.niepokalanow.pl\/index.php?rest_route=\/wp\/v2\/media\/6275"}],"wp:attachment":[{"href":"https:\/\/parafia.niepokalanow.pl\/index.php?rest_route=%2Fwp%2Fv2%2Fmedia&parent=6273"}],"wp:term":[{"taxonomy":"category","embeddable":true,"href":"https:\/\/parafia.niepokalanow.pl\/index.php?rest_route=%2Fwp%2Fv2%2Fcategories&post=6273"},{"taxonomy":"post_tag","embeddable":true,"href":"https:\/\/parafia.niepokalanow.pl\/index.php?rest_route=%2Fwp%2Fv2%2Ftags&post=6273"}],"curies":[{"name":"wp","href":"https:\/\/api.w.org\/{rel}","templated":true}]}}