{"id":6237,"date":"2016-06-18T22:46:15","date_gmt":"2016-06-18T20:46:15","guid":{"rendered":"http:\/\/parafia.niepokalanow.pl\/?p=6237"},"modified":"2016-06-18T22:48:23","modified_gmt":"2016-06-18T20:48:23","slug":"xii-niedziela-w-ciagu-roku","status":"publish","type":"post","link":"https:\/\/parafia.niepokalanow.pl\/?p=6237","title":{"rendered":"XII Niedziela w ci\u0105gu roku"},"content":{"rendered":"<ol>\n<li>W tym tygodniu w liturgii Ko\u015bcio\u0142a b\u0119dziemy obchodzi\u0107:<\/li>\n<\/ol>\n<ul>\n<li>21 czerwca we wtorek: Wspomnienie \u015bw. Alojzego Gonzagi, zakonnika;<\/li>\n<li>24 czerwca w pi\u0105tek: Uroczysto\u015b\u0107 Narodzenia \u015bw. Jana Chrzciciela.<\/li>\n<\/ul>\n<ol start=\"2\">\n<li>Zaproszenie Biskup\u00f3w do udzia\u0142u w \u015aDM\u2026<\/li>\n<\/ol>\n<p><!--more--><\/p>\n<ol start=\"3\">\n<li>W czwartek b\u0119dziemy obchodzi\u0107 Dzie\u0144 Ojca. Swoimi modlitwami obejmijmy wszystkich naszych ojc\u00f3w, zar\u00f3wno \u017cyj\u0105cych, jak i zmar\u0142ych. Wieczorem za\u015b o godz. 18.00 Msza wigilijna z\u00a0uroczysto\u015bci Narodzenia \u015bw. Jana Chrzciciela.<\/li>\n<\/ol>\n<ol start=\"4\">\n<li>Nabo\u017ce\u0144stwo ku czci Serca Pana Jezusa dzi\u015b o godz. 17.00, w dni powszednie po\u00a0Mszy \u015bwi\u0119tej wieczornej.<\/li>\n<\/ol>\n<ol start=\"5\">\n<li>Dzi\u015b w Niepokalanowie odb\u0119dzie si\u0119 spotkanie Podw\u00f3rkowych K\u00f3\u0142ek R\u00f3\u017ca\u0144cowych. Spotkanie b\u0119dzie animowa\u0107 Madzia Buczek. O godz. 14.00 na placu przy o\u0142tarzu polowym odb\u0119dzie si\u0119 koncert, a o godz. 15.00 sprawowana b\u0119dzie Msza \u015awi\u0119ta.<\/li>\n<\/ol>\n<ol start=\"6\">\n<li>W \u015brod\u0119, 22 czerwca, zapraszamy wolontariuszy \u015aDM i rodziny, kt\u00f3re zamierzaj\u0105 przyj\u0105\u0107 pielgrzym\u00f3w, na Msz\u0119 o godz. 19.00 do kaplicy \u015bw. Maksymiliana.<\/li>\n<\/ol>\n<ol start=\"7\">\n<li>W czwartek, 23 czerwca, z racji zako\u0144czenia roku szkolnego o godz. 9.00 w Bazylice zostanie odprawiona Msza \u015bw. dla Szko\u0142y Podstawowej w Teresinie, natomiast o godz. 12.00 w\u00a0kaplicy w Budkach Piaseckich dla tamtejszej szko\u0142y. W pi\u0105tek za\u015b o godz. 8.00 w bazylice dla dzieci ze Szko\u0142y Podstawowej w Paprotni, m\u0142odzie\u017cy z Gimnazjum w Teresinie oraz z\u00a0Zespo\u0142u Szk\u00f3\u0142. Serdecznie zapraszamy dzieci, m\u0142odzie\u017c, nauczycieli oraz rodzic\u00f3w.<\/li>\n<\/ol>\n<ol start=\"8\">\n<li>W sobot\u0119 25 czerwca odb\u0119dzie si\u0119 spotkanie Ko\u0142a Przyjaci\u00f3\u0142 Radia Maryja. Rozpocznie si\u0119 o\u00a0godz. 9.00 w\u00a0Sanktuarium \u015bw. Maksymiliana Msz\u0105 \u015bwi\u0119t\u0105 w intencji Radia Maryja, Telewizji Trwam i Ojczyzny.<\/li>\n<\/ol>\n<ol start=\"9\">\n<li>W sobot\u0119 zapraszamy wiernych na Apel Maryjny, kt\u00f3ry odprawiamy o godz. 21.00.<\/li>\n<\/ol>\n<ol start=\"10\">\n<li>W przysz\u0142\u0105 niedziel\u0119 podczas Mszy \u015bw. o godz. 19.00 i na nabo\u017ce\u0144stwie po\u00a0Mszy \u015bwi\u0119tej modli\u0107 si\u0119 b\u0119dziemy o \u0142ask\u0119 uzdro\u00adwienia duszy i cia\u0142a. Zapraszamy do\u00a0wsp\u00f3lnej modlitwy.<\/li>\n<\/ol>\n<ol start=\"11\">\n<li>M\u0142odzie\u017c kt\u00f3ra uko\u0144czy\u0142a gimnazjum i osoby doros\u0142e zapraszamy do Niepokalanowa Lasku na rekolekcje ewangelizacyjne w dniach od <strong>9 &#8211; 18 lipca. Rekolekcje te <\/strong>rozpoczynaj\u0105 trzy letni\u0105 formacj\u0119 w Szkole Nowej Ewangelizacji. Bli\u017csze informacje na\u00a0stronie internetowej O\u015brodka Formacji MI w Niepokalanowie Lasku.<\/li>\n<\/ol>\n<ol start=\"12\">\n<li>W minionym tygodniu odeszli do wieczno\u015bci: \u015bp. Jadwiga Szawli\u0144ska l. 91 z Teresina i\u00a0\u015bp. Ryszard Jaro\u0144 l. 63 z Teresina. <em>Wieczny odpoczynek racz im da\u0107 Panie\u2026<\/em><\/li>\n<\/ol>\n","protected":false},"excerpt":{"rendered":"<p>W tym tygodniu w liturgii Ko\u015bcio\u0142a b\u0119dziemy obchodzi\u0107: 21 czerwca we wtorek: Wspomnienie \u015bw. Alojzego Gonzagi, zakonnika; 24 czerwca w pi\u0105tek: Uroczysto\u015b\u0107 Narodzenia \u015bw. Jana Chrzciciela. Zaproszenie Biskup\u00f3w do udzia\u0142u [&hellip;]<\/p>\n","protected":false},"author":1,"featured_media":6257,"comment_status":"closed","ping_status":"open","sticky":false,"template":"","format":"standard","meta":{"footnotes":""},"categories":[1],"tags":[],"class_list":["post-6237","post","type-post","status-publish","format-standard","has-post-thumbnail","hentry","category-bez-kategorii"],"_links":{"self":[{"href":"https:\/\/parafia.niepokalanow.pl\/index.php?rest_route=\/wp\/v2\/posts\/6237","targetHints":{"allow":["GET"]}}],"collection":[{"href":"https:\/\/parafia.niepokalanow.pl\/index.php?rest_route=\/wp\/v2\/posts"}],"about":[{"href":"https:\/\/parafia.niepokalanow.pl\/index.php?rest_route=\/wp\/v2\/types\/post"}],"author":[{"embeddable":true,"href":"https:\/\/parafia.niepokalanow.pl\/index.php?rest_route=\/wp\/v2\/users\/1"}],"replies":[{"embeddable":true,"href":"https:\/\/parafia.niepokalanow.pl\/index.php?rest_route=%2Fwp%2Fv2%2Fcomments&post=6237"}],"version-history":[{"count":0,"href":"https:\/\/parafia.niepokalanow.pl\/index.php?rest_route=\/wp\/v2\/posts\/6237\/revisions"}],"wp:featuredmedia":[{"embeddable":true,"href":"https:\/\/parafia.niepokalanow.pl\/index.php?rest_route=\/wp\/v2\/media\/6257"}],"wp:attachment":[{"href":"https:\/\/parafia.niepokalanow.pl\/index.php?rest_route=%2Fwp%2Fv2%2Fmedia&parent=6237"}],"wp:term":[{"taxonomy":"category","embeddable":true,"href":"https:\/\/parafia.niepokalanow.pl\/index.php?rest_route=%2Fwp%2Fv2%2Fcategories&post=6237"},{"taxonomy":"post_tag","embeddable":true,"href":"https:\/\/parafia.niepokalanow.pl\/index.php?rest_route=%2Fwp%2Fv2%2Ftags&post=6237"}],"curies":[{"name":"wp","href":"https:\/\/api.w.org\/{rel}","templated":true}]}}