{"id":6217,"date":"2016-06-11T17:55:47","date_gmt":"2016-06-11T15:55:47","guid":{"rendered":"http:\/\/parafia.niepokalanow.pl\/?p=6217"},"modified":"2016-06-11T17:55:47","modified_gmt":"2016-06-11T15:55:47","slug":"xi-niedziela-w-ciagu-roku","status":"publish","type":"post","link":"https:\/\/parafia.niepokalanow.pl\/?p=6217","title":{"rendered":"XI Niedziela w ci\u0105gu roku"},"content":{"rendered":"<ol>\n<li>W tym tygodniu w liturgii Ko\u015bcio\u0142a b\u0119dziemy obchodzi\u0107:<\/li>\n<\/ol>\n<ul>\n<li>13 czerwca w poniedzia\u0142ek: \u015awi\u0119to \u015bw. Antoniego z Padwy, prezbitera i doktora Ko\u015bcio\u0142a;<\/li>\n<li>14 czerwca we wtorek: Wspomnienie b\u0142. Micha\u0142a Kozala, biskupa i m\u0119czennika;<\/li>\n<li>15 czerwca w \u015brod\u0119: Wspomnienie b\u0142. Jolanty, zakonnicy;<\/li>\n<li>17 czerwca w pi\u0105tek: Wspomnienie \u015bw. Alberta Chmielowskiego, zakonnika.<\/li>\n<\/ul>\n<ol start=\"2\">\n<li>Dzisiaj podczas wszystkich Mszy \u015bw. S\u0142owo Bo\u017ce g\u0142osi ks. Stanis\u0142aw Kania, proboszcz parafii \u015bw. Andrzeja Boboli w Rajszewie, w diecezji Warszawsko- Praskiej. Po Mszy \u015bw. b\u0119dzie mo\u017cna naby\u0107 ksi\u0105\u017ck\u0119 autorsk\u0105 i wesprze\u0107 ofiar\u0105 budow\u0119 ko\u015bcio\u0142a w Rajszewie.<\/li>\n<\/ol>\n<p><!--more--><\/p>\n<ol start=\"3\">\n<li>Tydzie\u0144 temu zbierali\u015bmy ofiary do puszek na budow\u0119 \u015bwi\u0105tyni pod wezwaniem Opatrzno\u015bci Bo\u017cej w Warszawie. Zebrali\u015bmy 2475 z\u0142. Dzi\u0119kujemy wszystkim za wsparcie.<\/li>\n<\/ol>\n<ol start=\"4\">\n<li>Nabo\u017ce\u0144stwo ku czci Serca Pana Jezusa dzi\u015b o godz. 17.00, w dni powszednie po\u00a0Mszy \u015bwi\u0119tej wieczornej.<\/li>\n<\/ol>\n<ol start=\"5\">\n<li>Dzi\u015b po Mszy o godz. 11. 30 w domu parafialnym odb\u0119dzie si\u0119 spotkanie z\u00a0rodzicami dzieci, kt\u00f3re w przysz\u0142ym roku przyst\u0105pi\u0105 do I Spowiedzi i Komunii \u015bw. Natomiast o godz. 17.30 w domu parafialnym spotkanie os\u00f3b wyje\u017cd\u017caj\u0105cych na \u015aDM do Krakowa.<\/li>\n<\/ol>\n<ol start=\"6\">\n<li>We wtorek 14 czerwca w czasie wieczornej Mszy \u015bwi\u0119tej o godz. 18.00 za\u00a0 przyczyn\u0105 \u015bw.\u00a0Maksymiliana modli\u0107 si\u0119 b\u0119dziemy w intencji rodzic\u00f3w i ma\u0142\u017conk\u00f3w naszej parafii i\u00a0pielgrzymuj\u0105cych do\u00a0naszego Sanktuarium, szczeg\u00f3lnie tych, kt\u00f3re zawar\u0142y sakrament ma\u0142\u017ce\u0144stwa w miesi\u0105cu czerwcu.<\/li>\n<\/ol>\n<ol start=\"7\">\n<li>W sobot\u0119 zapraszamy wiernych na Apel Maryjny, kt\u00f3ry odprawiamy o godz. 21.00.<\/li>\n<\/ol>\n<ol start=\"8\">\n<li>W przysz\u0142\u0105 niedziel\u0119 19 czerwca po Mszy \u015bwi\u0119tej o godz. 10.00 odb\u0119dzie si\u0119 spotkanie Wsp\u00f3lnoty \u017bywego R\u00f3\u017ca\u0144ca w domu parafialnym.<\/li>\n<\/ol>\n<ol start=\"9\">\n<li>W przysz\u0142\u0105 niedziel\u0119 19 czerwca w Niepokalanowie odb\u0119dzie si\u0119 spotkanie Podw\u00f3rkowych K\u00f3\u0142ek R\u00f3\u017ca\u0144cowych. Spotkanie b\u0119dzie animowa\u0107 Madzia Buczek. O godz. 14.00 na placu przy o\u0142tarzu polowym odb\u0119dzie si\u0119 koncert, a o godz. 15.00 sprawowana b\u0119dzie Msza \u015awi\u0119ta.<\/li>\n<\/ol>\n<ol start=\"10\">\n<li>Zach\u0119camy, aby z\u0142o\u017cy\u0107 dzi\u015b podpisy pod projektem ustawy Obywatelskiej Inicjatywy Ustawodawczej \u201eStop Aborcji\u201d. Wi\u0119cej informacji przy stoliku na placu przed bazylik\u0105.<\/li>\n<\/ol>\n<ol start=\"11\">\n<li>Dzisiaj o godz. 15.00 na terenie Klasztoru Si\u00f3str Niepokalanek w Szymanowie odb\u0119dzie si\u0119 III Zjazd Pojazd\u00f3w Zabytkowych im.\u00a0ksi\u0119cia W\u0142adys\u0142awa Druckiego Lubeckiego.<\/li>\n<\/ol>\n","protected":false},"excerpt":{"rendered":"<p>W tym tygodniu w liturgii Ko\u015bcio\u0142a b\u0119dziemy obchodzi\u0107: 13 czerwca w poniedzia\u0142ek: \u015awi\u0119to \u015bw. Antoniego z Padwy, prezbitera i doktora Ko\u015bcio\u0142a; 14 czerwca we wtorek: Wspomnienie b\u0142. Micha\u0142a Kozala, biskupa [&hellip;]<\/p>\n","protected":false},"author":1,"featured_media":6218,"comment_status":"closed","ping_status":"open","sticky":false,"template":"","format":"standard","meta":{"footnotes":""},"categories":[1],"tags":[],"class_list":["post-6217","post","type-post","status-publish","format-standard","has-post-thumbnail","hentry","category-bez-kategorii"],"_links":{"self":[{"href":"https:\/\/parafia.niepokalanow.pl\/index.php?rest_route=\/wp\/v2\/posts\/6217","targetHints":{"allow":["GET"]}}],"collection":[{"href":"https:\/\/parafia.niepokalanow.pl\/index.php?rest_route=\/wp\/v2\/posts"}],"about":[{"href":"https:\/\/parafia.niepokalanow.pl\/index.php?rest_route=\/wp\/v2\/types\/post"}],"author":[{"embeddable":true,"href":"https:\/\/parafia.niepokalanow.pl\/index.php?rest_route=\/wp\/v2\/users\/1"}],"replies":[{"embeddable":true,"href":"https:\/\/parafia.niepokalanow.pl\/index.php?rest_route=%2Fwp%2Fv2%2Fcomments&post=6217"}],"version-history":[{"count":0,"href":"https:\/\/parafia.niepokalanow.pl\/index.php?rest_route=\/wp\/v2\/posts\/6217\/revisions"}],"wp:featuredmedia":[{"embeddable":true,"href":"https:\/\/parafia.niepokalanow.pl\/index.php?rest_route=\/wp\/v2\/media\/6218"}],"wp:attachment":[{"href":"https:\/\/parafia.niepokalanow.pl\/index.php?rest_route=%2Fwp%2Fv2%2Fmedia&parent=6217"}],"wp:term":[{"taxonomy":"category","embeddable":true,"href":"https:\/\/parafia.niepokalanow.pl\/index.php?rest_route=%2Fwp%2Fv2%2Fcategories&post=6217"},{"taxonomy":"post_tag","embeddable":true,"href":"https:\/\/parafia.niepokalanow.pl\/index.php?rest_route=%2Fwp%2Fv2%2Ftags&post=6217"}],"curies":[{"name":"wp","href":"https:\/\/api.w.org\/{rel}","templated":true}]}}