{"id":6201,"date":"2016-06-04T20:52:34","date_gmt":"2016-06-04T18:52:34","guid":{"rendered":"http:\/\/parafia.niepokalanow.pl\/?p=6201"},"modified":"2016-06-04T20:52:34","modified_gmt":"2016-06-04T18:52:34","slug":"x-niedziela-w-ciagu-roku","status":"publish","type":"post","link":"https:\/\/parafia.niepokalanow.pl\/?p=6201","title":{"rendered":"X niedziela w ci\u0105gu roku"},"content":{"rendered":"<p>1. W tym tygodniu w liturgii Ko\u015bcio\u0142a b\u0119dziemy obchodzi\u0107:<br \/>\n\u2022 8 czerwca w \u015brod\u0119: Wspomnienie \u015bw. Jadwigi, Kr\u00f3lowej;<br \/>\n\u2022 9 czerwca w czwartek: \u015awi\u0119to rocznicy po\u015bwi\u0119cenia bazyliki metropolitalnej w Warszawie;<br \/>\n\u2022 10 czerwca w pi\u0105tek: Wspomnienie b\u0142. Bogumi\u0142a, biskupa;<br \/>\n\u2022 11 czerwca w sobot\u0119: Wspomnienie \u015bw. Barnaby, aposto\u0142a.<\/p>\n<p>2. Dzi\u015b IX Dzie\u0144 Dzi\u0119kczynienia za opiek\u0119 Bo\u017c\u0105 nad nasz\u0105 Ojczyzn\u0105 i Ko\u015bcio\u0142em w Polsce. Swoimi modlitwami i ofiarami do puszek wspieramy budow\u0119 \u015bwi\u0105tyni pod wezwaniem Opatrzno\u015bci Bo\u017cej w Warszawie, wznoszonej jako wotum wdzi\u0119czno\u015bci Polak\u00f3w.<\/p>\n<p><!--more--><\/p>\n<p>3. Nabo\u017ce\u0144stwo ku czci Serca Pana Jezusa dzi\u015b o godz. 17.00 z racji I niedzieli miesi\u0105ca b\u0119dzie po\u0142\u0105czone z procesj\u0105 eucharystyczn\u0105, dlatego zapraszamy asyst\u0119, biel i dziewczynki do sypania kwiatk\u00f3w. W tygodniu nabo\u017ce\u0144stwo czerwcowe odprawiamy po Mszy \u015bwi\u0119tej wieczornej.<\/p>\n<p>4. 9 czerwca w czwartek m\u0142odzie\u017c naszej parafii podczas Mszy \u015bwi\u0119tej o godz. 18.00 otrzyma z r\u0105k Ks. Kard. Kazimierza Nycza, arcybiskupa warszawskiego, sakrament bierzmowania. Spowied\u017a dla kandydat\u00f3w, \u015bwiadk\u00f3w i ich rodzin w \u015brod\u0119 od godz. 16.00 do 18.00.<br \/>\n5. W sobot\u0119 odb\u0119dzie si\u0119 Nocna pielgrzymka z Miedniewic do Niepokalanowa oraz nocne czuwanie w bazylice. Msza \u015bw. poranna w niedziel\u0119 b\u0119dzie sprawowana o godz. 5.45.<\/p>\n<p>6. W sobot\u0119 zapraszamy wiernych na Apel Maryjny, kt\u00f3ry odprawiamy o godz. 21.00.<\/p>\n<p>7. Za tydzie\u0144 w niedziel\u0119 po Mszy o godz. 11. 30 w domu parafialnym odb\u0119dzie si\u0119 spotkanie z rodzicami dzieci, kt\u00f3re w przysz\u0142ym roku przyst\u0105pi\u0105 do I Komunii i spowiedzi \u015bw. Natomiast o godz. 17.30 w domu parafialnym spotkanie os\u00f3b wyje\u017cd\u017caj\u0105cych na \u015aDM.<\/p>\n<p>8. Dzia\u0142aj\u0105cy w naszym klasztorze w ramach Wydzia\u0142u Teologicznego UKSW Instytut Maryjno-Kolbia\u0144ski \u201eKolbianum\u201d, zaprasza do podj\u0119cia niestacjonarnych studi\u00f3w z mariologii. Studia s\u0105 adresowane do os\u00f3b duchownych, jak i \u015bwieckich. Instytut prowadzi: studia doktoranckie z teologii ze specjalno\u015bci mariologia \u2013 dla os\u00f3b posiadaj\u0105cych tytu\u0142 magistra z teologii, oraz studia podyplomowe z mariologii dla wszystkich, kt\u00f3rzy posiadaj\u0105 dyplom magistra b\u0105d\u017a licencjata zawodowego z jakiejkolwiek innej dziedziny wiedzy. O studiach informuje baner przed bazylik\u0105, plakat w gablocie oraz foldery dost\u0119pne na furcie klasztornej i w informacji. S\u0105 tam te\u017c podane strony internetowe oraz numery telefon\u00f3w, pod kt\u00f3rymi mo\u017cna zaczerpn\u0105\u0107 informacji. Mo\u017cna te\u017c bezpo\u015brednio kontaktowa\u0107 si\u0119 z o. Grzegorzem Bartosikiem lub o. Paw\u0142em Warcho\u0142em.<\/p>\n<p>9. W minionym tygodniu odszed\u0142 do wieczno\u015bci: \u015bp. Cezary Guzik l. 42 z Teresina. Wieczny odpoczynek racz mu da\u0107 Panie\u2026<\/p>\n<p>10. Akt Zawierzenia\u2026<\/p>\n","protected":false},"excerpt":{"rendered":"<p>1. W tym tygodniu w liturgii Ko\u015bcio\u0142a b\u0119dziemy obchodzi\u0107: \u2022 8 czerwca w \u015brod\u0119: Wspomnienie \u015bw. Jadwigi, Kr\u00f3lowej; \u2022 9 czerwca w czwartek: \u015awi\u0119to rocznicy po\u015bwi\u0119cenia bazyliki metropolitalnej w Warszawie; [&hellip;]<\/p>\n","protected":false},"author":1,"featured_media":6202,"comment_status":"closed","ping_status":"open","sticky":false,"template":"","format":"standard","meta":{"footnotes":""},"categories":[1],"tags":[],"class_list":["post-6201","post","type-post","status-publish","format-standard","has-post-thumbnail","hentry","category-bez-kategorii"],"_links":{"self":[{"href":"https:\/\/parafia.niepokalanow.pl\/index.php?rest_route=\/wp\/v2\/posts\/6201","targetHints":{"allow":["GET"]}}],"collection":[{"href":"https:\/\/parafia.niepokalanow.pl\/index.php?rest_route=\/wp\/v2\/posts"}],"about":[{"href":"https:\/\/parafia.niepokalanow.pl\/index.php?rest_route=\/wp\/v2\/types\/post"}],"author":[{"embeddable":true,"href":"https:\/\/parafia.niepokalanow.pl\/index.php?rest_route=\/wp\/v2\/users\/1"}],"replies":[{"embeddable":true,"href":"https:\/\/parafia.niepokalanow.pl\/index.php?rest_route=%2Fwp%2Fv2%2Fcomments&post=6201"}],"version-history":[{"count":0,"href":"https:\/\/parafia.niepokalanow.pl\/index.php?rest_route=\/wp\/v2\/posts\/6201\/revisions"}],"wp:featuredmedia":[{"embeddable":true,"href":"https:\/\/parafia.niepokalanow.pl\/index.php?rest_route=\/wp\/v2\/media\/6202"}],"wp:attachment":[{"href":"https:\/\/parafia.niepokalanow.pl\/index.php?rest_route=%2Fwp%2Fv2%2Fmedia&parent=6201"}],"wp:term":[{"taxonomy":"category","embeddable":true,"href":"https:\/\/parafia.niepokalanow.pl\/index.php?rest_route=%2Fwp%2Fv2%2Fcategories&post=6201"},{"taxonomy":"post_tag","embeddable":true,"href":"https:\/\/parafia.niepokalanow.pl\/index.php?rest_route=%2Fwp%2Fv2%2Ftags&post=6201"}],"curies":[{"name":"wp","href":"https:\/\/api.w.org\/{rel}","templated":true}]}}