{"id":6138,"date":"2016-05-28T16:35:23","date_gmt":"2016-05-28T14:35:23","guid":{"rendered":"http:\/\/parafia.niepokalanow.pl\/?p=6138"},"modified":"2016-05-28T16:36:39","modified_gmt":"2016-05-28T14:36:39","slug":"ix-niedziela-w-ciagu-roku","status":"publish","type":"post","link":"https:\/\/parafia.niepokalanow.pl\/?p=6138","title":{"rendered":"IX Niedziela w ci\u0105gu roku"},"content":{"rendered":"<ol>\n<li>W tym tygodniu w liturgii Ko\u015bcio\u0142a b\u0119dziemy obchodzi\u0107:<\/li>\n<\/ol>\n<ul>\n<li>31 maja we wtorek: \u015awi\u0119to Nawiedzenia NMP;<\/li>\n<li>1 czerwca w \u015brod\u0119: Wspomnienie \u015bw. Justyna, m\u0119czennika;<\/li>\n<li>3 czerwca w pi\u0105tek: Uroczysto\u015b\u0107 Naj\u015bwi\u0119tszego Serca Pana Jezusa;<\/li>\n<li>4 czerwca w sobot\u0119: Wspomnienie Niepokalanego Serca NMP.<\/li>\n<\/ul>\n<p><!--more--><\/p>\n<ol>\n<li>Trwamy w Oktawie Bo\u017cego Cia\u0142a i nowennie przed \u015awi\u0119tem Dzi\u0119kczynienia. W tym tygodniu nabo\u017ce\u0144stwa wieczorne b\u0119d\u0105 po\u0142\u0105czone z procesj\u0105 eucharystyczn\u0105 \u2013 w niedziel\u0119 o godz. 17.00, w ci\u0105gu tygodnia po Mszy \u015bw. wieczornej ok. 18.30. W \u015brod\u0119 rozpoczniemy nabo\u017ce\u0144stwa ku czci Naj\u015bwi\u0119tszego Serca Pana Jezusa. Zach\u0119camy i zapraszamy do licznego udzia\u0142u w nabo\u017ce\u0144stwach i procesji. W czwartek, w ostatni dzie\u0144 oktawy uroczysto\u015bci Naj\u015bwi\u0119tszego Cia\u0142a i Krwi Chrystusa po procesji \u2013 b\u0142ogos\u0142awie\u0144stwo wiank\u00f3w.<\/li>\n<li>W poniedzia\u0142ek 30 maja o godz. 11.00 wraz z uczniami, nauczycielami i pracownikami Zespo\u0142u Szk\u00f3\u0142 im. Stefana Kard. Wyszy\u0144skiego Prymasa Tysi\u0105clecia w Teresinie b\u0119dziemy modli\u0107 si\u0119 na Mszy \u015bwi\u0119tej o\u00a0Bo\u017ce b\u0142ogos\u0142awie\u0144stwo dla nich w dniu \u015bwi\u0119ta szko\u0142y.<\/li>\n<li>Dzi\u015b podczas Mszy \u015bw. o godz. 19.00 i na nabo\u017ce\u0144stwie po\u00a0Mszy \u015bwi\u0119tej modli\u0107\u00a0si\u0119 b\u0119dziemy o\u00a0\u0142ask\u0119 uzdro\u00adwienia duszy i cia\u0142a. Zapraszamy na\u00a0wsp\u00f3ln\u0105 modlitw\u0119.<\/li>\n<li>W czwartek o godz. 9.00 zostanie odprawiona Msza \u015bw. w intencji rolnik\u00f3w naszej parafii. B\u0119dziemy prosi\u0107 Boga o dobre urodzaje i szcz\u0119\u015bliwe zbiory, a po Mszy \u015bw. nast\u0105pi po\u015bwi\u0119cenie p\u00f3l w miejscowo\u015bciach: Granice, ul. Stra\u017cacka, Seroki Wie\u015b, Seroki Parcela, Ludwik\u00f3w. Po\u015bwi\u0119cenie p\u00f3l w Topo\u0142owej we wtorek o godz. 19.30.<\/li>\n<li>Z okazji Dnia Dziecka Urz\u0105d Gminy Teresin serdecznie zaprasza w sobot\u0119 4 czerwca na\u00a0festyn \u201eRODZINA RAZEM\u201d. Pocz\u0105tek \u2013 godz. 15.00 (plac po starej szkole podstawowej w Teresinie). Szczeg\u00f3\u0142y na plakacie w gablocie.<\/li>\n<li>Za tydzie\u0144 po Mszach \u015bwi\u0119tych b\u0119d\u0105 zbierane ofiary do puszek na \u015bwi\u0105tyni\u0119 Opatrzno\u015bci Bo\u017cej.<\/li>\n<li>W pi\u0105tek \u2013 uroczysto\u015b\u0107 Naj\u015bwi\u0119tszego Serca Pana Jezusa. Jest to jednocze\u015bnie <strong>I pi\u0105tek<\/strong> miesi\u0105ca. Zach\u0119camy do adoracji Naj\u015bwi\u0119tszego Sakramentu od 8.30 do 17.00, jak\u00a0r\u00f3wnie\u017c do spowiedzi i Komunii \u015bw. Spowied\u017a dla dzieci i\u00a0m\u0142odzie\u017cy od\u00a0godz.\u00a016.30, a\u00a0o\u00a0godz. 17.00 Msza \u015bwi\u0119ta; w Budkach Piaseckich spowied\u017a o\u00a0godz. 16.30, a\u00a0o godz. 17.00 Msza \u015bw. W\u00a0I\u00a0pi\u0105tek udamy si\u0119 z pos\u0142ug\u0105 sakramentaln\u0105 do\u00a0wszystkich chorych w naszej parafii. Ze\u00a0wzgl\u0119du na uroczysto\u015b\u0107 nie obowi\u0105zuje wstrzemi\u0119\u017aliwo\u015b\u0107 od spo\u017cywania mi\u0119sa. W\u00a0<strong>I\u00a0sobot\u0119<\/strong> w\u00a0kaplicy \u2013 Sanktuarium \u015bw.\u00a0Maksymiliana o\u00a0godz.\u00a09.00 b\u0119dzie Msza \u015bw. o\u00a0Niepokalanym Sercu NMP, potem konferencja i R\u00f3\u017caniec. R\u00f3wnie\u017c w tym dniu w\u00a0bazylice po Mszy \u015bwi\u0119tej o\u00a0godz. 11.00 b\u0119dzie wystawienie Naj\u015bwi\u0119tszego Sakramentu i\u00a0r\u00f3\u017caniec wynagradzaj\u0105cy Niepokalanemu Sercu Maryi.<\/li>\n<li>W sobot\u0119 zapraszamy wiernych na Apel Maryjny, kt\u00f3ry odprawiamy o godz. 21.00.<\/li>\n<\/ol>\n","protected":false},"excerpt":{"rendered":"<p>W tym tygodniu w liturgii Ko\u015bcio\u0142a b\u0119dziemy obchodzi\u0107: 31 maja we wtorek: \u015awi\u0119to Nawiedzenia NMP; 1 czerwca w \u015brod\u0119: Wspomnienie \u015bw. Justyna, m\u0119czennika; 3 czerwca w pi\u0105tek: Uroczysto\u015b\u0107 Naj\u015bwi\u0119tszego Serca [&hellip;]<\/p>\n","protected":false},"author":1,"featured_media":6139,"comment_status":"closed","ping_status":"open","sticky":false,"template":"","format":"standard","meta":{"footnotes":""},"categories":[1],"tags":[],"class_list":["post-6138","post","type-post","status-publish","format-standard","has-post-thumbnail","hentry","category-bez-kategorii"],"_links":{"self":[{"href":"https:\/\/parafia.niepokalanow.pl\/index.php?rest_route=\/wp\/v2\/posts\/6138","targetHints":{"allow":["GET"]}}],"collection":[{"href":"https:\/\/parafia.niepokalanow.pl\/index.php?rest_route=\/wp\/v2\/posts"}],"about":[{"href":"https:\/\/parafia.niepokalanow.pl\/index.php?rest_route=\/wp\/v2\/types\/post"}],"author":[{"embeddable":true,"href":"https:\/\/parafia.niepokalanow.pl\/index.php?rest_route=\/wp\/v2\/users\/1"}],"replies":[{"embeddable":true,"href":"https:\/\/parafia.niepokalanow.pl\/index.php?rest_route=%2Fwp%2Fv2%2Fcomments&post=6138"}],"version-history":[{"count":0,"href":"https:\/\/parafia.niepokalanow.pl\/index.php?rest_route=\/wp\/v2\/posts\/6138\/revisions"}],"wp:featuredmedia":[{"embeddable":true,"href":"https:\/\/parafia.niepokalanow.pl\/index.php?rest_route=\/wp\/v2\/media\/6139"}],"wp:attachment":[{"href":"https:\/\/parafia.niepokalanow.pl\/index.php?rest_route=%2Fwp%2Fv2%2Fmedia&parent=6138"}],"wp:term":[{"taxonomy":"category","embeddable":true,"href":"https:\/\/parafia.niepokalanow.pl\/index.php?rest_route=%2Fwp%2Fv2%2Fcategories&post=6138"},{"taxonomy":"post_tag","embeddable":true,"href":"https:\/\/parafia.niepokalanow.pl\/index.php?rest_route=%2Fwp%2Fv2%2Ftags&post=6138"}],"curies":[{"name":"wp","href":"https:\/\/api.w.org\/{rel}","templated":true}]}}